{"id":1069699,"date":"2025-10-31T19:38:12","date_gmt":"2025-10-31T19:38:12","guid":{"rendered":"https:\/\/dimensionturistica.com\/es\/?p=1069699"},"modified":"2025-10-31T19:38:12","modified_gmt":"2025-10-31T19:38:12","slug":"un-otono-para-reconectar-gastronomia-bienestar-y-naturaleza-en-marbella-club","status":"publish","type":"post","link":"https:\/\/dimensionturistica.com\/es\/un-otono-para-reconectar-gastronomia-bienestar-y-naturaleza-en-marbella-club\/","title":{"rendered":"Un oto\u00f1o para reconectar: gastronom\u00eda, bienestar y naturaleza en\u00a0Marbella Club"},"content":{"rendered":"\n<figure class=\"wp-block-gallery has-nested-images columns-default is-cropped wp-block-gallery-1 is-layout-flex wp-block-gallery-is-layout-flex\">\n<figure class=\"wp-block-image size-large\"><img decoding=\"async\" width=\"500\" height=\"283\" data-id=\"1069700\" src=\"https:\/\/dimensionturistica.com\/es\/wp-content\/uploads\/2025\/10\/6FOTO.jpg\" alt=\"\" class=\"wp-image-1069700\" srcset=\"https:\/\/dimensionturistica.com\/es\/wp-content\/uploads\/2025\/10\/6FOTO.jpg 500w, https:\/\/dimensionturistica.com\/es\/wp-content\/uploads\/2025\/10\/6FOTO-300x170.jpg 300w\" sizes=\"(max-width: 500px) 100vw, 500px\" \/><\/figure>\n<\/figure>\n\n\n\n<p>Entre jardines, huertos y la brisa del Mediterr\u00e1neo, el ic\u00f3nico Marbella Club presenta una temporada llena de experiencias sensoriales: vendimias, encuentros con chefs Michelin y rituales inspirados en la naturaleza, que celebran la conexi\u00f3n con el entorno y el arte de vivir bien.<\/p>\n\n\n\n<figure class=\"wp-block-gallery has-nested-images columns-default is-cropped wp-block-gallery-2 is-layout-flex wp-block-gallery-is-layout-flex\">\n<figure class=\"wp-block-image size-large\"><img decoding=\"async\" width=\"500\" height=\"748\" data-id=\"1069701\" src=\"https:\/\/dimensionturistica.com\/es\/wp-content\/uploads\/2025\/10\/66FOTO.jpg\" alt=\"\" class=\"wp-image-1069701\" srcset=\"https:\/\/dimensionturistica.com\/es\/wp-content\/uploads\/2025\/10\/66FOTO.jpg 500w, https:\/\/dimensionturistica.com\/es\/wp-content\/uploads\/2025\/10\/66FOTO-201x300.jpg 201w\" sizes=\"(max-width: 500px) 100vw, 500px\" \/><\/figure>\n<\/figure>\n\n\n\n<p>En los pr\u00f3ximos meses, Marbella Club se consolida como el escenario donde gastronom\u00eda, arte, bienestar y naturaleza se entrelazan para dar vida a experiencias \u00fanicas. Entre sus jardines bot\u00e1nicos y a orillas del Mediterr\u00e1neo, el legendario resort celebra los ritmos de cada estaci\u00f3n con propuestas que invitan a reconectar con el entorno y con uno mismo.<\/p>\n\n\n\n<p>Sabores que celebran la tierra<\/p>\n\n\n\n<figure class=\"wp-block-gallery has-nested-images columns-default is-cropped wp-block-gallery-3 is-layout-flex wp-block-gallery-is-layout-flex\">\n<figure class=\"wp-block-image size-large\"><img decoding=\"async\" width=\"500\" height=\"300\" data-id=\"1069702\" src=\"https:\/\/dimensionturistica.com\/es\/wp-content\/uploads\/2025\/10\/9FOTO.jpg\" alt=\"\" class=\"wp-image-1069702\" srcset=\"https:\/\/dimensionturistica.com\/es\/wp-content\/uploads\/2025\/10\/9FOTO.jpg 500w, https:\/\/dimensionturistica.com\/es\/wp-content\/uploads\/2025\/10\/9FOTO-300x180.jpg 300w\" sizes=\"(max-width: 500px) 100vw, 500px\" \/><\/figure>\n<\/figure>\n\n\n\n<p>El vino se convierte en hilo conductor con sus Wine Series, un ciclo guiado por el sommelier del hotel, \u00c1ngel Gonz\u00e1lez, que recorre el a\u00f1o a trav\u00e9s de distintas citas enol\u00f3gicas dedicadas al arte, la cultura y la tierra. La primera edici\u00f3n, celebrada en abril, rindi\u00f3 homenaje al arte malague\u00f1o con una cata junto a bodegas emblem\u00e1ticas de la regi\u00f3n, maridajes con obras del Museo Carmen Thyssen de M\u00e1laga y una exploraci\u00f3n sensorial en la que el vino se transform\u00f3 en una interpretaci\u00f3n l\u00edquida del color y la emoci\u00f3n de cada cuadro. El ciclo se &nbsp;contin\u00faa con la Fiesta de la Vendimia, el 18 de octubre en Finca Ana Mar\u00eda, una jornada que celebra las tradiciones de la cosecha. Los asistentes podr\u00e1n pisar la uva, degustar vinos j\u00f3venes, participar en talleres y disfrutar de un almuerzo al aire libre entre los jardines de la Finca Ana Mar\u00eda, uniendo tradici\u00f3n, sabor y celebraci\u00f3n.<\/p>\n\n\n\n<figure class=\"wp-block-gallery has-nested-images columns-default is-cropped wp-block-gallery-4 is-layout-flex wp-block-gallery-is-layout-flex\">\n<figure class=\"wp-block-image size-large\"><img decoding=\"async\" width=\"500\" height=\"759\" data-id=\"1069703\" src=\"https:\/\/dimensionturistica.com\/es\/wp-content\/uploads\/2025\/10\/11FOTO.jpg\" alt=\"\" class=\"wp-image-1069703\" srcset=\"https:\/\/dimensionturistica.com\/es\/wp-content\/uploads\/2025\/10\/11FOTO.jpg 500w, https:\/\/dimensionturistica.com\/es\/wp-content\/uploads\/2025\/10\/11FOTO-198x300.jpg 198w\" sizes=\"(max-width: 500px) 100vw, 500px\" \/><\/figure>\n<\/figure>\n\n\n\n<p>La cocina sostenible toma protagonismo con SustainTable, una iniciativa que convierte a Marbella Club en punto de encuentro entre la alta gastronom\u00eda y el respeto al entorno. A lo largo del a\u00f1o, el Chef Wellness Andr\u00e9s Ruiz recibe a distintos chefs con estrella Michelin de diferentes puntos de Espa\u00f1a para crear men\u00fas a cuatro manos inspirados en los cultivos ecol\u00f3gicos de la Finca Ana Mar\u00eda y en el paso de las estaciones. Cada edici\u00f3n rinde homenaje al producto local y a la cocina de temporada, con todos los beneficios destinados a la Fundaci\u00f3n Arboretum, liderada por el ecologista del hotel Alejandro Orioli y dedicada a la regeneraci\u00f3n ecol\u00f3gica y la educaci\u00f3n medioambiental. Tras los encuentros con Coco Montes (Pab\u00fa, Madrid) e Iago Pazos (Abastos, Santiago de Compostela), la edici\u00f3n de oto\u00f1o, el 25 de octubre, contar\u00e1 con la participaci\u00f3n de Iris Jord\u00e1n, chef del restaurante Ansils (Huesca), con una estrella Michelin. Junto a Andr\u00e9s Ruiz, preparar\u00e1 un almuerzo que celebra la cocina honesta y los ingredientes de cercan\u00eda. El ciclo cerrar\u00e1 en diciembre con Jes\u00fas Segura, del restaurante Casas Colgadas (Cuenca), tambi\u00e9n reconocido con estrella Michelin.<\/p>\n\n\n\n<p>Un viaje hacia el equilibrio<\/p>\n\n\n\n<figure class=\"wp-block-gallery has-nested-images columns-default is-cropped wp-block-gallery-5 is-layout-flex wp-block-gallery-is-layout-flex\">\n<figure class=\"wp-block-image size-large\"><img decoding=\"async\" width=\"500\" height=\"375\" data-id=\"1069704\" src=\"https:\/\/dimensionturistica.com\/es\/wp-content\/uploads\/2025\/10\/4FOTO.jpg\" alt=\"\" class=\"wp-image-1069704\" srcset=\"https:\/\/dimensionturistica.com\/es\/wp-content\/uploads\/2025\/10\/4FOTO.jpg 500w, https:\/\/dimensionturistica.com\/es\/wp-content\/uploads\/2025\/10\/4FOTO-300x225.jpg 300w\" sizes=\"(max-width: 500px) 100vw, 500px\" \/><\/figure>\n<\/figure>\n\n\n\n<p>El bienestar en Marbella Club se vive como un viaje continuo que integra cuerpo, mente y energ\u00eda. El programa Luminaries in Bloom re\u00fane a lo largo del a\u00f1o a expertos nacionales e internacionales que ofrecen experiencias destinadas a reconectar, escuchar y restaurar desde dentro. En los primeros meses, los hu\u00e9spedes disfrutaron de terapias acu\u00e1ticas con Pablo Olabe, pr\u00e1cticas som\u00e1ticas de Antonia Pilbrow y sesiones de restauraci\u00f3n energ\u00e9tica con Coco Maruno, basadas en la tradici\u00f3n zen y el yoga Kundalini. Durante los pr\u00f3ximos meses, el programa continuar\u00e1 con nuevas propuestas: en octubre, Viktorija Grige ofrecer\u00e1 tratamientos faciales Kobido combinados con t\u00e9cnicas miofasciales, dise\u00f1ados para liberar tensiones, redefinir el rostro y devolver luminosidad natural a la piel; en noviembre, regresar\u00e1 Sanctum con su experiencia de Movimiento Consciente, una pr\u00e1ctica que combina respiraci\u00f3n, intenci\u00f3n y secuencias f\u00edsicas para fomentar la autenticidad y cerrar el a\u00f1o en equilibrio; y en diciembre, Alexandra Demolling conducir\u00e1 una sesi\u00f3n de Dise\u00f1o Humano, una herramienta de autoconocimiento que interpreta la huella energ\u00e9tica de cada persona para ofrecer claridad emocional, aceptaci\u00f3n y una comprensi\u00f3n m\u00e1s profunda de uno mismo.<\/p>\n\n\n\n<figure class=\"wp-block-gallery has-nested-images columns-default is-cropped wp-block-gallery-6 is-layout-flex wp-block-gallery-is-layout-flex\">\n<figure class=\"wp-block-image size-large\"><img decoding=\"async\" width=\"500\" height=\"340\" data-id=\"1069705\" src=\"https:\/\/dimensionturistica.com\/es\/wp-content\/uploads\/2025\/10\/1FOTO.jpg\" alt=\"\" class=\"wp-image-1069705\" srcset=\"https:\/\/dimensionturistica.com\/es\/wp-content\/uploads\/2025\/10\/1FOTO.jpg 500w, https:\/\/dimensionturistica.com\/es\/wp-content\/uploads\/2025\/10\/1FOTO-300x204.jpg 300w\" sizes=\"(max-width: 500px) 100vw, 500px\" \/><\/figure>\n<\/figure>\n\n\n\n<p>Entre los jardines de Finca Ana Mar\u00eda, el Herbal Spa invita a una conexi\u00f3n m\u00e1s profunda con la naturaleza a trav\u00e9s de sus rituales bot\u00e1nicos, elaborados con plantas, flores y hierbas arom\u00e1ticas cultivadas en la finca. El Ritual Jard\u00edn de Flores, inspirado en aromas de rosa, jazm\u00edn y azahar, despierta la piel y eleva el \u00e1nimo; el Ritual Alma Mediterr\u00e1nea combina aceite de oliva, hierbas y c\u00edtricos para revitalizar cuerpo y mente; mientras que el Ritual del Descanso ofrece un refugio de calma con lavanda y manzanilla, ideal para cerrar el d\u00eda o completar una estancia de bienestar. Estas experiencias se complementan con ba\u00f1os de hielo y sauna, masajes con aceites naturales y almuerzos saludables en los huertos, conformando un refugio integral de autocuidado.<\/p>\n\n\n\n<p>Una forma consciente de vivir la naturaleza<\/p>\n\n\n\n<figure class=\"wp-block-gallery has-nested-images columns-default is-cropped wp-block-gallery-7 is-layout-flex wp-block-gallery-is-layout-flex\">\n<figure class=\"wp-block-image size-large\"><img decoding=\"async\" width=\"500\" height=\"318\" data-id=\"1069706\" src=\"https:\/\/dimensionturistica.com\/es\/wp-content\/uploads\/2025\/10\/3FOTO.jpg\" alt=\"\" class=\"wp-image-1069706\" srcset=\"https:\/\/dimensionturistica.com\/es\/wp-content\/uploads\/2025\/10\/3FOTO.jpg 500w, https:\/\/dimensionturistica.com\/es\/wp-content\/uploads\/2025\/10\/3FOTO-300x191.jpg 300w\" sizes=\"(max-width: 500px) 100vw, 500px\" \/><\/figure>\n<\/figure>\n\n\n\n<p>En Marbella Club, la sostenibilidad se vive a trav\u00e9s de gestos cotidianos y experiencias que invitan a conectar con la naturaleza. Desde un almuerzo en El Olivar by Chef Andr\u00e9s, donde los ingredientes se recogen directamente del huerto, hasta un paseo por los jardines y su biodiversidad, cada propuesta refleja el compromiso de la finca con su entorno y su esp\u00edritu mediterr\u00e1neo. Entre vino, arte, bienestar y tierra, Marbella Club sigue escribiendo nuevas p\u00e1ginas de su historia: un lugar donde cada estaci\u00f3n se celebra a trav\u00e9s de los sentidos y donde cada experiencia rinde homenaje a la vida en todas sus formas.<\/p>\n","protected":false},"excerpt":{"rendered":"<p>Entre jardines, huertos y la brisa del Mediterr\u00e1neo, el ic\u00f3nico Marbella Club presenta una temporada llena de experiencias sensoriales: vendimias, encuentros con chefs Michelin y rituales inspirados en la naturaleza, que celebran la conexi\u00f3n con el entorno y el arte de vivir bien. En los pr\u00f3ximos meses, Marbella Club se consolida como el escenario donde [&hellip;]<\/p>\n","protected":false},"author":1,"featured_media":0,"comment_status":"open","ping_status":"closed","sticky":false,"template":"","format":"standard","meta":{"om_disable_all_campaigns":false,"jnews-multi-image_gallery":[],"jnews_single_post":[],"jnews_primary_category":[],"jnews_social_meta":[],"footnotes":""},"categories":[39],"tags":[],"class_list":["post-1069699","post","type-post","status-publish","format-standard","hentry","category-viajes"],"_links":{"self":[{"href":"https:\/\/dimensionturistica.com\/es\/wp-json\/wp\/v2\/posts\/1069699","targetHints":{"allow":["GET"]}}],"collection":[{"href":"https:\/\/dimensionturistica.com\/es\/wp-json\/wp\/v2\/posts"}],"about":[{"href":"https:\/\/dimensionturistica.com\/es\/wp-json\/wp\/v2\/types\/post"}],"author":[{"embeddable":true,"href":"https:\/\/dimensionturistica.com\/es\/wp-json\/wp\/v2\/users\/1"}],"replies":[{"embeddable":true,"href":"https:\/\/dimensionturistica.com\/es\/wp-json\/wp\/v2\/comments?post=1069699"}],"version-history":[{"count":1,"href":"https:\/\/dimensionturistica.com\/es\/wp-json\/wp\/v2\/posts\/1069699\/revisions"}],"predecessor-version":[{"id":1069707,"href":"https:\/\/dimensionturistica.com\/es\/wp-json\/wp\/v2\/posts\/1069699\/revisions\/1069707"}],"wp:attachment":[{"href":"https:\/\/dimensionturistica.com\/es\/wp-json\/wp\/v2\/media?parent=1069699"}],"wp:term":[{"taxonomy":"category","embeddable":true,"href":"https:\/\/dimensionturistica.com\/es\/wp-json\/wp\/v2\/categories?post=1069699"},{"taxonomy":"post_tag","embeddable":true,"href":"https:\/\/dimensionturistica.com\/es\/wp-json\/wp\/v2\/tags?post=1069699"}],"curies":[{"name":"wp","href":"https:\/\/api.w.org\/{rel}","templated":true}]}}