{"id":1069631,"date":"2025-10-31T17:40:25","date_gmt":"2025-10-31T17:40:25","guid":{"rendered":"https:\/\/dimensionturistica.com\/es\/?p=1069631"},"modified":"2025-10-31T17:40:25","modified_gmt":"2025-10-31T17:40:25","slug":"la-salud-laboral-un-eje-clave-para-mejorar-la-calidad-de-vida-de-millones-de-mexicanos","status":"publish","type":"post","link":"https:\/\/dimensionturistica.com\/es\/la-salud-laboral-un-eje-clave-para-mejorar-la-calidad-de-vida-de-millones-de-mexicanos\/","title":{"rendered":"La salud laboral, un eje clave para mejorar la calidad de vida de millones de mexicanos"},"content":{"rendered":"\n<figure class=\"wp-block-gallery has-nested-images columns-default is-cropped wp-block-gallery-1 is-layout-flex wp-block-gallery-is-layout-flex\">\n<figure class=\"wp-block-image size-large\"><img decoding=\"async\" width=\"500\" height=\"333\" data-id=\"1069632\" src=\"https:\/\/dimensionturistica.com\/es\/wp-content\/uploads\/2025\/10\/555DIABETIS.jpg\" alt=\"\" class=\"wp-image-1069632\" srcset=\"https:\/\/dimensionturistica.com\/es\/wp-content\/uploads\/2025\/10\/555DIABETIS.jpg 500w, https:\/\/dimensionturistica.com\/es\/wp-content\/uploads\/2025\/10\/555DIABETIS-300x200.jpg 300w\" sizes=\"(max-width: 500px) 100vw, 500px\" \/><\/figure>\n<\/figure>\n\n\n\n<p>La diabetes sigue siendo uno de los mayores retos de salud p\u00fablica en M\u00e9xico y el mundo. Seg\u00fan la Federaci\u00f3n Internacional de Diabetes (IDF), 589 millones de personas viven con esta condici\u00f3n, y el 43% no lo sabe 1 , lo que aumenta el riesgo de complicaciones como enfermedad cardiovascular, da\u00f1o renal o discapacidad visual.<\/p>\n\n\n\n<p>En M\u00e9xico, la ENSANUT Continua 2023 estima que el 18.4% de los adultos vive con Diabetes tipo 2, pero 6% permanece sin diagnosticar 2 , lo que limita el acceso a tratamiento oportuno y mejores resultados en salud. Hoy, 7 de cada 10 adultos con diabetes se encuentran en edad productiva, lo que convierte a los centros de trabajo en un actor fundamental para mejorar la calidad de vida de millones de personas.<\/p>\n\n\n\n<figure class=\"wp-block-gallery has-nested-images columns-default is-cropped wp-block-gallery-2 is-layout-flex wp-block-gallery-is-layout-flex\">\n<figure class=\"wp-block-image size-large\"><img decoding=\"async\" width=\"500\" height=\"375\" data-id=\"1069639\" src=\"https:\/\/dimensionturistica.com\/es\/wp-content\/uploads\/2025\/10\/1DIABE.jpg\" alt=\"\" class=\"wp-image-1069639\" srcset=\"https:\/\/dimensionturistica.com\/es\/wp-content\/uploads\/2025\/10\/1DIABE.jpg 500w, https:\/\/dimensionturistica.com\/es\/wp-content\/uploads\/2025\/10\/1DIABE-300x225.jpg 300w\" sizes=\"(max-width: 500px) 100vw, 500px\" \/><\/figure>\n<\/figure>\n\n\n\n<p>M\u00e1s all\u00e1 de las cifras, vivir con diabetes implica retos cotidianos que van desde el acceso a atenci\u00f3n m\u00e9dica hasta las condiciones en las que las personas estudian, trabajan y se desenvuelven.<\/p>\n\n\n\n<p>Para la Federaci\u00f3n Mexicana de Diabetes, A.C., es fundamental reconocer estos desaf\u00edos para construir entornos que favorezcan el autocuidado, la salud emocional y el pleno desarrollo de quienes viven con esta condici\u00f3n.<\/p>\n\n\n\n<figure class=\"wp-block-gallery has-nested-images columns-default is-cropped wp-block-gallery-3 is-layout-flex wp-block-gallery-is-layout-flex\">\n<figure class=\"wp-block-image size-large\"><img decoding=\"async\" width=\"500\" height=\"703\" data-id=\"1069640\" src=\"https:\/\/dimensionturistica.com\/es\/wp-content\/uploads\/2025\/10\/7DIABE.jpg\" alt=\"\" class=\"wp-image-1069640\" srcset=\"https:\/\/dimensionturistica.com\/es\/wp-content\/uploads\/2025\/10\/7DIABE.jpg 500w, https:\/\/dimensionturistica.com\/es\/wp-content\/uploads\/2025\/10\/7DIABE-213x300.jpg 213w\" sizes=\"(max-width: 500px) 100vw, 500px\" \/><\/figure>\n<\/figure>\n\n\n\n<p>\u201cLa diabetes no debe ser motivo de limitaci\u00f3n ni de estigma. Cuando comprendemos los desaf\u00edos reales que enfrentan las personas, podemos crear entornos m\u00e1s humanos, accesibles e incluyentes, comenzando por los espacios donde convivimos todos los d\u00edas: el trabajo, la escuela y la familia\u201d, destac\u00f3 Gisela Ayala, directora ejecutiva de la Federaci\u00f3n Mexicana de Diabetes, A.C.<\/p>\n\n\n\n<p>Retos y realidades de la diabetes en el entorno laboral De acuerdo con la Federaci\u00f3n Internacional de Diabetes, existen diversos retos que pueden enfrentar las personas que viven con diabetes en el \u00e1mbito laboral. Compartimos los m\u00e1s importantes en el contexto mexicano:<\/p>\n\n\n\n<figure class=\"wp-block-gallery has-nested-images columns-default is-cropped wp-block-gallery-4 is-layout-flex wp-block-gallery-is-layout-flex\">\n<figure class=\"wp-block-image size-large\"><img decoding=\"async\" width=\"500\" height=\"784\" data-id=\"1069641\" src=\"https:\/\/dimensionturistica.com\/es\/wp-content\/uploads\/2025\/10\/8DIABE.jpg\" alt=\"\" class=\"wp-image-1069641\" srcset=\"https:\/\/dimensionturistica.com\/es\/wp-content\/uploads\/2025\/10\/8DIABE.jpg 500w, https:\/\/dimensionturistica.com\/es\/wp-content\/uploads\/2025\/10\/8DIABE-191x300.jpg 191w\" sizes=\"(max-width: 500px) 100vw, 500px\" \/><\/figure>\n<\/figure>\n\n\n\n<p>Reto 1: \u201cLa diabetes no afecta el desempe\u00f1o laboral\u201d Realidad: La diabetes puede generar desaf\u00edos significativos en el trabajo. Seg\u00fan la IDF, el 83% de las personas con diabetes teme desarrollar complicaciones, y 3 de cada 4 afectados por el agotamiento causado por la condici\u00f3n admiten haber interrumpido su tratamiento de la diabetes debido al estr\u00e9s o a sentirse abrumados 5 . En M\u00e9xico, donde la Poblaci\u00f3n Econ\u00f3micamente Activa (PEA) asciende a 61.1 millones de personas (INEGI, 2025) 4 , millones de trabajadores enfrentan ansiedad o depresi\u00f3n debido a la diabetes, afectando su productividad y bienestar.<\/p>\n\n\n\n<p>\u201cEn salauno trabajamos de la mano con la Federaci\u00f3n Mexicana de Diabetes, A.C. para promover entornos laborales m\u00e1s saludables e inclusivos. Nuestro compromiso es tambi\u00e9n invitar a las personas a cuidar su salud visual, ya que la salud integral es la base para un mejor desempe\u00f1o y calidad de vida\u201d, expres\u00f3 Manual D\u00edaz, director comercial de salauno.<\/p>\n\n\n\n<figure class=\"wp-block-gallery has-nested-images columns-default is-cropped wp-block-gallery-5 is-layout-flex wp-block-gallery-is-layout-flex\">\n<figure class=\"wp-block-image size-large\"><img decoding=\"async\" width=\"500\" height=\"784\" data-id=\"1069642\" src=\"https:\/\/dimensionturistica.com\/es\/wp-content\/uploads\/2025\/10\/9DIABE.jpg\" alt=\"\" class=\"wp-image-1069642\" srcset=\"https:\/\/dimensionturistica.com\/es\/wp-content\/uploads\/2025\/10\/9DIABE.jpg 500w, https:\/\/dimensionturistica.com\/es\/wp-content\/uploads\/2025\/10\/9DIABE-191x300.jpg 191w\" sizes=\"(max-width: 500px) 100vw, 500px\" \/><\/figure>\n<\/figure>\n\n\n\n<p>Reto 2: \u201cNo es necesario adaptar el entorno laboral para personas con diabetes\u201d Realidad: Las personas con diabetes enfrentan dificultades como acoso, falta de pausas para monitorear su glucosa o barreras para acudir a citas m\u00e9dicas 6 . En M\u00e9xico, el 54.6% de los trabajado labora en condiciones de informalidad (INEGI, 2025) 4 , lo que limita el acceso a pol\u00edticas laborales que apoyen el manejo de la diabetes, especialmente en estados como Oaxaca (81.1% de informalidad).<\/p>\n\n\n\n<p>Reto 3: \u201cEl diagn\u00f3stico y manejo de la diabetes no requieren tecnolog\u00eda avanzada\u201d Realidad: La tecnolog\u00eda es clave para mejorar el diagn\u00f3stico y tratamiento.<\/p>\n\n\n\n<figure class=\"wp-block-gallery has-nested-images columns-default is-cropped wp-block-gallery-6 is-layout-flex wp-block-gallery-is-layout-flex\">\n<figure class=\"wp-block-image size-large\"><img decoding=\"async\" width=\"500\" height=\"436\" data-id=\"1069643\" src=\"https:\/\/dimensionturistica.com\/es\/wp-content\/uploads\/2025\/10\/4DIABE.jpg\" alt=\"\" class=\"wp-image-1069643\" srcset=\"https:\/\/dimensionturistica.com\/es\/wp-content\/uploads\/2025\/10\/4DIABE.jpg 500w, https:\/\/dimensionturistica.com\/es\/wp-content\/uploads\/2025\/10\/4DIABE-300x262.jpg 300w\" sizes=\"(max-width: 500px) 100vw, 500px\" \/><\/figure>\n<\/figure>\n\n\n\n<p>En M\u00e9xico, s\u00f3lo el 27.7% de los adultos elegibles para tamizaje se realiz\u00f3 una prueba en el \u00faltimo a\u00f1o 2 (ENSANUT 2023).<\/p>\n\n\n\n<p>Herramientas como monitores continuos de glucosa, plataformas digitales y pruebas diagn\u00f3sticas avanzadas pueden mejorar la detecci\u00f3n temprana y el manejo de la glucosa, que actualmente alcanza s\u00f3lo al 25.8% de las personas diagnosticadas 1 .<\/p>\n\n\n\n<p>Reto 4: \u201cLa diabetes es un problema personal, no laboral\u201d<\/p>\n\n\n\n<figure class=\"wp-block-gallery has-nested-images columns-default is-cropped wp-block-gallery-7 is-layout-flex wp-block-gallery-is-layout-flex\">\n<figure class=\"wp-block-image size-large\"><img decoding=\"async\" width=\"500\" height=\"666\" data-id=\"1069644\" src=\"https:\/\/dimensionturistica.com\/es\/wp-content\/uploads\/2025\/10\/6DIABE.jpg\" alt=\"\" class=\"wp-image-1069644\" srcset=\"https:\/\/dimensionturistica.com\/es\/wp-content\/uploads\/2025\/10\/6DIABE.jpg 500w, https:\/\/dimensionturistica.com\/es\/wp-content\/uploads\/2025\/10\/6DIABE-225x300.jpg 225w\" sizes=\"(max-width: 500px) 100vw, 500px\" \/><\/figure>\n<\/figure>\n\n\n\n<p>Realidad: La falta de pol\u00edticas laborales inclusivas limita las oportunidades de desarrollo profesional. En M\u00e9xico, donde 24.6 millones de mujeres y 34.7 millones de hombres conforman la poblaci\u00f3n ocupada (INEGI, 2025) 4 , es crucial promover entornos laborales libres de estigma, con pausas adecuadas y acceso a atenci\u00f3n m\u00e9dica.<\/p>\n\n\n\n<p>\u201cVisibilizar los desaf\u00edos que enfrentan las personas con diabetes en el \u00e1mbito laboral nos permite impulsar pol\u00edticas y acciones m\u00e1s humanas. La educaci\u00f3n y la sensibilizaci\u00f3n son herramientas fundamentales para construir espacios laborales m\u00e1s justos y saludables para todos\u201d, concluy\u00f3 M\u00f3nica Hurtado, Gerente Acad\u00e9mica de la FMD.<\/p>\n\n\n\n<p>Finalmente, M\u00f3nica Tr\u00e1nsito, emprendedora que vive con Diabetes tipo 2 comparte que \u201cvivimos con diabetes, pero ese no debe ser un impedimento, al contrario debemos de seguir motivados y tener buena actitud ante la condici\u00f3n. Realmente no hay algo que nos detenga\u201d.<\/p>\n\n\n\n<figure class=\"wp-block-gallery has-nested-images columns-default is-cropped wp-block-gallery-8 is-layout-flex wp-block-gallery-is-layout-flex\">\n<figure class=\"wp-block-image size-large\"><img decoding=\"async\" width=\"500\" height=\"707\" data-id=\"1069645\" src=\"https:\/\/dimensionturistica.com\/es\/wp-content\/uploads\/2025\/10\/55DIABE.jpg\" alt=\"\" class=\"wp-image-1069645\" srcset=\"https:\/\/dimensionturistica.com\/es\/wp-content\/uploads\/2025\/10\/55DIABE.jpg 500w, https:\/\/dimensionturistica.com\/es\/wp-content\/uploads\/2025\/10\/55DIABE-212x300.jpg 212w\" sizes=\"(max-width: 500px) 100vw, 500px\" \/><\/figure>\n<\/figure>\n\n\n\n<p>Con este llamado, la Federaci\u00f3n Mexicana de Diabetes, A.C. reafirma la necesidad de que el sector salud, las empresas, los trabajadores y los tomadores de decisi\u00f3n colaboren para garantizar entornos laborales que protejan la salud y los derechos de quienes viven con diabetes. La creaci\u00f3n de espacios informados, emp\u00e1ticos y libres de estigma es clave para mejorar la calidad de vida y el desarrollo profesional de millones de personas en M\u00e9xico.<\/p>\n","protected":false},"excerpt":{"rendered":"<p>La diabetes sigue siendo uno de los mayores retos de salud p\u00fablica en M\u00e9xico y el mundo. Seg\u00fan la Federaci\u00f3n Internacional de Diabetes (IDF), 589 millones de personas viven con esta condici\u00f3n, y el 43% no lo sabe 1 , lo que aumenta el riesgo de complicaciones como enfermedad cardiovascular, da\u00f1o renal o discapacidad visual. [&hellip;]<\/p>\n","protected":false},"author":1,"featured_media":0,"comment_status":"open","ping_status":"closed","sticky":false,"template":"","format":"standard","meta":{"om_disable_all_campaigns":false,"jnews-multi-image_gallery":[],"jnews_single_post":{"format":"standard"},"jnews_primary_category":[],"jnews_social_meta":[],"footnotes":""},"categories":[40],"tags":[],"class_list":["post-1069631","post","type-post","status-publish","format-standard","hentry","category-industria"],"_links":{"self":[{"href":"https:\/\/dimensionturistica.com\/es\/wp-json\/wp\/v2\/posts\/1069631","targetHints":{"allow":["GET"]}}],"collection":[{"href":"https:\/\/dimensionturistica.com\/es\/wp-json\/wp\/v2\/posts"}],"about":[{"href":"https:\/\/dimensionturistica.com\/es\/wp-json\/wp\/v2\/types\/post"}],"author":[{"embeddable":true,"href":"https:\/\/dimensionturistica.com\/es\/wp-json\/wp\/v2\/users\/1"}],"replies":[{"embeddable":true,"href":"https:\/\/dimensionturistica.com\/es\/wp-json\/wp\/v2\/comments?post=1069631"}],"version-history":[{"count":1,"href":"https:\/\/dimensionturistica.com\/es\/wp-json\/wp\/v2\/posts\/1069631\/revisions"}],"predecessor-version":[{"id":1069646,"href":"https:\/\/dimensionturistica.com\/es\/wp-json\/wp\/v2\/posts\/1069631\/revisions\/1069646"}],"wp:attachment":[{"href":"https:\/\/dimensionturistica.com\/es\/wp-json\/wp\/v2\/media?parent=1069631"}],"wp:term":[{"taxonomy":"category","embeddable":true,"href":"https:\/\/dimensionturistica.com\/es\/wp-json\/wp\/v2\/categories?post=1069631"},{"taxonomy":"post_tag","embeddable":true,"href":"https:\/\/dimensionturistica.com\/es\/wp-json\/wp\/v2\/tags?post=1069631"}],"curies":[{"name":"wp","href":"https:\/\/api.w.org\/{rel}","templated":true}]}}