{"id":1069602,"date":"2025-10-31T16:36:12","date_gmt":"2025-10-31T16:36:12","guid":{"rendered":"https:\/\/dimensionturistica.com\/es\/?p=1069602"},"modified":"2025-10-31T16:36:12","modified_gmt":"2025-10-31T16:36:12","slug":"universal-assistance-mexico-da-la-bienvenida-a-diana-olivares-como-nueva-country-manager-y-anuncia-el-regreso-de-silvina-garcia-fillol-a-argentina","status":"publish","type":"post","link":"https:\/\/dimensionturistica.com\/es\/universal-assistance-mexico-da-la-bienvenida-a-diana-olivares-como-nueva-country-manager-y-anuncia-el-regreso-de-silvina-garcia-fillol-a-argentina\/","title":{"rendered":"Universal Assistance M\u00e9xico da la bienvenida a Diana Olivares como nueva Country Manager y anuncia el regreso de Silvina Garc\u00eda Fillol a Argentina"},"content":{"rendered":"\n<figure class=\"wp-block-gallery has-nested-images columns-default is-cropped wp-block-gallery-1 is-layout-flex wp-block-gallery-is-layout-flex\">\n<figure class=\"wp-block-image size-large\"><img decoding=\"async\" width=\"1024\" height=\"340\" data-id=\"1069603\" src=\"https:\/\/dimensionturistica.com\/es\/wp-content\/uploads\/2025\/10\/logos_ua_horizontal_baja-1024x340.jpg\" alt=\"\" class=\"wp-image-1069603\" srcset=\"https:\/\/dimensionturistica.com\/es\/wp-content\/uploads\/2025\/10\/logos_ua_horizontal_baja-1024x340.jpg 1024w, https:\/\/dimensionturistica.com\/es\/wp-content\/uploads\/2025\/10\/logos_ua_horizontal_baja-300x100.jpg 300w, https:\/\/dimensionturistica.com\/es\/wp-content\/uploads\/2025\/10\/logos_ua_horizontal_baja-768x255.jpg 768w, https:\/\/dimensionturistica.com\/es\/wp-content\/uploads\/2025\/10\/logos_ua_horizontal_baja-1536x510.jpg 1536w, https:\/\/dimensionturistica.com\/es\/wp-content\/uploads\/2025\/10\/logos_ua_horizontal_baja-750x249.jpg 750w, https:\/\/dimensionturistica.com\/es\/wp-content\/uploads\/2025\/10\/logos_ua_horizontal_baja-1140x378.jpg 1140w, https:\/\/dimensionturistica.com\/es\/wp-content\/uploads\/2025\/10\/logos_ua_horizontal_baja.jpg 1600w\" sizes=\"(max-width: 1024px) 100vw, 1024px\" \/><\/figure>\n<\/figure>\n\n\n\n<p>Tras tres a\u00f1os de liderazgo inspirador, dedicaci\u00f3n y resultados sobresalientes de la mano de Silvina Garc\u00eda Fillol, Universal Assistance M\u00e9xico anuncia a Diana Olivares como su nueva Country Manager.<\/p>\n\n\n\n<p>Durante su gesti\u00f3n, Silvina logr\u00f3 consolidar la presencia de Universal Assistance en el mercado mexicano, impulsando un crecimiento sostenido y fortaleciendo la relaci\u00f3n con el trade tur\u00edstico, socios estrat\u00e9gicos y canales de distribuci\u00f3n. Su liderazgo estuvo marcado por una profunda vocaci\u00f3n por el servicio y una visi\u00f3n comercial que posicionaron a la compa\u00f1\u00eda como referente de asistencia al viajero en el pa\u00eds.<\/p>\n\n\n\n<p>Silvina continuar\u00e1 su recorrido profesional manteniendo su rol como Directora de Canales Comerciales LATAM, con base en Argentina, desde el cual seguir\u00e1 contribuyendo al crecimiento regional de la compa\u00f1\u00eda.<\/p>\n\n\n\n<figure class=\"wp-block-gallery has-nested-images columns-default is-cropped wp-block-gallery-2 is-layout-flex wp-block-gallery-is-layout-flex\"><\/figure>\n\n\n\n<figure class=\"wp-block-gallery has-nested-images columns-default is-cropped wp-block-gallery-3 is-layout-flex wp-block-gallery-is-layout-flex\">\n<figure class=\"wp-block-image size-large\"><img decoding=\"async\" width=\"518\" height=\"336\" data-id=\"1069604\" src=\"https:\/\/dimensionturistica.com\/es\/wp-content\/uploads\/2025\/10\/1DIANA.jpg\" alt=\"\" class=\"wp-image-1069604\" srcset=\"https:\/\/dimensionturistica.com\/es\/wp-content\/uploads\/2025\/10\/1DIANA.jpg 518w, https:\/\/dimensionturistica.com\/es\/wp-content\/uploads\/2025\/10\/1DIANA-300x195.jpg 300w\" sizes=\"(max-width: 518px) 100vw, 518px\" \/><\/figure>\n<\/figure>\n\n\n\n<p>Al mismo tiempo, la empresa se complace en dar la bienvenida a Diana Olivares como su nueva Country Manager de M\u00e9xico. Diana cuenta con una trayectoria destacada en el sector tur\u00edstico y de viajes, con m\u00e1s de 26 a\u00f1os de experiencia en LATAM Airlines, donde ocup\u00f3 diversas posiciones clave de liderazgo y desarrollo estrat\u00e9gico en la regi\u00f3n.<\/p>\n\n\n\n<p>Su llegada representa una nueva etapa para la compa\u00f1\u00eda en el pa\u00eds, en la que se continuar\u00e1 apostando por la innovaci\u00f3n, la cercan\u00eda con los clientes y la b\u00fasqueda constante de excelencia en el servicio de acuerdo con el ADN que distingue a la corporaci\u00f3n.<\/p>\n\n\n\n<p>\u2019M\u00e9xico agradece a Silvina su gesti\u00f3n con enorme gratitud, cari\u00f1o y admiraci\u00f3n. Su paso deja una huella imborrable en el equipo\u201d destac\u00f3 Lourdes Croskey, Directora Comercial para M\u00e9xico, y a\u00f1adi\u00f3 \u201cEstamos entusiasmados de recibir y trabajar en conjunto con Diana, quien aportar\u00e1 una mirada estrat\u00e9gica y una enorme experiencia en el sector, la cual potenciar\u00e1 nuestro crecimiento\u201d.<\/p>\n","protected":false},"excerpt":{"rendered":"<p>Tras tres a\u00f1os de liderazgo inspirador, dedicaci\u00f3n y resultados sobresalientes de la mano de Silvina Garc\u00eda Fillol, Universal Assistance M\u00e9xico anuncia a Diana Olivares como su nueva Country Manager. Durante su gesti\u00f3n, Silvina logr\u00f3 consolidar la presencia de Universal Assistance en el mercado mexicano, impulsando un crecimiento sostenido y fortaleciendo la relaci\u00f3n con el trade [&hellip;]<\/p>\n","protected":false},"author":1,"featured_media":0,"comment_status":"open","ping_status":"closed","sticky":false,"template":"","format":"standard","meta":{"om_disable_all_campaigns":false,"jnews-multi-image_gallery":[],"jnews_single_post":{"format":"standard"},"jnews_primary_category":[],"jnews_social_meta":[],"footnotes":""},"categories":[39],"tags":[],"class_list":["post-1069602","post","type-post","status-publish","format-standard","hentry","category-viajes"],"_links":{"self":[{"href":"https:\/\/dimensionturistica.com\/es\/wp-json\/wp\/v2\/posts\/1069602","targetHints":{"allow":["GET"]}}],"collection":[{"href":"https:\/\/dimensionturistica.com\/es\/wp-json\/wp\/v2\/posts"}],"about":[{"href":"https:\/\/dimensionturistica.com\/es\/wp-json\/wp\/v2\/types\/post"}],"author":[{"embeddable":true,"href":"https:\/\/dimensionturistica.com\/es\/wp-json\/wp\/v2\/users\/1"}],"replies":[{"embeddable":true,"href":"https:\/\/dimensionturistica.com\/es\/wp-json\/wp\/v2\/comments?post=1069602"}],"version-history":[{"count":1,"href":"https:\/\/dimensionturistica.com\/es\/wp-json\/wp\/v2\/posts\/1069602\/revisions"}],"predecessor-version":[{"id":1069605,"href":"https:\/\/dimensionturistica.com\/es\/wp-json\/wp\/v2\/posts\/1069602\/revisions\/1069605"}],"wp:attachment":[{"href":"https:\/\/dimensionturistica.com\/es\/wp-json\/wp\/v2\/media?parent=1069602"}],"wp:term":[{"taxonomy":"category","embeddable":true,"href":"https:\/\/dimensionturistica.com\/es\/wp-json\/wp\/v2\/categories?post=1069602"},{"taxonomy":"post_tag","embeddable":true,"href":"https:\/\/dimensionturistica.com\/es\/wp-json\/wp\/v2\/tags?post=1069602"}],"curies":[{"name":"wp","href":"https:\/\/api.w.org\/{rel}","templated":true}]}}