{"id":1069587,"date":"2025-10-31T16:20:33","date_gmt":"2025-10-31T16:20:33","guid":{"rendered":"https:\/\/dimensionturistica.com\/es\/?p=1069587"},"modified":"2025-10-31T16:20:33","modified_gmt":"2025-10-31T16:20:33","slug":"diana-mulinelli-la-empresaria-con-vision-que-elevo-el-confort-y-el-lujo-de-la-hospitalidad","status":"publish","type":"post","link":"https:\/\/dimensionturistica.com\/es\/diana-mulinelli-la-empresaria-con-vision-que-elevo-el-confort-y-el-lujo-de-la-hospitalidad\/","title":{"rendered":"Diana Mulinelli, la empresaria con visi\u00f3n que elev\u00f3 el confort y el lujo de la hospitalidad"},"content":{"rendered":"\n<figure class=\"wp-block-gallery has-nested-images columns-default is-cropped wp-block-gallery-1 is-layout-flex wp-block-gallery-is-layout-flex\">\n<figure class=\"wp-block-image size-large\"><img decoding=\"async\" width=\"500\" height=\"124\" data-id=\"1069588\" src=\"https:\/\/dimensionturistica.com\/es\/wp-content\/uploads\/2025\/10\/1muli.jpg\" alt=\"\" class=\"wp-image-1069588\" srcset=\"https:\/\/dimensionturistica.com\/es\/wp-content\/uploads\/2025\/10\/1muli.jpg 500w, https:\/\/dimensionturistica.com\/es\/wp-content\/uploads\/2025\/10\/1muli-300x74.jpg 300w\" sizes=\"(max-width: 500px) 100vw, 500px\" \/><\/figure>\n<\/figure>\n\n\n\n<p>En un pa\u00eds donde la espera por un mueble de dise\u00f1o pod\u00eda extenderse por meses y donde el lujo parec\u00eda un privilegio reservado para unos pocos, Diana Mulinelli decidi\u00f3 cambiar las reglas. Su nombre, hoy sin\u00f3nimo de visi\u00f3n y precisi\u00f3n, es tambi\u00e9n el de una marca que ha transformado la manera de entender el confort, el dise\u00f1o y la hospitalidad en M\u00e9xico. Mulinelli naci\u00f3 de la idea de que el verdadero lujo est\u00e1 en la accesibilidad, la durabilidad y la belleza de lo funcional.<\/p>\n\n\n\n<figure class=\"wp-block-gallery has-nested-images columns-default is-cropped wp-block-gallery-2 is-layout-flex wp-block-gallery-is-layout-flex\">\n<figure class=\"wp-block-image size-large\"><img decoding=\"async\" width=\"500\" height=\"743\" data-id=\"1069589\" src=\"https:\/\/dimensionturistica.com\/es\/wp-content\/uploads\/2025\/10\/2muli.jpg\" alt=\"\" class=\"wp-image-1069589\" srcset=\"https:\/\/dimensionturistica.com\/es\/wp-content\/uploads\/2025\/10\/2muli.jpg 500w, https:\/\/dimensionturistica.com\/es\/wp-content\/uploads\/2025\/10\/2muli-202x300.jpg 202w\" sizes=\"(max-width: 500px) 100vw, 500px\" \/><\/figure>\n<\/figure>\n\n\n\n<p>Diana Mulinelli es caribe\u00f1a de nacimiento y mexicana por decisi\u00f3n. En su historia personal convergen la migraci\u00f3n, la adaptaci\u00f3n y una curiosidad inagotable por los sistemas que hacen que las cosas funcionen. Naci\u00f3 en Puerto Rico y creci\u00f3 en un entorno donde la educaci\u00f3n y los negocios eran una sola conversaci\u00f3n. Desde joven supo que su camino estar\u00eda marcado por la estrategia, el an\u00e1lisis y la capacidad de detectar oportunidades invisibles para otros. Su carrera la llev\u00f3 a distintos pa\u00edses y sectores (finanzas, dise\u00f1o, comercio) hasta encontrar en M\u00e9xico el punto exacto donde su visi\u00f3n y el mercado coincidieron.<\/p>\n\n\n\n<p>Fue aqu\u00ed donde Mulinelli cobr\u00f3 forma. Diana observ\u00f3 una brecha evidente: arquitectos, interioristas, desarrolladores y consumidores enfrentaban la misma frustraci\u00f3n. Las opciones eran pocas y extremas, o se eleg\u00edan piezas europeas costosas y de entrega tard\u00eda, o se optaba por mobiliario gen\u00e9rico y ef\u00edmero. En medio de esos polos, Mulinelli abri\u00f3 un nuevo camino. Una marca que une dise\u00f1o europeo, calidad excepcional y entrega inmediata, ofreciendo lo que parec\u00eda imposible: dise\u00f1o de alto nivel, sin esperas y a precios competitivos.<\/p>\n\n\n\n<p>La clave del \u00e9xito est\u00e1 en el modelo de negocio. En lugar de depender de procesos de fabricaci\u00f3n bajo pedido o de largos tiempos de importaci\u00f3n, Mulinelli opera bajo una premisa simple y disruptiva: stock disponible en M\u00e9xico. Cada pieza est\u00e1 lista para entregarse de inmediato, lo que elimina la ansiedad de la espera y convierte el acto de amueblar un espacio en una experiencia tangible y satisfactoria.<\/p>\n\n\n\n<figure class=\"wp-block-gallery has-nested-images columns-default is-cropped wp-block-gallery-3 is-layout-flex wp-block-gallery-is-layout-flex\">\n<figure class=\"wp-block-image size-large\"><img decoding=\"async\" width=\"500\" height=\"737\" data-id=\"1069590\" src=\"https:\/\/dimensionturistica.com\/es\/wp-content\/uploads\/2025\/10\/5LINA.jpg\" alt=\"\" class=\"wp-image-1069590\" srcset=\"https:\/\/dimensionturistica.com\/es\/wp-content\/uploads\/2025\/10\/5LINA.jpg 500w, https:\/\/dimensionturistica.com\/es\/wp-content\/uploads\/2025\/10\/5LINA-204x300.jpg 204w\" sizes=\"(max-width: 500px) 100vw, 500px\" \/><\/figure>\n<\/figure>\n\n\n\n<p>Pero detr\u00e1s de cada sof\u00e1, cada silla o cada comedor hay una mente meticulosa. Diana ha recorrido el mundo buscando las mejores f\u00e1bricas y socios de producci\u00f3n. Visit\u00f3 Foshan, la capital del mobiliario en Asia, y se abri\u00f3 paso entre fabricantes, procesos y materiales con una visi\u00f3n obsesiva por el detalle. Su enfoque fue el de una estratega, analizar m\u00e1rgenes, medir capacidades, filtrar proveedores. As\u00ed logr\u00f3 crear una red de colaboraci\u00f3n internacional que respalda cada pieza de Mulinelli con est\u00e1ndares de excelencia y tiempos de respuesta inmediatos.<\/p>\n\n\n\n<p>El resultado es una marca que encarna lo que en el mundo del dise\u00f1o se conoce como \u201clujo silencioso\u201d: una est\u00e9tica refinada, discreta y funcional que no necesita gritar para destacar. Los muebles de Mulinelli son honestos en su dise\u00f1o y s\u00f3lidos en su prop\u00f3sito. Piezas pensadas para acompa\u00f1ar la vida diaria y al mismo tiempo elevarla; resistentes para el uso hotelero, ergon\u00f3micas para el confort dom\u00e9stico y vers\u00e1tiles para adaptarse a los ritmos contempor\u00e1neos.<\/p>\n\n\n\n<p>Su showroom de mil metros cuadrados en la Ciudad de M\u00e9xico es la manifestaci\u00f3n f\u00edsica de esa filosof\u00eda. Un espacio donde las colecciones de interior y exterior conviven en armon\u00eda, donde la luz y las texturas se encuentran para crear una narrativa visual de confort, practicidad y elegancia. Aunque el proyecto naci\u00f3 con una l\u00f3gica B2B, dirigida a interioristas, desarrolladores y arquitectos, el showroom tambi\u00e9n abre sus puertas al p\u00fablico general. Porque el lujo, seg\u00fan Mulinelli, debe estar disponible, accesible y listo para disfrutarse.<\/p>\n\n\n\n<figure class=\"wp-block-gallery has-nested-images columns-default is-cropped wp-block-gallery-4 is-layout-flex wp-block-gallery-is-layout-flex\">\n<figure class=\"wp-block-image size-large\"><img decoding=\"async\" width=\"500\" height=\"748\" data-id=\"1069595\" src=\"https:\/\/dimensionturistica.com\/es\/wp-content\/uploads\/2025\/10\/33MULI.jpg\" alt=\"\" class=\"wp-image-1069595\" srcset=\"https:\/\/dimensionturistica.com\/es\/wp-content\/uploads\/2025\/10\/33MULI.jpg 500w, https:\/\/dimensionturistica.com\/es\/wp-content\/uploads\/2025\/10\/33MULI-201x300.jpg 201w\" sizes=\"(max-width: 500px) 100vw, 500px\" \/><\/figure>\n<\/figure>\n\n\n\n<p>Diana Mulinelli ha logrado algo poco com\u00fan: construir una marca s\u00f3lida sin buscar protagonismo. Su rostro se mantiene detr\u00e1s del producto, pero su huella est\u00e1 en cada decisi\u00f3n. Ha transformado un sector hist\u00f3ricamente dominado por hombres y por estructuras r\u00edgidas, demostrando que la visi\u00f3n empresarial tambi\u00e9n puede ser profundamente est\u00e9tica. Su liderazgo no es ruidoso, sino inteligente. Su discurso no se apoya en la moda, sino en la consistencia. Habla con conocimiento, con claridad y con una honestidad que se traduce directamente en el ADN de la marca.<\/p>\n\n\n\n<figure class=\"wp-block-gallery has-nested-images columns-default is-cropped wp-block-gallery-5 is-layout-flex wp-block-gallery-is-layout-flex\"><\/figure>\n\n\n\n<p>Desde M\u00e9xico, Mulinelli apunta hacia la expansi\u00f3n. Con planes de crecimiento en el segmento de mobiliario exterior y alianzas estrat\u00e9gicas en el sector hotelero, la marca comienza a posicionarse como un referente de lujo funcional en Am\u00e9rica Latina. Es una historia de dise\u00f1o, s\u00ed, pero tambi\u00e9n de estrategia, intuici\u00f3n y valent\u00eda.<\/p>\n\n\n\n<p>En un mercado saturado de promesas vac\u00edas, Mulinelli ofrece certeza. Certeza de calidad, de tiempos, de est\u00e9tica y de prop\u00f3sito. Diana Mulinelli ha demostrado que la hospitalidad tambi\u00e9n se construye desde la forma en que se habita el espacio, y que el confort puede ser una expresi\u00f3n de inteligencia. Su visi\u00f3n no se conforma con embellecer lugares; busca transformar la relaci\u00f3n entre las personas y los objetos que las rodean. En esa b\u00fasqueda, ha elevado el est\u00e1ndar del lujo contempor\u00e1neo en M\u00e9xico y ha redefinido lo que significa vivir rodeado de dise\u00f1o.<\/p>\n","protected":false},"excerpt":{"rendered":"<p>En un pa\u00eds donde la espera por un mueble de dise\u00f1o pod\u00eda extenderse por meses y donde el lujo parec\u00eda un privilegio reservado para unos pocos, Diana Mulinelli decidi\u00f3 cambiar las reglas. Su nombre, hoy sin\u00f3nimo de visi\u00f3n y precisi\u00f3n, es tambi\u00e9n el de una marca que ha transformado la manera de entender el confort, [&hellip;]<\/p>\n","protected":false},"author":1,"featured_media":0,"comment_status":"open","ping_status":"closed","sticky":false,"template":"","format":"standard","meta":{"om_disable_all_campaigns":false,"jnews-multi-image_gallery":[],"jnews_single_post":{"format":"standard"},"jnews_primary_category":[],"jnews_social_meta":[],"footnotes":""},"categories":[39],"tags":[],"class_list":["post-1069587","post","type-post","status-publish","format-standard","hentry","category-viajes"],"_links":{"self":[{"href":"https:\/\/dimensionturistica.com\/es\/wp-json\/wp\/v2\/posts\/1069587","targetHints":{"allow":["GET"]}}],"collection":[{"href":"https:\/\/dimensionturistica.com\/es\/wp-json\/wp\/v2\/posts"}],"about":[{"href":"https:\/\/dimensionturistica.com\/es\/wp-json\/wp\/v2\/types\/post"}],"author":[{"embeddable":true,"href":"https:\/\/dimensionturistica.com\/es\/wp-json\/wp\/v2\/users\/1"}],"replies":[{"embeddable":true,"href":"https:\/\/dimensionturistica.com\/es\/wp-json\/wp\/v2\/comments?post=1069587"}],"version-history":[{"count":1,"href":"https:\/\/dimensionturistica.com\/es\/wp-json\/wp\/v2\/posts\/1069587\/revisions"}],"predecessor-version":[{"id":1069596,"href":"https:\/\/dimensionturistica.com\/es\/wp-json\/wp\/v2\/posts\/1069587\/revisions\/1069596"}],"wp:attachment":[{"href":"https:\/\/dimensionturistica.com\/es\/wp-json\/wp\/v2\/media?parent=1069587"}],"wp:term":[{"taxonomy":"category","embeddable":true,"href":"https:\/\/dimensionturistica.com\/es\/wp-json\/wp\/v2\/categories?post=1069587"},{"taxonomy":"post_tag","embeddable":true,"href":"https:\/\/dimensionturistica.com\/es\/wp-json\/wp\/v2\/tags?post=1069587"}],"curies":[{"name":"wp","href":"https:\/\/api.w.org\/{rel}","templated":true}]}}