{"id":1069566,"date":"2025-10-31T16:03:55","date_gmt":"2025-10-31T16:03:55","guid":{"rendered":"https:\/\/dimensionturistica.com\/es\/?p=1069566"},"modified":"2025-10-31T16:03:55","modified_gmt":"2025-10-31T16:03:55","slug":"la-alianza-pionera-entre-loreal-mexico-matter-of-trust-y-el-bosque-de-chapultepec-para-la-limpieza-del-lago-de-chapultepec","status":"publish","type":"post","link":"https:\/\/dimensionturistica.com\/es\/la-alianza-pionera-entre-loreal-mexico-matter-of-trust-y-el-bosque-de-chapultepec-para-la-limpieza-del-lago-de-chapultepec\/","title":{"rendered":"La alianza pionera entre L&#8217;Or\u00e9al M\u00e9xico, Matter of Trust y el Bosque de Chapultepec para la limpieza del Lago de Chapultepec."},"content":{"rendered":"\n<figure class=\"wp-block-gallery has-nested-images columns-default is-cropped wp-block-gallery-1 is-layout-flex wp-block-gallery-is-layout-flex\">\n<figure class=\"wp-block-image size-large\"><img decoding=\"async\" width=\"500\" height=\"333\" data-id=\"1069567\" src=\"https:\/\/dimensionturistica.com\/es\/wp-content\/uploads\/2025\/10\/1loreal.jpg\" alt=\"\" class=\"wp-image-1069567\" srcset=\"https:\/\/dimensionturistica.com\/es\/wp-content\/uploads\/2025\/10\/1loreal.jpg 500w, https:\/\/dimensionturistica.com\/es\/wp-content\/uploads\/2025\/10\/1loreal-300x200.jpg 300w\" sizes=\"(max-width: 500px) 100vw, 500px\" \/><figcaption class=\"wp-element-caption\">Durione<\/figcaption><\/figure>\n<\/figure>\n\n\n\n<p>Gracias a la recolecci\u00f3n de cabello de los salones de belleza que trabajan con las marcas de Grupo L\u2019Or\u00e9al, el cabello se transforma en tapetes que pueden absorber hasta 8 veces su peso en contaminantes oleosos, transformando miles de toneladas de cabello de salones de belleza en herramientas de restauraci\u00f3n ambiental.<\/p>\n\n\n\n<figure class=\"wp-block-gallery has-nested-images columns-default is-cropped wp-block-gallery-2 is-layout-flex wp-block-gallery-is-layout-flex\">\n<figure class=\"wp-block-image size-large\"><img decoding=\"async\" width=\"500\" height=\"281\" data-id=\"1069568\" src=\"https:\/\/dimensionturistica.com\/es\/wp-content\/uploads\/2025\/10\/6LOREAL.jpg\" alt=\"\" class=\"wp-image-1069568\" srcset=\"https:\/\/dimensionturistica.com\/es\/wp-content\/uploads\/2025\/10\/6LOREAL.jpg 500w, https:\/\/dimensionturistica.com\/es\/wp-content\/uploads\/2025\/10\/6LOREAL-300x169.jpg 300w\" sizes=\"(max-width: 500px) 100vw, 500px\" \/><figcaption class=\"wp-element-caption\">ai<\/figcaption><\/figure>\n<\/figure>\n\n\n\n<p>Esta es la primera intervenci\u00f3n de Matter of Trust en M\u00e9xico, marcando el inicio de un modelo replicable que posiciona al Bosque de Chapultepec como pionero en Am\u00e9rica Latina en soluciones de econom\u00eda circular para limpieza de cuerpos de agua.<\/p>\n\n\n\n<figure class=\"wp-block-gallery has-nested-images columns-default is-cropped wp-block-gallery-3 is-layout-flex wp-block-gallery-is-layout-flex\">\n<figure class=\"wp-block-image size-large\"><img decoding=\"async\" width=\"560\" height=\"315\" data-id=\"1069569\" src=\"https:\/\/dimensionturistica.com\/es\/wp-content\/uploads\/2025\/10\/45LOREAL.jpg\" alt=\"\" class=\"wp-image-1069569\" srcset=\"https:\/\/dimensionturistica.com\/es\/wp-content\/uploads\/2025\/10\/45LOREAL.jpg 560w, https:\/\/dimensionturistica.com\/es\/wp-content\/uploads\/2025\/10\/45LOREAL-300x169.jpg 300w\" sizes=\"(max-width: 560px) 100vw, 560px\" \/><figcaption class=\"wp-element-caption\">hdr<\/figcaption><\/figure>\n<\/figure>\n\n\n\n<p>&nbsp;L&#8217;Or\u00e9al M\u00e9xico, Matter of Trust y el Bosque de Chapultepec a trav\u00e9s del Fideicomiso Pro Bosque de Chapultepec, presentaron hoy una soluci\u00f3n revolucionaria para la limpieza de cuerpos de agua: tapetes elaborados con cabello humano capaces de absorber contaminantes como aceites y otros residuos.<\/p>\n\n\n\n<figure class=\"wp-block-gallery has-nested-images columns-default is-cropped wp-block-gallery-4 is-layout-flex wp-block-gallery-is-layout-flex\">\n<figure class=\"wp-block-image size-large\"><img decoding=\"async\" width=\"500\" height=\"375\" data-id=\"1069573\" src=\"https:\/\/dimensionturistica.com\/es\/wp-content\/uploads\/2025\/10\/22LOREAL-1.jpg\" alt=\"\" class=\"wp-image-1069573\" srcset=\"https:\/\/dimensionturistica.com\/es\/wp-content\/uploads\/2025\/10\/22LOREAL-1.jpg 500w, https:\/\/dimensionturistica.com\/es\/wp-content\/uploads\/2025\/10\/22LOREAL-1-300x225.jpg 300w\" sizes=\"(max-width: 500px) 100vw, 500px\" \/><figcaption class=\"wp-element-caption\">hdr<\/figcaption><\/figure>\n<\/figure>\n\n\n\n<p>Durante la conferencia de prensa, realizada en el emblem\u00e1tico Bosque de Chapultepec, se llev\u00f3 a cabo una demostraci\u00f3n de c\u00f3mo estos tapetes ecol\u00f3gicos\u2014fabricados con cabello recolectado en salones afiliados al programa \u201cEstilistas por un Futuro\u201d de L\u2019Or\u00e9al\u2014pueden mejorar la calidad del agua del lago de forma natural y sustentable. En esta primera etapa se implementar\u00e1n 3 puntos de limpieza en cuerpos de agua del Bosque de Chapultepec.<\/p>\n\n\n\n<p>&#8220;Esta alianza representa una nueva era en la econom\u00eda circular de la industria de la belleza&#8221;, declar\u00f3 Araceli Becerril, directora de Responsabilidad Corporativa de L&#8217;Or\u00e9al M\u00e9xico. Con el lanzamiento del programa \u201cEstilistas por un Futuro\u201d de la Divisi\u00f3n de Productos Profesionales, estamos transformando lo que tradicionalmente era considerado residuo en una herramienta poderosa para la restauraci\u00f3n ambiental&#8221;.<\/p>\n\n\n\n<figure class=\"wp-block-gallery has-nested-images columns-default is-cropped wp-block-gallery-5 is-layout-flex wp-block-gallery-is-layout-flex\">\n<figure class=\"wp-block-image size-large\"><img decoding=\"async\" width=\"500\" height=\"432\" data-id=\"1069571\" src=\"https:\/\/dimensionturistica.com\/es\/wp-content\/uploads\/2025\/10\/7LOREAL-1.jpg\" alt=\"\" class=\"wp-image-1069571\" srcset=\"https:\/\/dimensionturistica.com\/es\/wp-content\/uploads\/2025\/10\/7LOREAL-1.jpg 500w, https:\/\/dimensionturistica.com\/es\/wp-content\/uploads\/2025\/10\/7LOREAL-1-300x259.jpg 300w\" sizes=\"(max-width: 500px) 100vw, 500px\" \/><figcaption class=\"wp-element-caption\">hdr<\/figcaption><\/figure>\n<\/figure>\n\n\n\n<p>A trav\u00e9s del programa &#8220;Estilistas por un Futuro&#8221;, L\u2019Or\u00e9al invita a todos los salones de belleza de M\u00e9xico a sumarse a la recolecci\u00f3n de cabello cortado y que as\u00ed los salones de belleza en todo el pa\u00eds sean un agente de cambio ambiental, mientras que convierten cada corte de cabello en una acci\u00f3n concreta por el planeta. Hoy, cadenas de salones emblem\u00e1ticas en M\u00e9xico como Leonora y Urban Curls, son pioneras en participar activamente en el programa de la mano de la Divisi\u00f3n de Productos Profesionales de L\u2019Or\u00e9al.<\/p>\n\n\n\n<figure class=\"wp-block-gallery has-nested-images columns-default is-cropped wp-block-gallery-6 is-layout-flex wp-block-gallery-is-layout-flex\">\n<figure class=\"wp-block-image size-large\"><img decoding=\"async\" width=\"500\" height=\"375\" data-id=\"1069572\" src=\"https:\/\/dimensionturistica.com\/es\/wp-content\/uploads\/2025\/10\/11LOREAL-1.jpg\" alt=\"\" class=\"wp-image-1069572\" srcset=\"https:\/\/dimensionturistica.com\/es\/wp-content\/uploads\/2025\/10\/11LOREAL-1.jpg 500w, https:\/\/dimensionturistica.com\/es\/wp-content\/uploads\/2025\/10\/11LOREAL-1-300x225.jpg 300w\" sizes=\"(max-width: 500px) 100vw, 500px\" \/><figcaption class=\"wp-element-caption\">hdr<\/figcaption><\/figure>\n<\/figure>\n\n\n\n<p>Lisa Craig, presidenta y Fundadora de Matter of Trust, destac\u00f3 que esta es la primera intervenci\u00f3n de la organizaci\u00f3n en M\u00e9xico. &#8220;Hemos utilizado exitosamente esta tecnolog\u00eda en derrames petroleros y limpieza de cuerpos de agua en diversas partes del mundo. El cabello humano tiene propiedades naturales extraordinarias para absorber aceites y contaminantes, y estamos emocionados de traer esta soluci\u00f3n a M\u00e9xico de la mano de L&#8217;Or\u00e9al y el Bosque de Chapultepec&#8221;.<\/p>\n\n\n\n<p>Mattia Carenini, CEO de Matter of Trust LATAM, a\u00f1adi\u00f3: &#8220;Este proyecto establece un modelo replicable para toda la regi\u00f3n. Cada sal\u00f3n de belleza puede convertirse en un centro de recolecci\u00f3n, cada estilista en un agente de cambio ambiental&#8221;.<\/p>\n\n\n\n<p>Para el Bosque de Chapultepec, este proyecto representa un avance significativo en sus esfuerzos de conservaci\u00f3n. Natasha Uren, Directora ejecutiva del Bosque de Chapultepec, explic\u00f3: &#8220;El lago de Chapultepec es un ecosistema vital para la Ciudad de M\u00e9xico. Esta intervenci\u00f3n no solo nos ayuda a mejorar la calidad del agua, sino que establece un precedente de colaboraci\u00f3n entre el sector privado y los espacios p\u00fablicos para el beneficio de todos los ciudadanos&#8221;.<\/p>\n\n\n\n<figure class=\"wp-block-gallery has-nested-images columns-default is-cropped wp-block-gallery-7 is-layout-flex wp-block-gallery-is-layout-flex\">\n<figure class=\"wp-block-image size-large\"><img decoding=\"async\" width=\"500\" height=\"333\" data-id=\"1069574\" src=\"https:\/\/dimensionturistica.com\/es\/wp-content\/uploads\/2025\/10\/2LOREAL-1.jpg\" alt=\"\" class=\"wp-image-1069574\" srcset=\"https:\/\/dimensionturistica.com\/es\/wp-content\/uploads\/2025\/10\/2LOREAL-1.jpg 500w, https:\/\/dimensionturistica.com\/es\/wp-content\/uploads\/2025\/10\/2LOREAL-1-300x200.jpg 300w\" sizes=\"(max-width: 500px) 100vw, 500px\" \/><figcaption class=\"wp-element-caption\">Durione<\/figcaption><\/figure>\n<\/figure>\n\n\n\n<p>Lilia Haua Miguel, Directora del Fideicomiso Pro Bosque de Chapultepec, afirm\u00f3: \u201cLas alianzas inteligentes fortalecen la conservaci\u00f3n y la mejora del Bosque de Chapultepec. Vincular la innovaci\u00f3n de la industria con la gesti\u00f3n ambiental del bosque nos permite acelerar resultados, escalar buenas pr\u00e1cticas y cuidar mejor el agua y la vida que \u00e9ste resguarda\u201d.<\/p>\n\n\n\n<p>Como parte del evento, educadores de la Divisi\u00f3n de Productos Profesionales de L&#8217;Or\u00e9al ofrecieron cortes de cabello gratuitos a los asistentes durante todo el d\u00eda. El 100% del cabello recolectado ser\u00e1 utilizado para dar continuidad a la limpieza del lago de Chapultepec, cerrando as\u00ed el ciclo de econom\u00eda circular.<\/p>\n\n\n\n<figure class=\"wp-block-gallery has-nested-images columns-default is-cropped wp-block-gallery-8 is-layout-flex wp-block-gallery-is-layout-flex\">\n<figure class=\"wp-block-image size-large\"><img decoding=\"async\" width=\"500\" height=\"333\" data-id=\"1069575\" src=\"https:\/\/dimensionturistica.com\/es\/wp-content\/uploads\/2025\/10\/3LOREAL-1.jpg\" alt=\"\" class=\"wp-image-1069575\" srcset=\"https:\/\/dimensionturistica.com\/es\/wp-content\/uploads\/2025\/10\/3LOREAL-1.jpg 500w, https:\/\/dimensionturistica.com\/es\/wp-content\/uploads\/2025\/10\/3LOREAL-1-300x200.jpg 300w\" sizes=\"(max-width: 500px) 100vw, 500px\" \/><figcaption class=\"wp-element-caption\">Durione<\/figcaption><\/figure>\n<\/figure>\n\n\n\n<p>Rebeca Serur, propietaria de los salones Urban Hair y participante activa del programa, comparti\u00f3 su experiencia: &#8220;Como due\u00f1os de salones de belleza, siempre buscamos hacer que nuestros clientes se vean y se sientan bien. Ahora, desde nuestro d\u00eda a d\u00eda tambi\u00e9n podemos contribuir a que nuestro trabajo tenga un impacto directo en el planeta y en generar un cambio en nuestro pa\u00eds. Es una extensi\u00f3n natural de nuestra profesi\u00f3n&#8221;.<\/p>\n\n\n\n<p>La alianza entre L\u2019Or\u00e9al, Matter of Trust y el Bosque de Chapultepec, a trav\u00e9s del Fideicomiso Pro Bosque de Chapultepec, busca inspirar a m\u00e1s salones de belleza en M\u00e9xico a unirse a esta iniciativa. Con miles de toneladas de cabello generadas anualmente en salones de todo el pa\u00eds, el potencial de impacto es significativo.<\/p>\n\n\n\n<figure class=\"wp-block-gallery has-nested-images columns-default is-cropped wp-block-gallery-9 is-layout-flex wp-block-gallery-is-layout-flex\">\n<figure class=\"wp-block-image size-large\"><img decoding=\"async\" width=\"1024\" height=\"424\" data-id=\"1069576\" src=\"https:\/\/dimensionturistica.com\/es\/wp-content\/uploads\/2025\/10\/Screenshot-20230503-at-50557-PM-1024x424.jpg\" alt=\"\" class=\"wp-image-1069576\" srcset=\"https:\/\/dimensionturistica.com\/es\/wp-content\/uploads\/2025\/10\/Screenshot-20230503-at-50557-PM-1024x424.jpg 1024w, https:\/\/dimensionturistica.com\/es\/wp-content\/uploads\/2025\/10\/Screenshot-20230503-at-50557-PM-300x124.jpg 300w, https:\/\/dimensionturistica.com\/es\/wp-content\/uploads\/2025\/10\/Screenshot-20230503-at-50557-PM-768x318.jpg 768w, https:\/\/dimensionturistica.com\/es\/wp-content\/uploads\/2025\/10\/Screenshot-20230503-at-50557-PM-1536x636.jpg 1536w, https:\/\/dimensionturistica.com\/es\/wp-content\/uploads\/2025\/10\/Screenshot-20230503-at-50557-PM-750x311.jpg 750w, https:\/\/dimensionturistica.com\/es\/wp-content\/uploads\/2025\/10\/Screenshot-20230503-at-50557-PM-1140x472.jpg 1140w, https:\/\/dimensionturistica.com\/es\/wp-content\/uploads\/2025\/10\/Screenshot-20230503-at-50557-PM.jpg 1868w\" sizes=\"(max-width: 1024px) 100vw, 1024px\" \/><\/figure>\n<\/figure>\n\n\n\n<p>&#8220;Invitamos a todos los salones de belleza de M\u00e9xico a sumarse a esta causa&#8221;, concluy\u00f3 Victoria Wittig, directora de Transformaci\u00f3n de la Divisi\u00f3n de Productos Profesionales de L&#8217;Or\u00e9al. &#8220;Juntos podemos transformar nuestra industria y demostrar que la belleza y la sustentabilidad van de la mano&#8221;.<\/p>\n\n\n\n<p>Para todos los salones de belleza que est\u00e9n interesados en ser parte de este programa, pueden registrarse en: mx.lorealpartnershop.com\/sostenibilidad o a trav\u00e9s del QR code:<\/p>\n\n\n\n<p>C\u00f3digo QR<\/p>\n\n\n\n<p>El contenido generado por IA puede ser incorrecto.<\/p>\n","protected":false},"excerpt":{"rendered":"<p>Gracias a la recolecci\u00f3n de cabello de los salones de belleza que trabajan con las marcas de Grupo L\u2019Or\u00e9al, el cabello se transforma en tapetes que pueden absorber hasta 8 veces su peso en contaminantes oleosos, transformando miles de toneladas de cabello de salones de belleza en herramientas de restauraci\u00f3n ambiental. Esta es la primera [&hellip;]<\/p>\n","protected":false},"author":1,"featured_media":0,"comment_status":"open","ping_status":"closed","sticky":false,"template":"","format":"standard","meta":{"om_disable_all_campaigns":false,"jnews-multi-image_gallery":[],"jnews_single_post":[],"jnews_primary_category":[],"jnews_social_meta":[],"footnotes":""},"categories":[144872],"tags":[],"class_list":["post-1069566","post","type-post","status-publish","format-standard","hentry","category-fashion"],"_links":{"self":[{"href":"https:\/\/dimensionturistica.com\/es\/wp-json\/wp\/v2\/posts\/1069566","targetHints":{"allow":["GET"]}}],"collection":[{"href":"https:\/\/dimensionturistica.com\/es\/wp-json\/wp\/v2\/posts"}],"about":[{"href":"https:\/\/dimensionturistica.com\/es\/wp-json\/wp\/v2\/types\/post"}],"author":[{"embeddable":true,"href":"https:\/\/dimensionturistica.com\/es\/wp-json\/wp\/v2\/users\/1"}],"replies":[{"embeddable":true,"href":"https:\/\/dimensionturistica.com\/es\/wp-json\/wp\/v2\/comments?post=1069566"}],"version-history":[{"count":1,"href":"https:\/\/dimensionturistica.com\/es\/wp-json\/wp\/v2\/posts\/1069566\/revisions"}],"predecessor-version":[{"id":1069578,"href":"https:\/\/dimensionturistica.com\/es\/wp-json\/wp\/v2\/posts\/1069566\/revisions\/1069578"}],"wp:attachment":[{"href":"https:\/\/dimensionturistica.com\/es\/wp-json\/wp\/v2\/media?parent=1069566"}],"wp:term":[{"taxonomy":"category","embeddable":true,"href":"https:\/\/dimensionturistica.com\/es\/wp-json\/wp\/v2\/categories?post=1069566"},{"taxonomy":"post_tag","embeddable":true,"href":"https:\/\/dimensionturistica.com\/es\/wp-json\/wp\/v2\/tags?post=1069566"}],"curies":[{"name":"wp","href":"https:\/\/api.w.org\/{rel}","templated":true}]}}