{"id":1069547,"date":"2025-10-31T15:28:21","date_gmt":"2025-10-31T15:28:21","guid":{"rendered":"https:\/\/dimensionturistica.com\/es\/?p=1069547"},"modified":"2025-10-31T15:28:21","modified_gmt":"2025-10-31T15:28:21","slug":"cinemex-51-recibira-a-la-escritora-y-activista-dafna-viniegra-para-hablar-de-abuso-seuxal-infantil","status":"publish","type":"post","link":"https:\/\/dimensionturistica.com\/es\/cinemex-51-recibira-a-la-escritora-y-activista-dafna-viniegra-para-hablar-de-abuso-seuxal-infantil\/","title":{"rendered":"Cinemex +51 recibir\u00e1 a la escritora y activista Dafna Viniegra para hablar de Abuso Seuxal Infantil"},"content":{"rendered":"\n<figure class=\"wp-block-gallery has-nested-images columns-default is-cropped wp-block-gallery-1 is-layout-flex wp-block-gallery-is-layout-flex\">\n<figure class=\"wp-block-image size-large\"><img decoding=\"async\" width=\"500\" height=\"498\" data-id=\"1069548\" src=\"https:\/\/dimensionturistica.com\/es\/wp-content\/uploads\/2025\/10\/1cine.jpg\" alt=\"\" class=\"wp-image-1069548\" srcset=\"https:\/\/dimensionturistica.com\/es\/wp-content\/uploads\/2025\/10\/1cine.jpg 500w, https:\/\/dimensionturistica.com\/es\/wp-content\/uploads\/2025\/10\/1cine-300x300.jpg 300w, https:\/\/dimensionturistica.com\/es\/wp-content\/uploads\/2025\/10\/1cine-150x150.jpg 150w, https:\/\/dimensionturistica.com\/es\/wp-content\/uploads\/2025\/10\/1cine-75x75.jpg 75w, https:\/\/dimensionturistica.com\/es\/wp-content\/uploads\/2025\/10\/1cine-350x350.jpg 350w\" sizes=\"(max-width: 500px) 100vw, 500px\" \/><\/figure>\n<\/figure>\n\n\n\n<p>La voz de la activista y escritora Dafna Viniegra ser\u00e1 integrada al ciclo de conferencias Cinemex +51: Mujeres Inspirando Mujeres, un programa creado por Opini\u00f3n 51 y Cinemex. Viniegra, quien tambi\u00e9n es cofundadora de ILAS A.C. (Infancia Libre de Abuso Sexual), impartir\u00e1 una conferencia gratuita para el p\u00fablico general, con el prop\u00f3sito de abordar el trauma de la infancia y fomentar la resiliencia.<\/p>\n\n\n\n<p>La ponencia, titulada \u201cDe la herida a la fuerza: herramientas pr\u00e1cticas para transformar el trauma de infancia en resiliencia\u201d, se llevar\u00e1 a cabo el mi\u00e9rcoles 12 de noviembre a las 6:51 p.m. en la sede de Cinemex Artz Pedregal.<\/p>\n\n\n\n<p>El abuso sexual infantil (ASI) es una realidad que impacta profundamente la vida adulta. En este sentido, la labor de Dafna Viniegra y de ILAS A.C. se centra en combinar la divulgaci\u00f3n emocional con bases cient\u00edficas, haciendo \u00e9nfasis en que la recuperaci\u00f3n y el desarrollo de la resiliencia son caminos accesibles para las v\u00edctimas.<\/p>\n\n\n\n<p>\u201cLa resiliencia no niega el dolor: lo ordena y lo convierte en fuerza para vivir con dignidad y v\u00ednculos m\u00e1s conscientes\u201d, comparte por Dafna Viniegra.<\/p>\n\n\n\n<figure class=\"wp-block-gallery has-nested-images columns-default is-cropped wp-block-gallery-2 is-layout-flex wp-block-gallery-is-layout-flex\">\n<figure class=\"wp-block-image size-large\"><img decoding=\"async\" width=\"500\" height=\"332\" data-id=\"1069550\" src=\"https:\/\/dimensionturistica.com\/es\/wp-content\/uploads\/2025\/10\/6cine.jpg\" alt=\"\" class=\"wp-image-1069550\" srcset=\"https:\/\/dimensionturistica.com\/es\/wp-content\/uploads\/2025\/10\/6cine.jpg 500w, https:\/\/dimensionturistica.com\/es\/wp-content\/uploads\/2025\/10\/6cine-300x199.jpg 300w\" sizes=\"(max-width: 500px) 100vw, 500px\" \/><\/figure>\n<\/figure>\n\n\n\n<p>El evento forma parte de Cinemex +51, un espacio que desde 2023 ha funcionado como foro de reflexi\u00f3n y colaboraci\u00f3n, difundiendo las voces de mujeres que inspiran con sus historias y acciones. Previamente, figuras como Denise Dresser, Eufrosina Cruz, Pamela Cerdeira, Karla Iberia S\u00e1nchez y Carmen S\u00e1nchez han participado en este ciclo.<\/p>\n\n\n\n<p>Durante un lapso de 60 a 90 minutos, Dafna Viniegra ofrecer\u00e1 un recorrido pr\u00e1ctico, con el objetivo de que los asistentes puedan comprender el efecto del trauma de infancia en la edad adulta y activar la resiliencia a trav\u00e9s de pr\u00e1cticas como:<\/p>\n\n\n\n<p>Neuroplasticidad y regulaci\u00f3n emocional: Se ofrecer\u00e1n ejercicios de respiraci\u00f3n, grounding y micro-h\u00e1bitos de calma.<\/p>\n\n\n\n<p>Catarsis literaria guiada: Se realizar\u00e1n ejercicios breves para organizar la memoria emocional y el lenguaje interno.<\/p>\n\n\n\n<p>Presencia y l\u00edmites sanos: Se presentar\u00e1n pr\u00e1cticas para fomentar relaciones m\u00e1s seguras en los \u00e1mbitos familiar, laboral y comunitario.<\/p>\n\n\n\n<p>La participaci\u00f3n en la conferencia de Cinemex +51 es un reflejo del compromiso de Dafna Viniegra e ILAS A.C. por llevar la sanaci\u00f3n y la prevenci\u00f3n al espacio p\u00fablico.<\/p>\n\n\n\n<p>Dafna Viniegra es autora de Sanar para Crecer y Trascender y cofundadora de ILAS A.C. (Infancia Libre de Abuso Sexual). Su labor combina divulgaci\u00f3n emocional, enfoque cient\u00edfico y acompa\u00f1amiento comunitario para prevenir violencias y promover cultura de la denuncia.<\/p>\n","protected":false},"excerpt":{"rendered":"<p>La voz de la activista y escritora Dafna Viniegra ser\u00e1 integrada al ciclo de conferencias Cinemex +51: Mujeres Inspirando Mujeres, un programa creado por Opini\u00f3n 51 y Cinemex. Viniegra, quien tambi\u00e9n es cofundadora de ILAS A.C. (Infancia Libre de Abuso Sexual), impartir\u00e1 una conferencia gratuita para el p\u00fablico general, con el prop\u00f3sito de abordar el [&hellip;]<\/p>\n","protected":false},"author":1,"featured_media":0,"comment_status":"open","ping_status":"closed","sticky":false,"template":"","format":"standard","meta":{"om_disable_all_campaigns":false,"jnews-multi-image_gallery":[],"jnews_single_post":[],"jnews_primary_category":[],"jnews_social_meta":[],"footnotes":""},"categories":[40],"tags":[],"class_list":["post-1069547","post","type-post","status-publish","format-standard","hentry","category-industria"],"_links":{"self":[{"href":"https:\/\/dimensionturistica.com\/es\/wp-json\/wp\/v2\/posts\/1069547","targetHints":{"allow":["GET"]}}],"collection":[{"href":"https:\/\/dimensionturistica.com\/es\/wp-json\/wp\/v2\/posts"}],"about":[{"href":"https:\/\/dimensionturistica.com\/es\/wp-json\/wp\/v2\/types\/post"}],"author":[{"embeddable":true,"href":"https:\/\/dimensionturistica.com\/es\/wp-json\/wp\/v2\/users\/1"}],"replies":[{"embeddable":true,"href":"https:\/\/dimensionturistica.com\/es\/wp-json\/wp\/v2\/comments?post=1069547"}],"version-history":[{"count":1,"href":"https:\/\/dimensionturistica.com\/es\/wp-json\/wp\/v2\/posts\/1069547\/revisions"}],"predecessor-version":[{"id":1069552,"href":"https:\/\/dimensionturistica.com\/es\/wp-json\/wp\/v2\/posts\/1069547\/revisions\/1069552"}],"wp:attachment":[{"href":"https:\/\/dimensionturistica.com\/es\/wp-json\/wp\/v2\/media?parent=1069547"}],"wp:term":[{"taxonomy":"category","embeddable":true,"href":"https:\/\/dimensionturistica.com\/es\/wp-json\/wp\/v2\/categories?post=1069547"},{"taxonomy":"post_tag","embeddable":true,"href":"https:\/\/dimensionturistica.com\/es\/wp-json\/wp\/v2\/tags?post=1069547"}],"curies":[{"name":"wp","href":"https:\/\/api.w.org\/{rel}","templated":true}]}}