{"id":1069508,"date":"2025-10-31T14:40:09","date_gmt":"2025-10-31T14:40:09","guid":{"rendered":"https:\/\/dimensionturistica.com\/es\/?p=1069508"},"modified":"2025-10-31T14:40:09","modified_gmt":"2025-10-31T14:40:09","slug":"el-dia-de-muertos-un-viaje-cultural-en-chihuahua-con-causa","status":"publish","type":"post","link":"https:\/\/dimensionturistica.com\/es\/el-dia-de-muertos-un-viaje-cultural-en-chihuahua-con-causa\/","title":{"rendered":"\u00a0El d\u00eda de Muertos, un viaje cultural en Chihuahua con causa"},"content":{"rendered":"\n<figure class=\"wp-block-gallery has-nested-images columns-default is-cropped wp-block-gallery-1 is-layout-flex wp-block-gallery-is-layout-flex\">\n<figure class=\"wp-block-image size-large\"><img decoding=\"async\" width=\"500\" height=\"334\" data-id=\"1069509\" src=\"https:\/\/dimensionturistica.com\/es\/wp-content\/uploads\/2025\/10\/HAYCHI.jpg\" alt=\"\" class=\"wp-image-1069509\" srcset=\"https:\/\/dimensionturistica.com\/es\/wp-content\/uploads\/2025\/10\/HAYCHI.jpg 500w, https:\/\/dimensionturistica.com\/es\/wp-content\/uploads\/2025\/10\/HAYCHI-300x200.jpg 300w\" sizes=\"(max-width: 500px) 100vw, 500px\" \/><\/figure>\n<\/figure>\n\n\n\n<p>Chihuahua conmemora D\u00eda de Muertos 2025 con eventos que buscan preservar las ra\u00edces de esta tradici\u00f3n y fortalecer el sentido de identidad cultural.<\/p>\n\n\n\n<figure class=\"wp-block-gallery has-nested-images columns-default is-cropped wp-block-gallery-2 is-layout-flex wp-block-gallery-is-layout-flex\">\n<figure class=\"wp-block-image size-large\"><img decoding=\"async\" width=\"500\" height=\"624\" data-id=\"1069510\" src=\"https:\/\/dimensionturistica.com\/es\/wp-content\/uploads\/2025\/10\/9CHI.jpg\" alt=\"\" class=\"wp-image-1069510\" srcset=\"https:\/\/dimensionturistica.com\/es\/wp-content\/uploads\/2025\/10\/9CHI.jpg 500w, https:\/\/dimensionturistica.com\/es\/wp-content\/uploads\/2025\/10\/9CHI-240x300.jpg 240w\" sizes=\"(max-width: 500px) 100vw, 500px\" \/><\/figure>\n<\/figure>\n\n\n\n<p>A partir del 27 de octubre, el evento \u201cRa\u00edces y recuerdos: Camino al Mictl\u00e1n\u201d da inicio con una exposici\u00f3n de perros xoloitzcuintles, dando paso a una escenificaci\u00f3n del Mictl\u00e1n, la ruta de cuatro a\u00f1os y nueve niveles que siguen las almas, seg\u00fan la cosmovisi\u00f3n mexica, el can siendo su gu\u00eda durante el camino.<\/p>\n\n\n\n<figure class=\"wp-block-gallery has-nested-images columns-default is-cropped wp-block-gallery-3 is-layout-flex wp-block-gallery-is-layout-flex\">\n<figure class=\"wp-block-image size-large\"><img decoding=\"async\" width=\"500\" height=\"307\" data-id=\"1069511\" src=\"https:\/\/dimensionturistica.com\/es\/wp-content\/uploads\/2025\/10\/1CHI-2.jpg\" alt=\"\" class=\"wp-image-1069511\" srcset=\"https:\/\/dimensionturistica.com\/es\/wp-content\/uploads\/2025\/10\/1CHI-2.jpg 500w, https:\/\/dimensionturistica.com\/es\/wp-content\/uploads\/2025\/10\/1CHI-2-300x184.jpg 300w\" sizes=\"(max-width: 500px) 100vw, 500px\" \/><\/figure>\n<\/figure>\n\n\n\n<p>Jos\u00e9 de Jes\u00fas Granillo, el secretario de Hacienda de Chihuahua explic\u00f3 que cada escultura fue elaborada con la creatividad y entrega de las y los colaboradores demostrando que el servicio p\u00fablico tambi\u00e9n se expresa en el arte y la uni\u00f3n comunitaria.<\/p>\n\n\n\n<figure class=\"wp-block-gallery has-nested-images columns-default is-cropped wp-block-gallery-4 is-layout-flex wp-block-gallery-is-layout-flex\">\n<figure class=\"wp-block-image size-large\"><img decoding=\"async\" width=\"500\" height=\"305\" data-id=\"1069512\" src=\"https:\/\/dimensionturistica.com\/es\/wp-content\/uploads\/2025\/10\/2CHI-1.jpg\" alt=\"\" class=\"wp-image-1069512\" srcset=\"https:\/\/dimensionturistica.com\/es\/wp-content\/uploads\/2025\/10\/2CHI-1.jpg 500w, https:\/\/dimensionturistica.com\/es\/wp-content\/uploads\/2025\/10\/2CHI-1-300x183.jpg 300w\" sizes=\"(max-width: 500px) 100vw, 500px\" \/><\/figure>\n<\/figure>\n\n\n\n<p>Como en a\u00f1os anteriores, la celebraci\u00f3n tiene un fin ben\u00e9fico. Tras recabar toneladas de semillas en 2023 y paquetes de pa\u00f1ales en 2024, para el presente a\u00f1o el compromiso es con la ni\u00f1ez chihuahuense, buscando reunir productos de limpieza para beneficiar a 150 casas hogar en los municipios de Chihuahua y Ju\u00e1rez.<\/p>\n\n\n\n<figure class=\"wp-block-gallery has-nested-images columns-default is-cropped wp-block-gallery-5 is-layout-flex wp-block-gallery-is-layout-flex\">\n<figure class=\"wp-block-image size-large\"><img decoding=\"async\" width=\"500\" height=\"304\" data-id=\"1069513\" src=\"https:\/\/dimensionturistica.com\/es\/wp-content\/uploads\/2025\/10\/3CHI-1.jpg\" alt=\"\" class=\"wp-image-1069513\" srcset=\"https:\/\/dimensionturistica.com\/es\/wp-content\/uploads\/2025\/10\/3CHI-1.jpg 500w, https:\/\/dimensionturistica.com\/es\/wp-content\/uploads\/2025\/10\/3CHI-1-300x182.jpg 300w\" sizes=\"(max-width: 500px) 100vw, 500px\" \/><\/figure>\n<\/figure>\n\n\n\n<p>Granillo expres\u00f3: \u201cEsta festividad nos recuerda que la memoria es el puente m\u00e1s fuerte entre quienes ya se fueron y quienes seguimos aqu\u00ed. Por eso es tan especial, porque a trav\u00e9s de ella honramos a quienes nos dieron identidad, historia y prop\u00f3sito\u201d.<\/p>\n\n\n\n<p>Este montaje estar\u00e1 disponible hasta el 2 de noviembre en la Plaza del \u00c1ngel, con un horario de 4:00 de la tarde a 10:00 de la noche.<\/p>\n\n\n\n<figure class=\"wp-block-gallery has-nested-images columns-default is-cropped wp-block-gallery-6 is-layout-flex wp-block-gallery-is-layout-flex\">\n<figure class=\"wp-block-image size-large\"><img decoding=\"async\" width=\"500\" height=\"318\" data-id=\"1069514\" src=\"https:\/\/dimensionturistica.com\/es\/wp-content\/uploads\/2025\/10\/5CHI.jpg\" alt=\"\" class=\"wp-image-1069514\" srcset=\"https:\/\/dimensionturistica.com\/es\/wp-content\/uploads\/2025\/10\/5CHI.jpg 500w, https:\/\/dimensionturistica.com\/es\/wp-content\/uploads\/2025\/10\/5CHI-300x191.jpg 300w\" sizes=\"(max-width: 500px) 100vw, 500px\" \/><\/figure>\n<\/figure>\n\n\n\n<p>Por su parte, el Instituto de Cultura (ICM) celebrar\u00e1 \u201cEl Regreso de las \u00c1nimas\u201d, un evento con el objetivo de fomentar la preservaci\u00f3n del D\u00eda de Muertos desde sus ra\u00edces ancestrales. que se llevar\u00e1 a cabo del 1 al 3 de noviembre en el Centro Hist\u00f3rico de la ciudad posteriormente hasta el 7 de noviembre en el Museo Sebasti\u00e1n.<\/p>\n\n\n\n<p>Instalado sobre la avenida Independencia, simbolizar\u00e1 el tr\u00e1nsito de las almas desde el Mictl\u00e1n con una estructura de flores de cempas\u00fachil, veladoras y proyecciones tem\u00e1ticas.<\/p>\n\n\n\n<p>Asimismo, en el Museo Sebasti\u00e1n y la Casa Siglo XXI, del 1 al 7 de noviembre, se exhibir\u00e1 una &#8220;lluvia de velas, flores y Cempas\u00fachil&#8221;, as\u00ed como un hermoso altar en la sala Puerta del Sol.<\/p>\n\n\n\n<figure class=\"wp-block-gallery has-nested-images columns-default is-cropped wp-block-gallery-7 is-layout-flex wp-block-gallery-is-layout-flex\">\n<figure class=\"wp-block-image size-large\"><img decoding=\"async\" width=\"500\" height=\"312\" data-id=\"1069515\" src=\"https:\/\/dimensionturistica.com\/es\/wp-content\/uploads\/2025\/10\/6CHI-1.jpg\" alt=\"\" class=\"wp-image-1069515\" srcset=\"https:\/\/dimensionturistica.com\/es\/wp-content\/uploads\/2025\/10\/6CHI-1.jpg 500w, https:\/\/dimensionturistica.com\/es\/wp-content\/uploads\/2025\/10\/6CHI-1-300x187.jpg 300w\" sizes=\"(max-width: 500px) 100vw, 500px\" \/><\/figure>\n<\/figure>\n\n\n\n<p>La Plaza de Armas se transformar\u00e1 con el t\u00fanel \u201cCamino de las Animas\u201d de luces y flores suspendidas, un cr\u00e1neo monumental como pieza central de un altar urbano y una experiencia sensorial de aromas y cantos.<\/p>\n\n\n\n<p>Para finalizar las festividades, el desfile de D\u00eda de Muertos \u201cEl Regreso de las \u00c1nimas\u201d ser\u00e1 el acto central que se realizar\u00e1 el 2 de noviembre a partir de las 18:00 horas, iniciando en avenida Carranza y 20 de noviembre, continuando por avenida Aldama hasta concluir en <\/p>\n\n\n\n<p>Plaza de Armas. Este recorrido esc\u00e9nico rendir\u00e1 tributo a los cuatro elementos del Mictl\u00e1n. La convocatoria para participar en el desfile se encuentra abierta hasta el 29 de octubre consultando las bases en https:\/\/bit.ly\/elregresodelasanimas<\/p>\n\n\n\n<figure class=\"wp-block-gallery has-nested-images columns-default is-cropped wp-block-gallery-8 is-layout-flex wp-block-gallery-is-layout-flex\">\n<figure class=\"wp-block-image size-large\"><img decoding=\"async\" width=\"500\" height=\"308\" data-id=\"1069516\" src=\"https:\/\/dimensionturistica.com\/es\/wp-content\/uploads\/2025\/10\/7CHI-2.jpg\" alt=\"\" class=\"wp-image-1069516\" srcset=\"https:\/\/dimensionturistica.com\/es\/wp-content\/uploads\/2025\/10\/7CHI-2.jpg 500w, https:\/\/dimensionturistica.com\/es\/wp-content\/uploads\/2025\/10\/7CHI-2-300x185.jpg 300w\" sizes=\"(max-width: 500px) 100vw, 500px\" \/><\/figure>\n<\/figure>\n\n\n\n<p>La directora del Instituto de Cultura, Fernanda Bencomo, coment\u00f3 que se espera una asistencia de m\u00e1s de 60 mil personas, al igual que en el 2024, y que el Festival promete ser una experiencia inmersiva que une el arte, la memoria y la espiritualidad.<\/p>\n","protected":false},"excerpt":{"rendered":"<p>Chihuahua conmemora D\u00eda de Muertos 2025 con eventos que buscan preservar las ra\u00edces de esta tradici\u00f3n y fortalecer el sentido de identidad cultural. A partir del 27 de octubre, el evento \u201cRa\u00edces y recuerdos: Camino al Mictl\u00e1n\u201d da inicio con una exposici\u00f3n de perros xoloitzcuintles, dando paso a una escenificaci\u00f3n del Mictl\u00e1n, la ruta de [&hellip;]<\/p>\n","protected":false},"author":1,"featured_media":0,"comment_status":"open","ping_status":"closed","sticky":false,"template":"","format":"standard","meta":{"om_disable_all_campaigns":false,"jnews-multi-image_gallery":[],"jnews_single_post":{"format":"standard"},"jnews_primary_category":[],"jnews_social_meta":[],"footnotes":""},"categories":[39],"tags":[],"class_list":["post-1069508","post","type-post","status-publish","format-standard","hentry","category-viajes"],"_links":{"self":[{"href":"https:\/\/dimensionturistica.com\/es\/wp-json\/wp\/v2\/posts\/1069508","targetHints":{"allow":["GET"]}}],"collection":[{"href":"https:\/\/dimensionturistica.com\/es\/wp-json\/wp\/v2\/posts"}],"about":[{"href":"https:\/\/dimensionturistica.com\/es\/wp-json\/wp\/v2\/types\/post"}],"author":[{"embeddable":true,"href":"https:\/\/dimensionturistica.com\/es\/wp-json\/wp\/v2\/users\/1"}],"replies":[{"embeddable":true,"href":"https:\/\/dimensionturistica.com\/es\/wp-json\/wp\/v2\/comments?post=1069508"}],"version-history":[{"count":1,"href":"https:\/\/dimensionturistica.com\/es\/wp-json\/wp\/v2\/posts\/1069508\/revisions"}],"predecessor-version":[{"id":1069517,"href":"https:\/\/dimensionturistica.com\/es\/wp-json\/wp\/v2\/posts\/1069508\/revisions\/1069517"}],"wp:attachment":[{"href":"https:\/\/dimensionturistica.com\/es\/wp-json\/wp\/v2\/media?parent=1069508"}],"wp:term":[{"taxonomy":"category","embeddable":true,"href":"https:\/\/dimensionturistica.com\/es\/wp-json\/wp\/v2\/categories?post=1069508"},{"taxonomy":"post_tag","embeddable":true,"href":"https:\/\/dimensionturistica.com\/es\/wp-json\/wp\/v2\/tags?post=1069508"}],"curies":[{"name":"wp","href":"https:\/\/api.w.org\/{rel}","templated":true}]}}