{"id":1069487,"date":"2025-10-31T14:11:13","date_gmt":"2025-10-31T14:11:13","guid":{"rendered":"https:\/\/dimensionturistica.com\/es\/?p=1069487"},"modified":"2025-10-31T14:11:13","modified_gmt":"2025-10-31T14:11:13","slug":"al-buen-entendedor-corruptio-optimi-pessima-la-corrupcion-de-los-mejores-es-la-peor-de-todas","status":"publish","type":"post","link":"https:\/\/dimensionturistica.com\/es\/al-buen-entendedor-corruptio-optimi-pessima-la-corrupcion-de-los-mejores-es-la-peor-de-todas\/","title":{"rendered":"Al Buen Entendedor&#8230;corruptio optimi, pessima*&#8230;.. \u201cLa corrupci\u00f3n de los mejores es la peor de todas\u201d."},"content":{"rendered":"\n<p><\/p>\n\n\n\n<figure class=\"wp-block-gallery has-nested-images columns-default is-cropped wp-block-gallery-1 is-layout-flex wp-block-gallery-is-layout-flex\">\n<figure class=\"wp-block-image size-large\"><img decoding=\"async\" width=\"500\" height=\"536\" data-id=\"1069488\" src=\"https:\/\/dimensionturistica.com\/es\/wp-content\/uploads\/2025\/10\/SERGIOR.jpg\" alt=\"\" class=\"wp-image-1069488\" srcset=\"https:\/\/dimensionturistica.com\/es\/wp-content\/uploads\/2025\/10\/SERGIOR.jpg 500w, https:\/\/dimensionturistica.com\/es\/wp-content\/uploads\/2025\/10\/SERGIOR-280x300.jpg 280w\" sizes=\"(max-width: 500px) 100vw, 500px\" \/><\/figure>\n<\/figure>\n\n\n\n<p><strong>Por: Sergio E. Gonz\u00e1lez Rubiera<\/strong><\/p>\n\n\n\n<p>El proverbio latino, conocido desde hace siglos, hace referencia a la decadencia moral o a la corrupci\u00f3n practicada por quienes se hab\u00edan enaltecido o encumbrado argumentando las mejores virtudes para si mismos, el mayor prestigio y la m\u00e1s grande nobleza.<\/p>\n\n\n\n<figure class=\"wp-block-gallery has-nested-images columns-default is-cropped wp-block-gallery-2 is-layout-flex wp-block-gallery-is-layout-flex\">\n<figure class=\"wp-block-image size-large\"><img decoding=\"async\" width=\"500\" height=\"312\" data-id=\"1069489\" src=\"https:\/\/dimensionturistica.com\/es\/wp-content\/uploads\/2025\/10\/1SERGIO-1.jpg\" alt=\"\" class=\"wp-image-1069489\" srcset=\"https:\/\/dimensionturistica.com\/es\/wp-content\/uploads\/2025\/10\/1SERGIO-1.jpg 500w, https:\/\/dimensionturistica.com\/es\/wp-content\/uploads\/2025\/10\/1SERGIO-1-300x187.jpg 300w\" sizes=\"(max-width: 500px) 100vw, 500px\" \/><\/figure>\n<\/figure>\n\n\n\n<p>En la nobleza de esp\u00edritu, radica la bonhom\u00eda, el buen ser y el buen hacer, y es por ello de enorme decepci\u00f3n, cuando quienes estas actitudes se arrogaban, caen en desgracia al revelarse en la ignominia de la corrupci\u00f3n.<\/p>\n\n\n\n<p>En la antigua Roma, por ejemplo, durante la \u00e9poca de Julio C\u00e9sar, los Senadores m\u00e1s conservadores y quienes controlaban los destinos de todos los ciudadanos, dictaban las leyes y ejerc\u00edan el poder, se autonombraban optimates, se consideraban a si mismos, \u201clos mejores\u201d, eran los defensores de la oligarqu\u00eda y contrarios a las reformas populares que promov\u00edan un reparto agrario m\u00e1s justo y equitativo. La enorme lucha de poder entre populares y optimates, deriv\u00f3 en tremendos actos de corrupci\u00f3n por parte de estos \u00faltimos para mantenerse en el poder y en el control absoluto de la riqueza de Roma, cometiendo graves injusticias. Julio C\u00e9sar fue un gran l\u00edder defensor de la causa popular y por ello, eterno enemigo del senado.<\/p>\n\n\n\n<figure class=\"wp-block-gallery has-nested-images columns-default is-cropped wp-block-gallery-3 is-layout-flex wp-block-gallery-is-layout-flex\">\n<figure class=\"wp-block-image size-large\"><img decoding=\"async\" width=\"500\" height=\"280\" data-id=\"1069490\" src=\"https:\/\/dimensionturistica.com\/es\/wp-content\/uploads\/2025\/10\/6SERGIO.jpg\" alt=\"\" class=\"wp-image-1069490\" srcset=\"https:\/\/dimensionturistica.com\/es\/wp-content\/uploads\/2025\/10\/6SERGIO.jpg 500w, https:\/\/dimensionturistica.com\/es\/wp-content\/uploads\/2025\/10\/6SERGIO-300x168.jpg 300w\" sizes=\"(max-width: 500px) 100vw, 500px\" \/><\/figure>\n<\/figure>\n\n\n\n<p>La referencia hist\u00f3rica es \u00fatil y acaso necesaria para evidenciar que, en muchos de nuestros pa\u00edses, quienes se han proclamado como los defensores del pueblo, los defensores de la democracia y quienes habr\u00edan de erradicar la corrupci\u00f3n, los mejores pues, han terminado siendo los m\u00e1s injustos, los m\u00e1s insensibles y los m\u00e1s corruptos.<\/p>\n\n\n\n<p>Estas analog\u00edas, me hacen pensar entonces y quiz\u00e1 lo hagan mis ocho lectores, que en M\u00e9xico los protagonistas de la denominada por ellos mismos, cuarta transformaci\u00f3n, &nbsp;contrarios rabiosamente a la oligarqu\u00eda, a los lujos y los excesos y promotores de la austeridad, esa de la justa median\u00eda de la que hablaba Ju\u00e1rez; resultaron repentinamente los m\u00e1s proclives al lujo, la ostentaci\u00f3n, los excesos y el hedonismo.<\/p>\n\n\n\n<figure class=\"wp-block-gallery has-nested-images columns-default is-cropped wp-block-gallery-4 is-layout-flex wp-block-gallery-is-layout-flex\">\n<figure class=\"wp-block-image size-large\"><img decoding=\"async\" width=\"500\" height=\"351\" data-id=\"1069491\" src=\"https:\/\/dimensionturistica.com\/es\/wp-content\/uploads\/2025\/10\/8SERGIO.jpg\" alt=\"\" class=\"wp-image-1069491\" srcset=\"https:\/\/dimensionturistica.com\/es\/wp-content\/uploads\/2025\/10\/8SERGIO.jpg 500w, https:\/\/dimensionturistica.com\/es\/wp-content\/uploads\/2025\/10\/8SERGIO-300x211.jpg 300w\" sizes=\"(max-width: 500px) 100vw, 500px\" \/><\/figure>\n<\/figure>\n\n\n\n<p>Incongruentes resultaron tambi\u00e9n todos esos pol\u00edticos de la 4T, que antes militaban en otros partidos y ahora, cambiados de bando, reniegan de ellos y lanzan severas cr\u00edticas, como si la ideolog\u00eda fuera su bandera.<\/p>\n\n\n\n<p>Insensibles, inmorales, funestos y casi sacr\u00edlegos resultaron tambi\u00e9n aquellos que, en medio del discurso popular atacaron a la corrupci\u00f3n, enarbolaron la bandera de la decencia y la honestidad y han resultado a la vista del mundo, con descaro, los m\u00e1s c\u00ednicamente corruptos. Corruptio optimi pessima.<\/p>\n\n\n\n<figure class=\"wp-block-gallery has-nested-images columns-default is-cropped wp-block-gallery-5 is-layout-flex wp-block-gallery-is-layout-flex\">\n<figure class=\"wp-block-image size-large\"><img decoding=\"async\" width=\"500\" height=\"261\" data-id=\"1069492\" src=\"https:\/\/dimensionturistica.com\/es\/wp-content\/uploads\/2025\/10\/2SERGIO-1.jpg\" alt=\"\" class=\"wp-image-1069492\" srcset=\"https:\/\/dimensionturistica.com\/es\/wp-content\/uploads\/2025\/10\/2SERGIO-1.jpg 500w, https:\/\/dimensionturistica.com\/es\/wp-content\/uploads\/2025\/10\/2SERGIO-1-300x157.jpg 300w\" sizes=\"(max-width: 500px) 100vw, 500px\" \/><\/figure>\n<\/figure>\n\n\n\n<p>Ni que decir ya de todas esas instituciones, que han sido desaparecidas por el r\u00e9gimen, por supuesta corrupci\u00f3n en su interior y en sus pr\u00e1cticas p\u00fablicas. Consejo de Promoci\u00f3n Tur\u00edstica de M\u00e9xico, INAI, Fideicomisos de toda \u00edndole, Consejo Regulador de Energ\u00eda, <\/p>\n\n\n\n<figure class=\"wp-block-gallery has-nested-images columns-default is-cropped wp-block-gallery-6 is-layout-flex wp-block-gallery-is-layout-flex\">\n<figure class=\"wp-block-image size-large\"><img decoding=\"async\" width=\"500\" height=\"281\" data-id=\"1069493\" src=\"https:\/\/dimensionturistica.com\/es\/wp-content\/uploads\/2025\/10\/11SERGIO.jpg\" alt=\"\" class=\"wp-image-1069493\" srcset=\"https:\/\/dimensionturistica.com\/es\/wp-content\/uploads\/2025\/10\/11SERGIO.jpg 500w, https:\/\/dimensionturistica.com\/es\/wp-content\/uploads\/2025\/10\/11SERGIO-300x169.jpg 300w\" sizes=\"(max-width: 500px) 100vw, 500px\" \/><\/figure>\n<\/figure>\n\n\n\n<p>Fondo Nacional de Desastres (FONDEN), que hoy tanto deben extra\u00f1ar en Veracruz, por ejemplo, etcetera; y en ninguno de esos casos, existen carpetas de investigaci\u00f3n, denunciados, acusados, sentenciados o arrestados por corrupci\u00f3n. El presidente anterior, por sus iniciales AMLO, desmantel\u00f3 las instituciones, y el gobierno actual simplemente ratifica o concede en silencio.<\/p>\n\n\n\n<figure class=\"wp-block-gallery has-nested-images columns-default is-cropped wp-block-gallery-7 is-layout-flex wp-block-gallery-is-layout-flex\">\n<figure class=\"wp-block-image size-large\"><img decoding=\"async\" width=\"500\" height=\"239\" data-id=\"1069494\" src=\"https:\/\/dimensionturistica.com\/es\/wp-content\/uploads\/2025\/10\/3SERGIO.jpg\" alt=\"\" class=\"wp-image-1069494\" srcset=\"https:\/\/dimensionturistica.com\/es\/wp-content\/uploads\/2025\/10\/3SERGIO.jpg 500w, https:\/\/dimensionturistica.com\/es\/wp-content\/uploads\/2025\/10\/3SERGIO-300x143.jpg 300w\" sizes=\"(max-width: 500px) 100vw, 500px\" \/><\/figure>\n<\/figure>\n\n\n\n<p>Y por si fuera poco la actual corrupci\u00f3n, hoy a cargo del nuevo r\u00e9gimen, ni se persigue, ni se castiga, ni se reconoce, una pena.<\/p>\n\n\n\n<p>La corrupci\u00f3n de \u201clos mejores\u201d, es la peor de todas\u2026<\/p>\n\n\n\n<p>Al Buen Entendedor\u2026<\/p>\n\n\n\n<p>\ufeff\ufeffsgrubiera@acticonsultores.com<\/p>\n","protected":false},"excerpt":{"rendered":"<p>Por: Sergio E. Gonz\u00e1lez Rubiera El proverbio latino, conocido desde hace siglos, hace referencia a la decadencia moral o a la corrupci\u00f3n practicada por quienes se hab\u00edan enaltecido o encumbrado argumentando las mejores virtudes para si mismos, el mayor prestigio y la m\u00e1s grande nobleza. En la nobleza de esp\u00edritu, radica la bonhom\u00eda, el buen [&hellip;]<\/p>\n","protected":false},"author":1,"featured_media":0,"comment_status":"open","ping_status":"closed","sticky":false,"template":"","format":"standard","meta":{"om_disable_all_campaigns":false,"jnews-multi-image_gallery":[],"jnews_single_post":[],"jnews_primary_category":[],"jnews_social_meta":[],"footnotes":""},"categories":[39],"tags":[],"class_list":["post-1069487","post","type-post","status-publish","format-standard","hentry","category-viajes"],"_links":{"self":[{"href":"https:\/\/dimensionturistica.com\/es\/wp-json\/wp\/v2\/posts\/1069487","targetHints":{"allow":["GET"]}}],"collection":[{"href":"https:\/\/dimensionturistica.com\/es\/wp-json\/wp\/v2\/posts"}],"about":[{"href":"https:\/\/dimensionturistica.com\/es\/wp-json\/wp\/v2\/types\/post"}],"author":[{"embeddable":true,"href":"https:\/\/dimensionturistica.com\/es\/wp-json\/wp\/v2\/users\/1"}],"replies":[{"embeddable":true,"href":"https:\/\/dimensionturistica.com\/es\/wp-json\/wp\/v2\/comments?post=1069487"}],"version-history":[{"count":1,"href":"https:\/\/dimensionturistica.com\/es\/wp-json\/wp\/v2\/posts\/1069487\/revisions"}],"predecessor-version":[{"id":1069495,"href":"https:\/\/dimensionturistica.com\/es\/wp-json\/wp\/v2\/posts\/1069487\/revisions\/1069495"}],"wp:attachment":[{"href":"https:\/\/dimensionturistica.com\/es\/wp-json\/wp\/v2\/media?parent=1069487"}],"wp:term":[{"taxonomy":"category","embeddable":true,"href":"https:\/\/dimensionturistica.com\/es\/wp-json\/wp\/v2\/categories?post=1069487"},{"taxonomy":"post_tag","embeddable":true,"href":"https:\/\/dimensionturistica.com\/es\/wp-json\/wp\/v2\/tags?post=1069487"}],"curies":[{"name":"wp","href":"https:\/\/api.w.org\/{rel}","templated":true}]}}