{"id":106946,"date":"2021-04-03T11:22:18","date_gmt":"2021-04-03T11:22:18","guid":{"rendered":"https:\/\/dimensionturistica.com\/es\/?p=106946"},"modified":"2021-04-03T11:22:18","modified_gmt":"2021-04-03T11:22:18","slug":"viajes-para-conocer-detalles-de-la-lucha-contra-el-covid-19-y-brigadas-medicas-en-la-agenda-de-alfredo-borrero-politica-noticias","status":"publish","type":"post","link":"https:\/\/dimensionturistica.com\/es\/viajes-para-conocer-detalles-de-la-lucha-contra-el-covid-19-y-brigadas-medicas-en-la-agenda-de-alfredo-borrero-politica-noticias\/","title":{"rendered":"Viajes para conocer detalles de la lucha contra el COVID-19 y brigadas m\u00e9dicas, en la agenda de Alfredo Borrero | Pol\u00edtica | Noticias"},"content":{"rendered":"<p> <br \/>\n<\/p>\n<p>El candidato es un m\u00e9dico cuencano; antes de completar la f\u00f3rmula presidencial de Guillermo Lasso fue asesor de la iniciativa Salvar Vidas EC.<\/p>\n<div id=\"\">\n<p class=\"prose-text\">Contactos con instituciones internacionales vinculadas a la lucha contra el COVID-19 y recorridos al mando de brigadas de salud coparon <b>la agenda de actividades en la segunda vuelta electoral de Alfredo Borrero, quien es la \u2018dupla\u2019 de Guillermo Lasso<\/b>. Ambos conforman el binomio presidencial de la alianza PSC-CREO, listas 21-6.<\/p>\n<p class=\"prose-text\">\u201cMi rol en la campa\u00f1a se encuentra enfocado, por pedido de Guillermo, en investigar y agrupar las experiencias de \u00e9xito a nivel mundial para combatir el COVID-19 y replicarlas en nuestro plan de vacunar a nueve millones de ecuatorianos dentro de los primeros 100 d\u00edas de gobierno. Para ello, he visitado Colombia, Estados Unidos y otros pa\u00edses, donde ya se est\u00e1 ejecutando un plan de vacunaci\u00f3n exitoso\u201d, comenta Borrero en una entrevista por escrito con este Diario.<\/p>\n<p class=\"prose-text\">M\u00e9dico de profesi\u00f3n, Borrero cuenta que, en Estados Unidos, se reuni\u00f3 con expertos del Instituto Nacional de Alergias y Enfermedades (NIAID, por sus siglas en ingl\u00e9s) que laboran con el inmun\u00f3logo Anthony Fauci, quien es el principal asesor sobre pandemias del Gobierno de ese pa\u00eds; con Michael Shifter, presidente del Interamerican Dialogue, un influyente <i>suppose tank<\/i> que tiene un grupo de trabajo sobre el imparto del virus en la regi\u00f3n; y con el secretario de Estado Maryland, John Wobensmith, que posee un plan de capacitaci\u00f3n a m\u00e9dicos y militares en el manejo de disaster sanitarias y desastres. Y, adem\u00e1s, visit\u00f3 centros de vacunaci\u00f3n de Washington y las instalaciones de Inova, uno de los principales proveedores de atenci\u00f3n m\u00e9dica en Virginia.<\/p>\n<p class=\"prose-text\">En Colombia, en cambio, dialog\u00f3 con ejecutivos del plan de vacunaci\u00f3n de Fundaci\u00f3n Santa Fe de Bogot\u00e1, y con expertos en salud, representantes de laboratorios y centros de vacunaci\u00f3n.<\/p>\n<p class=\"prose-text\">Localmente, Borrero est\u00e1 a la cabeza de brigadas m\u00e9dicas en varias provincias del pa\u00eds. Adem\u00e1s de atender enfermos y aplicar pruebas r\u00e1pidas de COVID-19, el candidato se\u00f1ala que conversa con dirigentes comunitarios, vendedores de mercados y profesionales. A ellos les explica c\u00f3mo ser\u00e1 el plan de vacunaci\u00f3n que implementar\u00e1 el binomio de llegar al poder.<\/p>\n<p class=\"prose-text\">Para <b>el consultor pol\u00edtico Jorge Le\u00f3n,<\/b> el aspirante tendr\u00eda que comunicar mejor sus actividades para que puedan aportar con votos al binomio.<\/p>\n<p class=\"prose-text\">\u201cComo figura pol\u00edtica no ha tenido el peso que se esperaba. Si en teor\u00eda se busc\u00f3 un candidato que pudiera sumar votos, ese deb\u00eda ser el doctor Borrero considerando que cuando reci\u00e9n arranc\u00f3 el proceso electoral la primera tem\u00e1tica que ten\u00eda la gente en su cabeza como problema para resolver era la pandemia\u2026 Pero ya en la arena pol\u00edtica vemos que eso no ha sido suficiente porque, desde mi criterio, no he le\u00eddo ning\u00fan pronunciamiento suyo sobre, por ejemplo, cu\u00e1l es el mejor mecanismo de vacunaci\u00f3n o los detalles de sus viajes\u201d, opina.<\/p>\n<p class=\"prose-text\">Mientras, <b>el exministro de Salud Francisco Andino<\/b> se\u00f1ala que Borrero es un \u201cm\u00e9dico privado prestigioso de la clase media de Quito, pero que no ha estado vinculado a la lucha clasista o con los asuntos sanitarios. \u201cCreo que no ha aportado con criterios en los temas de salud, por ejemplo, esto de la vacunaci\u00f3n en los 100 d\u00edas es debatible, y ha hablado de privatizar la salud cuando es un derecho y no una mercanc\u00eda\u201d, indica.<\/p>\n<p class=\"prose-text\">\u201cLa figura de Lasso ha sido la de mayor descollo\u201d, aclara Andino, quien fue candidato a la Asamblea por el movimiento Juntos Podemos, del cual se separ\u00f3. El tambi\u00e9n m\u00e9dico cube que apoyar\u00e1 la candidatura de la alianza CREO-PSC. (I)<\/p>\n<\/div>\n\n<p><em> &#8221; Fuentes www.eluniverso.com &#8221; <\/em><\/p>\n","protected":false},"excerpt":{"rendered":"<p>El candidato es un m\u00e9dico cuencano; antes de completar la f\u00f3rmula presidencial de Guillermo Lasso fue asesor de la iniciativa Salvar Vidas EC. Contactos con instituciones internacionales vinculadas a la lucha contra el COVID-19 y recorridos al mando de brigadas de salud coparon la agenda de actividades en la segunda vuelta electoral de Alfredo Borrero, [&hellip;]<\/p>\n","protected":false},"author":4,"featured_media":106947,"comment_status":"open","ping_status":"closed","sticky":false,"template":"","format":"standard","meta":{"om_disable_all_campaigns":false,"jnews-multi-image_gallery":[],"jnews_single_post":[],"jnews_primary_category":[],"jnews_social_meta":[],"footnotes":""},"categories":[39],"tags":[],"class_list":["post-106946","post","type-post","status-publish","format-standard","has-post-thumbnail","hentry","category-viajes"],"_links":{"self":[{"href":"https:\/\/dimensionturistica.com\/es\/wp-json\/wp\/v2\/posts\/106946","targetHints":{"allow":["GET"]}}],"collection":[{"href":"https:\/\/dimensionturistica.com\/es\/wp-json\/wp\/v2\/posts"}],"about":[{"href":"https:\/\/dimensionturistica.com\/es\/wp-json\/wp\/v2\/types\/post"}],"author":[{"embeddable":true,"href":"https:\/\/dimensionturistica.com\/es\/wp-json\/wp\/v2\/users\/4"}],"replies":[{"embeddable":true,"href":"https:\/\/dimensionturistica.com\/es\/wp-json\/wp\/v2\/comments?post=106946"}],"version-history":[{"count":0,"href":"https:\/\/dimensionturistica.com\/es\/wp-json\/wp\/v2\/posts\/106946\/revisions"}],"wp:featuredmedia":[{"embeddable":true,"href":"https:\/\/dimensionturistica.com\/es\/wp-json\/wp\/v2\/media\/106947"}],"wp:attachment":[{"href":"https:\/\/dimensionturistica.com\/es\/wp-json\/wp\/v2\/media?parent=106946"}],"wp:term":[{"taxonomy":"category","embeddable":true,"href":"https:\/\/dimensionturistica.com\/es\/wp-json\/wp\/v2\/categories?post=106946"},{"taxonomy":"post_tag","embeddable":true,"href":"https:\/\/dimensionturistica.com\/es\/wp-json\/wp\/v2\/tags?post=106946"}],"curies":[{"name":"wp","href":"https:\/\/api.w.org\/{rel}","templated":true}]}}