{"id":1069168,"date":"2025-10-30T23:47:45","date_gmt":"2025-10-30T23:47:45","guid":{"rendered":"https:\/\/dimensionturistica.com\/es\/?p=1069168"},"modified":"2025-10-30T23:47:45","modified_gmt":"2025-10-30T23:47:45","slug":"cvne-y-su-legado-en-mexico","status":"publish","type":"post","link":"https:\/\/dimensionturistica.com\/es\/cvne-y-su-legado-en-mexico\/","title":{"rendered":"CVNE y su legado en M\u00e9xico"},"content":{"rendered":"\n<p><\/p>\n\n\n\n<figure class=\"wp-block-gallery has-nested-images columns-default is-cropped wp-block-gallery-1 is-layout-flex wp-block-gallery-is-layout-flex\">\n<figure class=\"wp-block-image size-large\"><img decoding=\"async\" width=\"398\" height=\"394\" data-id=\"1069169\" src=\"https:\/\/dimensionturistica.com\/es\/wp-content\/uploads\/2025\/10\/5VINO-1.jpg\" alt=\"\" class=\"wp-image-1069169\" srcset=\"https:\/\/dimensionturistica.com\/es\/wp-content\/uploads\/2025\/10\/5VINO-1.jpg 398w, https:\/\/dimensionturistica.com\/es\/wp-content\/uploads\/2025\/10\/5VINO-1-300x297.jpg 300w, https:\/\/dimensionturistica.com\/es\/wp-content\/uploads\/2025\/10\/5VINO-1-75x75.jpg 75w\" sizes=\"(max-width: 398px) 100vw, 398px\" \/><\/figure>\n<\/figure>\n\n\n\n<p>Desde 1879, la Compa\u00f1\u00eda Vin\u00edcola del Norte de Espa\u00f1a se ha consolidado como una de las bodegas familiares m\u00e1s emblem\u00e1ticas del mundo. Nacida en Haro, Rioja, de la visi\u00f3n de los hermanos Eusebio y Raimundo Real de As\u00faa, ha mantenido viva la tradici\u00f3n vin\u00edcola a lo largo de cinco generaciones, combinando respeto por la tierra, innovaci\u00f3n en la elaboraci\u00f3n y un compromiso firme con la calidad.<\/p>\n\n\n\n<p>Hoy, ese mismo compromiso se refleja en M\u00e9xico, un pa\u00eds donde CVNE ha echado ra\u00edces profundas y donde se ha convertido en sin\u00f3nimo de confianza y excelencia.<\/p>\n\n\n\n<p>La relaci\u00f3n de CVNE con M\u00e9xico es hist\u00f3rica y cercana. Desde hace m\u00e1s de 60 a\u00f1os, sus vinos se han posicionado como referentes indiscutibles en nuestro pa\u00eds. No se trata \u00fanicamente de cifras de ventas sino de un v\u00ednculo cultural y gastron\u00f3mico que ha acompa\u00f1ado a generaciones de mexicanos. CVNE se vive en cada celebraci\u00f3n, en cada mesa donde el vino se convierte en un puente entre sabores, tradiciones y emociones.<\/p>\n\n\n\n<figure class=\"wp-block-gallery has-nested-images columns-default is-cropped wp-block-gallery-2 is-layout-flex wp-block-gallery-is-layout-flex\">\n<figure class=\"wp-block-image size-large\"><img decoding=\"async\" width=\"500\" height=\"749\" data-id=\"1069170\" src=\"https:\/\/dimensionturistica.com\/es\/wp-content\/uploads\/2025\/10\/1VINO-1.jpg\" alt=\"\" class=\"wp-image-1069170\" srcset=\"https:\/\/dimensionturistica.com\/es\/wp-content\/uploads\/2025\/10\/1VINO-1.jpg 500w, https:\/\/dimensionturistica.com\/es\/wp-content\/uploads\/2025\/10\/1VINO-1-200x300.jpg 200w\" sizes=\"(max-width: 500px) 100vw, 500px\" \/><\/figure>\n<\/figure>\n\n\n\n<p>La gastronom\u00eda mexicana, reconocida como Patrimonio Inmaterial de la Humanidad por la UNESCO, es un universo complejo de aromas, texturas y contrastes. En este escenario, los vinos de CVNE han encontrado un lugar privilegiado, logrando maridajes que exaltan tanto la riqueza de los platillos tradicionales como la sofisticaci\u00f3n de la cocina contempor\u00e1nea. Desde un mole poblano acompa\u00f1ado de un Imperial Reserva, hasta un ceviche fresco con la vivacidad de un Monopole, la bodega ha demostrado que sus vinos elevan la experiencia gastron\u00f3mica.<\/p>\n\n\n\n<p>El secreto de esta integraci\u00f3n est\u00e1 en la diversidad del portafolio de CVNE. Con etiquetas como Cune Crianza y Reserva, La Val, Imperial Reserva, Contino, Roger Goulart, Monopole, Cune Bailarina, Bela, entre muchas otras, la bodega ofrece vinos para toda ocasi\u00f3n.<\/p>\n\n\n\n<p>Cune Crianza, por ejemplo, es el vino favorito de los espa\u00f1oles y tambi\u00e9n uno de los m\u00e1s reconocidos en M\u00e9xico, gracias a su versatilidad y a esa capacidad de convertirse en un compa\u00f1ero confiable en cualquier mesa.<\/p>\n\n\n\n<p>Monopole, el vino blanco m\u00e1s antiguo de Espa\u00f1a, ha acompa\u00f1ado la evoluci\u00f3n del paladar mexicano, ofreciendo frescura y tradici\u00f3n en cada sorbo. Y etiquetas como Imperial han sido protagonistas en los espacios m\u00e1s selectos, representando lo mejor de la enolog\u00eda espa\u00f1ola ante consumidores cada vez m\u00e1s exigentes.<\/p>\n\n\n\n<p>CVNE ha sido un aliado de M\u00e9xico, juntos han transformado y evolucionado para ofrecer lo mejor de ambos mundos en cada espacio donde se encuentran; compartir experiencias en celebraciones centenarias, nacionales, acompa\u00f1a la mesa de las familias mexicanas, despierta la curiosidad de nuevas generaciones, quienes descubren una vasta variedad de etiquetas con aromas y sabores que proveen una amplitud de sensaciones.<\/p>\n\n\n\n<figure class=\"wp-block-gallery has-nested-images columns-default is-cropped wp-block-gallery-3 is-layout-flex wp-block-gallery-is-layout-flex\">\n<figure class=\"wp-block-image size-large\"><img decoding=\"async\" width=\"500\" height=\"750\" data-id=\"1069171\" src=\"https:\/\/dimensionturistica.com\/es\/wp-content\/uploads\/2025\/10\/3VINO.jpg\" alt=\"\" class=\"wp-image-1069171\" srcset=\"https:\/\/dimensionturistica.com\/es\/wp-content\/uploads\/2025\/10\/3VINO.jpg 500w, https:\/\/dimensionturistica.com\/es\/wp-content\/uploads\/2025\/10\/3VINO-200x300.jpg 200w\" sizes=\"(max-width: 500px) 100vw, 500px\" \/><\/figure>\n<\/figure>\n\n\n\n<p>As\u00ed, al estar presente en momentos cotidianos y en celebraciones importantes, CUNE es el vino que nunca falla para las generaciones de consumidores que buscan calidad, autenticidad y car\u00e1cter.<\/p>\n\n\n\n<p>M\u00e9xico y CVNE comparten hoy una relaci\u00f3n de complicidad y confianza que sigue fortaleci\u00e9ndose. El vino espa\u00f1ol m\u00e1s degustado en nuestro pa\u00eds es parte de la historia de la gastronom\u00eda mexicana contempor\u00e1nea, un aliado de su diversidad y esa es la verdadera grandeza de CVNE, el ser parte del presente de M\u00e9xico y, al mismo tiempo, un referente indiscutible para su futuro.<\/p>\n","protected":false},"excerpt":{"rendered":"<p>Desde 1879, la Compa\u00f1\u00eda Vin\u00edcola del Norte de Espa\u00f1a se ha consolidado como una de las bodegas familiares m\u00e1s emblem\u00e1ticas del mundo. Nacida en Haro, Rioja, de la visi\u00f3n de los hermanos Eusebio y Raimundo Real de As\u00faa, ha mantenido viva la tradici\u00f3n vin\u00edcola a lo largo de cinco generaciones, combinando respeto por la tierra, [&hellip;]<\/p>\n","protected":false},"author":1,"featured_media":0,"comment_status":"open","ping_status":"closed","sticky":false,"template":"","format":"standard","meta":{"om_disable_all_campaigns":false,"jnews-multi-image_gallery":[],"jnews_single_post":[],"jnews_primary_category":[],"jnews_social_meta":[],"footnotes":""},"categories":[43],"tags":[],"class_list":["post-1069168","post","type-post","status-publish","format-standard","hentry","category-gourmet"],"_links":{"self":[{"href":"https:\/\/dimensionturistica.com\/es\/wp-json\/wp\/v2\/posts\/1069168","targetHints":{"allow":["GET"]}}],"collection":[{"href":"https:\/\/dimensionturistica.com\/es\/wp-json\/wp\/v2\/posts"}],"about":[{"href":"https:\/\/dimensionturistica.com\/es\/wp-json\/wp\/v2\/types\/post"}],"author":[{"embeddable":true,"href":"https:\/\/dimensionturistica.com\/es\/wp-json\/wp\/v2\/users\/1"}],"replies":[{"embeddable":true,"href":"https:\/\/dimensionturistica.com\/es\/wp-json\/wp\/v2\/comments?post=1069168"}],"version-history":[{"count":1,"href":"https:\/\/dimensionturistica.com\/es\/wp-json\/wp\/v2\/posts\/1069168\/revisions"}],"predecessor-version":[{"id":1069172,"href":"https:\/\/dimensionturistica.com\/es\/wp-json\/wp\/v2\/posts\/1069168\/revisions\/1069172"}],"wp:attachment":[{"href":"https:\/\/dimensionturistica.com\/es\/wp-json\/wp\/v2\/media?parent=1069168"}],"wp:term":[{"taxonomy":"category","embeddable":true,"href":"https:\/\/dimensionturistica.com\/es\/wp-json\/wp\/v2\/categories?post=1069168"},{"taxonomy":"post_tag","embeddable":true,"href":"https:\/\/dimensionturistica.com\/es\/wp-json\/wp\/v2\/tags?post=1069168"}],"curies":[{"name":"wp","href":"https:\/\/api.w.org\/{rel}","templated":true}]}}