{"id":1069150,"date":"2025-10-30T23:23:46","date_gmt":"2025-10-30T23:23:46","guid":{"rendered":"https:\/\/dimensionturistica.com\/es\/?p=1069150"},"modified":"2025-10-30T23:26:07","modified_gmt":"2025-10-30T23:26:07","slug":"uber-eats-celebro-la-cuarta-edicion-de-los-premios-uber-eats-donde-se-reconocio-a-lo-mejor-de-la-gastronomia-en-el-ano","status":"publish","type":"post","link":"https:\/\/dimensionturistica.com\/es\/uber-eats-celebro-la-cuarta-edicion-de-los-premios-uber-eats-donde-se-reconocio-a-lo-mejor-de-la-gastronomia-en-el-ano\/","title":{"rendered":"Uber Eats celebr\u00f3 la cuarta edici\u00f3n de los Premios Uber Eats, donde se reconoci\u00f3 a lo mejor de la gastronom\u00eda en el a\u00f1o."},"content":{"rendered":"\n<figure class=\"wp-block-gallery has-nested-images columns-default is-cropped wp-block-gallery-1 is-layout-flex wp-block-gallery-is-layout-flex\">\n<figure class=\"wp-block-image size-large\"><img decoding=\"async\" width=\"317\" height=\"108\" data-id=\"1069151\" src=\"https:\/\/dimensionturistica.com\/es\/wp-content\/uploads\/2025\/10\/12UBER.jpg\" alt=\"\" class=\"wp-image-1069151\" srcset=\"https:\/\/dimensionturistica.com\/es\/wp-content\/uploads\/2025\/10\/12UBER.jpg 317w, https:\/\/dimensionturistica.com\/es\/wp-content\/uploads\/2025\/10\/12UBER-300x102.jpg 300w\" sizes=\"(max-width: 317px) 100vw, 317px\" \/><\/figure>\n<\/figure>\n\n\n\n<p>En el marco de Future of Food 2025, el evento l\u00edder de delivery en M\u00e9xico, Uber Eats celebr\u00f3 la cuarta edici\u00f3n de los Premios Uber Eats bajo el concepto Sabor Local, que reconoci\u00f3 a los restaurantes que est\u00e1n marcando el camino en sabor, crecimiento y compromiso con sus comunidades, desde lo m\u00e1s tradicional hasta lo m\u00e1s innovador del ecosistema gastron\u00f3mico nacional.<\/p>\n\n\n\n<p>Este a\u00f1o, los premios se vistieron de identidad y saz\u00f3n para rendir homenaje a lo que realmente le da sabor a la plataforma: las pymes mexicanas. Con cuatro bloques principales y un concepto que exalta lo aut\u00e9ntico, lo regional y lo hecho con pasi\u00f3n. Sabor Local fue mucho m\u00e1s que un tema, represent\u00f3 un reconocimiento al talento y esfuerzo de los m\u00e1s de 60 mil restaurantes y emprendedores culinarios registrados en la app en todo el pa\u00eds.<\/p>\n\n\n\n<p>\u201cCon Sabor Local, celebramos a quienes hacen desde hace m\u00e1s de 9 a\u00f1os algo \u00fanico de Uber Eats en M\u00e9xico. Son negocios con identidad, propuestas aut\u00e9nticas y una enorme capacidad de crecer. Este reconocimiento es para ellos\u201d, se\u00f1al\u00f3 Daniel Colunga, director general de Uber Eats M\u00e9xico.<\/p>\n\n\n\n<p>La ceremonia incluy\u00f3 premios como Saz\u00f3n del Centro, Fuerza del Norte, Campa\u00f1a del A\u00f1o y Pedido Perfecto, adem\u00e1s de menciones especiales como Siempre Contigo, Compromiso \u00danico y Nace una Estrella, esta \u00faltima dedicada a los restaurantes emergentes que han mostrado un crecimiento exponencial en todo el pa\u00eds. Los ganadores recibieron la Bolsa de Oro, Edici\u00f3n Sabor Local, una pieza simb\u00f3lica del impacto que han logrado dentro y fuera de la plataforma.<\/p>\n\n\n\n<figure class=\"wp-block-gallery has-nested-images columns-default is-cropped wp-block-gallery-2 is-layout-flex wp-block-gallery-is-layout-flex\">\n<figure class=\"wp-block-image size-large\"><img decoding=\"async\" width=\"500\" height=\"312\" data-id=\"1069157\" src=\"https:\/\/dimensionturistica.com\/es\/wp-content\/uploads\/2025\/10\/2UBER-1.jpg\" alt=\"\" class=\"wp-image-1069157\" srcset=\"https:\/\/dimensionturistica.com\/es\/wp-content\/uploads\/2025\/10\/2UBER-1.jpg 500w, https:\/\/dimensionturistica.com\/es\/wp-content\/uploads\/2025\/10\/2UBER-1-300x187.jpg 300w\" sizes=\"(max-width: 500px) 100vw, 500px\" \/><\/figure>\n<\/figure>\n\n\n\n<p>\u201cUber Eats ha significado mucho para La Casa de To\u00f1o. Nos ha ayudado a llevar nuestro sabor tradicional a m\u00e1s hogares, siempre manteniendo ese toque local que caracteriza a los mexicano\u201d, coment\u00f3 Ana Zuluaga, directora de delivery de La Casa de To\u00f1o, restaurante ganador de la Bolsa de Oro edici\u00f3n Sabor Local.<\/p>\n\n\n\n<p>Este reconocimiento llega en un momento clave para la compa\u00f1\u00eda, que se prepara para celebrar su primera d\u00e9cada en M\u00e9xico en 2026. Actualmente, del total de los negocios registrados en la app, el 60\u202f% son peque\u00f1as y medianas empresas que encuentran en Uber Eats una herramienta clave para hacer crecer su operaci\u00f3n, acceder a ganancias incrementales y llegar a nuevos usuarios.<\/p>\n\n\n\n<figure class=\"wp-block-gallery has-nested-images columns-default is-cropped wp-block-gallery-3 is-layout-flex wp-block-gallery-is-layout-flex\">\n<figure class=\"wp-block-image size-large\"><img decoding=\"async\" width=\"500\" height=\"310\" data-id=\"1069153\" src=\"https:\/\/dimensionturistica.com\/es\/wp-content\/uploads\/2025\/10\/1UBER-1.jpg\" alt=\"\" class=\"wp-image-1069153\" srcset=\"https:\/\/dimensionturistica.com\/es\/wp-content\/uploads\/2025\/10\/1UBER-1.jpg 500w, https:\/\/dimensionturistica.com\/es\/wp-content\/uploads\/2025\/10\/1UBER-1-300x186.jpg 300w\" sizes=\"(max-width: 500px) 100vw, 500px\" \/><\/figure>\n<\/figure>\n\n\n\n<p>&#8220;Felicitamos a los ganadores de los Premios Uber Eats 2025, quienes son un claro ejemplo del impacto que las peque\u00f1as y medianas empresas de la gastronom\u00eda en nuestro pa\u00eds. En Nestl\u00e9 Professional, estamos comprometidos a seguir apoyando a estos grandes emprendedores, ya que su creatividad y pasi\u00f3n son fundamentales para construir un futuro innovador y pr\u00f3spero en la industria HORECA.\u201d mencion\u00f3 Philippe Breitenbucher, Director General Nestl\u00e9 Professional en M\u00e9xico.<\/p>\n\n\n\n<p>La edici\u00f3n 2025 de los premios se consolid\u00f3 como una muestra del rol que juega Uber Eats no solo como plataforma de entrega, sino como aliada estrat\u00e9gica del sector restaurantero en M\u00e9xico. En un pa\u00eds donde m\u00e1s del 95\u202f% de los negocios de alimentos y bebidas son PYMES, la tecnolog\u00eda puede ser una llave para mantener vivas las recetas que forman parte de la identidad gastron\u00f3mica mexicana, al mismo tiempo que impulsa su crecimiento.<\/p>\n\n\n\n<p><\/p>\n","protected":false},"excerpt":{"rendered":"<p>En el marco de Future of Food 2025, el evento l\u00edder de delivery en M\u00e9xico, Uber Eats celebr\u00f3 la cuarta edici\u00f3n de los Premios Uber Eats bajo el concepto Sabor Local, que reconoci\u00f3 a los restaurantes que est\u00e1n marcando el camino en sabor, crecimiento y compromiso con sus comunidades, desde lo m\u00e1s tradicional hasta lo [&hellip;]<\/p>\n","protected":false},"author":1,"featured_media":0,"comment_status":"open","ping_status":"closed","sticky":false,"template":"","format":"standard","meta":{"om_disable_all_campaigns":false,"jnews-multi-image_gallery":[],"jnews_single_post":[],"jnews_primary_category":[],"jnews_social_meta":[],"footnotes":""},"categories":[43],"tags":[],"class_list":["post-1069150","post","type-post","status-publish","format-standard","hentry","category-gourmet"],"_links":{"self":[{"href":"https:\/\/dimensionturistica.com\/es\/wp-json\/wp\/v2\/posts\/1069150","targetHints":{"allow":["GET"]}}],"collection":[{"href":"https:\/\/dimensionturistica.com\/es\/wp-json\/wp\/v2\/posts"}],"about":[{"href":"https:\/\/dimensionturistica.com\/es\/wp-json\/wp\/v2\/types\/post"}],"author":[{"embeddable":true,"href":"https:\/\/dimensionturistica.com\/es\/wp-json\/wp\/v2\/users\/1"}],"replies":[{"embeddable":true,"href":"https:\/\/dimensionturistica.com\/es\/wp-json\/wp\/v2\/comments?post=1069150"}],"version-history":[{"count":2,"href":"https:\/\/dimensionturistica.com\/es\/wp-json\/wp\/v2\/posts\/1069150\/revisions"}],"predecessor-version":[{"id":1069158,"href":"https:\/\/dimensionturistica.com\/es\/wp-json\/wp\/v2\/posts\/1069150\/revisions\/1069158"}],"wp:attachment":[{"href":"https:\/\/dimensionturistica.com\/es\/wp-json\/wp\/v2\/media?parent=1069150"}],"wp:term":[{"taxonomy":"category","embeddable":true,"href":"https:\/\/dimensionturistica.com\/es\/wp-json\/wp\/v2\/categories?post=1069150"},{"taxonomy":"post_tag","embeddable":true,"href":"https:\/\/dimensionturistica.com\/es\/wp-json\/wp\/v2\/tags?post=1069150"}],"curies":[{"name":"wp","href":"https:\/\/api.w.org\/{rel}","templated":true}]}}