{"id":1069104,"date":"2025-10-30T21:38:37","date_gmt":"2025-10-30T21:38:37","guid":{"rendered":"https:\/\/dimensionturistica.com\/es\/?p=1069104"},"modified":"2025-10-30T21:38:37","modified_gmt":"2025-10-30T21:38:37","slug":"conoce-los-mejores-panes-de-muerto-que-puedes-disfrutar-en-cdmx","status":"publish","type":"post","link":"https:\/\/dimensionturistica.com\/es\/conoce-los-mejores-panes-de-muerto-que-puedes-disfrutar-en-cdmx\/","title":{"rendered":"Conoce los mejores panes de muerto que puedes disfrutar en CDMX"},"content":{"rendered":"\n<figure class=\"wp-block-gallery has-nested-images columns-default is-cropped wp-block-gallery-1 is-layout-flex wp-block-gallery-is-layout-flex\">\n<figure class=\"wp-block-image size-large\"><img decoding=\"async\" width=\"500\" height=\"333\" data-id=\"1069105\" src=\"https:\/\/dimensionturistica.com\/es\/wp-content\/uploads\/2025\/10\/1PAN.jpg\" alt=\"\" class=\"wp-image-1069105\" srcset=\"https:\/\/dimensionturistica.com\/es\/wp-content\/uploads\/2025\/10\/1PAN.jpg 500w, https:\/\/dimensionturistica.com\/es\/wp-content\/uploads\/2025\/10\/1PAN-300x200.jpg 300w\" sizes=\"(max-width: 500px) 100vw, 500px\" \/><\/figure>\n<\/figure>\n\n\n\n<p>Pocos aromas y sabores unen tanto a las familias como lo hace el pan de muerto reci\u00e9n horneado. Con un sabor inconfundible que ha trascendido de generaci\u00f3n en generaci\u00f3n, este pan de temporada se ha convertido en un \u00edcono gastron\u00f3mico que no puede faltar en los altares y en las mesas de los mexicanos.<\/p>\n\n\n\n<p>Con m\u00e1s de un siglo de historia, Santa Clara celebra el D\u00eda de Muertos con La Paneada Santa Clara 2025 con sede en Casa Barcelona by Proyectos P\u00fablicos. Este evento es una experiencia que rinde homenaje a uno de los panes m\u00e1s emblem\u00e1ticos de M\u00e9xico. Este a\u00f1o, 18 panader\u00edas ic\u00f3nicas de la Ciudad de M\u00e9xico se unieron para reinterpretar este cl\u00e1sico de la panader\u00eda mexicana, combinando creatividad, t\u00e9cnica y sabor en cada propuesta.<\/p>\n\n\n\n<figure class=\"wp-block-gallery has-nested-images columns-default is-cropped wp-block-gallery-2 is-layout-flex wp-block-gallery-is-layout-flex\">\n<figure class=\"wp-block-image size-large\"><img decoding=\"async\" width=\"500\" height=\"333\" data-id=\"1069106\" src=\"https:\/\/dimensionturistica.com\/es\/wp-content\/uploads\/2025\/10\/2PAN.jpg\" alt=\"\" class=\"wp-image-1069106\" srcset=\"https:\/\/dimensionturistica.com\/es\/wp-content\/uploads\/2025\/10\/2PAN.jpg 500w, https:\/\/dimensionturistica.com\/es\/wp-content\/uploads\/2025\/10\/2PAN-300x200.jpg 300w\" sizes=\"(max-width: 500px) 100vw, 500px\" \/><\/figure>\n<\/figure>\n\n\n\n<p>En esta edici\u00f3n, maestros panaderos y chefs presentaron la cl\u00e1sica receta con una visi\u00f3n contempor\u00e1nea que respeta su esencia. Desde la versi\u00f3n tradicional de naranja y azahar, hasta creaciones con nata francesa o crema de caf\u00e9 de olla, e innovaciones con toques de guayaba artesanal, queso de bola o dulce de leche con pinole.<\/p>\n\n\n\n<figure class=\"wp-block-gallery has-nested-images columns-default is-cropped wp-block-gallery-3 is-layout-flex wp-block-gallery-is-layout-flex\">\n<figure class=\"wp-block-image size-large\"><img decoding=\"async\" width=\"500\" height=\"333\" data-id=\"1069107\" src=\"https:\/\/dimensionturistica.com\/es\/wp-content\/uploads\/2025\/10\/3PAN.jpg\" alt=\"\" class=\"wp-image-1069107\" srcset=\"https:\/\/dimensionturistica.com\/es\/wp-content\/uploads\/2025\/10\/3PAN.jpg 500w, https:\/\/dimensionturistica.com\/es\/wp-content\/uploads\/2025\/10\/3PAN-300x200.jpg 300w\" sizes=\"(max-width: 500px) 100vw, 500px\" \/><\/figure>\n<\/figure>\n\n\n\n<p>\u201cLa Paneada Santa Clara 2025 es, sin duda, un deleite al paladar por las texturas, los aromas y los sabores que van del brioche mantequilloso al toque c\u00edtrico del azahar, del perfume de la vainilla al contraste de lo dulce y lo salado. Cada creaci\u00f3n cuenta una historia distinta, pero todas comparten el mismo prop\u00f3sito: rendir homenaje a una costumbre que sigue viva en las panader\u00edas, en las mesas y en cada #SantoChopeo con Santa Clara\u201d, dijo Carmen Mendez, Vicepresidenta de Frontline Marketing M\u00e9xico.<\/p>\n\n\n\n<figure class=\"wp-block-gallery has-nested-images columns-default is-cropped wp-block-gallery-4 is-layout-flex wp-block-gallery-is-layout-flex\">\n<figure class=\"wp-block-image size-large\"><img decoding=\"async\" width=\"500\" height=\"333\" data-id=\"1069108\" src=\"https:\/\/dimensionturistica.com\/es\/wp-content\/uploads\/2025\/10\/4PAN.jpg\" alt=\"\" class=\"wp-image-1069108\" srcset=\"https:\/\/dimensionturistica.com\/es\/wp-content\/uploads\/2025\/10\/4PAN.jpg 500w, https:\/\/dimensionturistica.com\/es\/wp-content\/uploads\/2025\/10\/4PAN-300x200.jpg 300w\" sizes=\"(max-width: 500px) 100vw, 500px\" \/><\/figure>\n<\/figure>\n\n\n\n<p>Para celebrar la tradici\u00f3n m\u00e1s dulce de la temporada y acompa\u00f1ada del ritual del #SantoChopeo, La Paneada Santa Clara 2025 reconoci\u00f3 las propuestas m\u00e1s destacadas en las siguientes categor\u00edas:<\/p>\n\n\n\n<p>Pan de Muerto Tradicional: Consuelo, por su fiel recreaci\u00f3n de la receta tradicional que encant\u00f3 al p\u00fablico.<\/p>\n\n\n\n<p>Pan de Muerto Relleno: Pasteler\u00eda Mallorca, destacada por su relleno de queso mascarpone y compota de guayaba especiada con piloncillo.<\/p>\n\n\n\n<p>Pan de Muerto M\u00e1s Original: Bu\u00f1uelo, con una propuesta innovadora en la que resalt\u00f3 el uso y sabor del chocolate blanco y tocino.<\/p>\n\n\n\n<figure class=\"wp-block-gallery has-nested-images columns-default is-cropped wp-block-gallery-5 is-layout-flex wp-block-gallery-is-layout-flex\">\n<figure class=\"wp-block-image size-large\"><img decoding=\"async\" width=\"500\" height=\"333\" data-id=\"1069109\" src=\"https:\/\/dimensionturistica.com\/es\/wp-content\/uploads\/2025\/10\/5PAN.jpg\" alt=\"\" class=\"wp-image-1069109\" srcset=\"https:\/\/dimensionturistica.com\/es\/wp-content\/uploads\/2025\/10\/5PAN.jpg 500w, https:\/\/dimensionturistica.com\/es\/wp-content\/uploads\/2025\/10\/5PAN-300x200.jpg 300w\" sizes=\"(max-width: 500px) 100vw, 500px\" \/><\/figure>\n<\/figure>\n\n\n\n<p>People\u2019s Choice: Elizondo, por su exquisita masa tipo brioche.<\/p>\n\n\n\n<p>El pan de muerto es un s\u00edmbolo de encuentro y de memoria. Santa Clara, con m\u00e1s de cien a\u00f1os acompa\u00f1ando las mesas de M\u00e9xico, reafirma su compromiso con las tradiciones que nos unen, invitando a todos a disfrutar de esta temporada con el sabor inconfundible del #SantoChopeo.<\/p>\n\n\n\n<figure class=\"wp-block-gallery has-nested-images columns-default is-cropped wp-block-gallery-6 is-layout-flex wp-block-gallery-is-layout-flex\">\n<figure class=\"wp-block-image size-large\"><img decoding=\"async\" width=\"500\" height=\"333\" data-id=\"1069113\" src=\"https:\/\/dimensionturistica.com\/es\/wp-content\/uploads\/2025\/10\/7PAN.jpg\" alt=\"\" class=\"wp-image-1069113\" srcset=\"https:\/\/dimensionturistica.com\/es\/wp-content\/uploads\/2025\/10\/7PAN.jpg 500w, https:\/\/dimensionturistica.com\/es\/wp-content\/uploads\/2025\/10\/7PAN-300x200.jpg 300w\" sizes=\"(max-width: 500px) 100vw, 500px\" \/><\/figure>\n<\/figure>\n","protected":false},"excerpt":{"rendered":"<p>Pocos aromas y sabores unen tanto a las familias como lo hace el pan de muerto reci\u00e9n horneado. Con un sabor inconfundible que ha trascendido de generaci\u00f3n en generaci\u00f3n, este pan de temporada se ha convertido en un \u00edcono gastron\u00f3mico que no puede faltar en los altares y en las mesas de los mexicanos. Con [&hellip;]<\/p>\n","protected":false},"author":1,"featured_media":0,"comment_status":"open","ping_status":"closed","sticky":false,"template":"","format":"standard","meta":{"om_disable_all_campaigns":false,"jnews-multi-image_gallery":[],"jnews_single_post":[],"jnews_primary_category":[],"jnews_social_meta":[],"footnotes":""},"categories":[43],"tags":[],"class_list":["post-1069104","post","type-post","status-publish","format-standard","hentry","category-gourmet"],"_links":{"self":[{"href":"https:\/\/dimensionturistica.com\/es\/wp-json\/wp\/v2\/posts\/1069104","targetHints":{"allow":["GET"]}}],"collection":[{"href":"https:\/\/dimensionturistica.com\/es\/wp-json\/wp\/v2\/posts"}],"about":[{"href":"https:\/\/dimensionturistica.com\/es\/wp-json\/wp\/v2\/types\/post"}],"author":[{"embeddable":true,"href":"https:\/\/dimensionturistica.com\/es\/wp-json\/wp\/v2\/users\/1"}],"replies":[{"embeddable":true,"href":"https:\/\/dimensionturistica.com\/es\/wp-json\/wp\/v2\/comments?post=1069104"}],"version-history":[{"count":1,"href":"https:\/\/dimensionturistica.com\/es\/wp-json\/wp\/v2\/posts\/1069104\/revisions"}],"predecessor-version":[{"id":1069114,"href":"https:\/\/dimensionturistica.com\/es\/wp-json\/wp\/v2\/posts\/1069104\/revisions\/1069114"}],"wp:attachment":[{"href":"https:\/\/dimensionturistica.com\/es\/wp-json\/wp\/v2\/media?parent=1069104"}],"wp:term":[{"taxonomy":"category","embeddable":true,"href":"https:\/\/dimensionturistica.com\/es\/wp-json\/wp\/v2\/categories?post=1069104"},{"taxonomy":"post_tag","embeddable":true,"href":"https:\/\/dimensionturistica.com\/es\/wp-json\/wp\/v2\/tags?post=1069104"}],"curies":[{"name":"wp","href":"https:\/\/api.w.org\/{rel}","templated":true}]}}