{"id":1069078,"date":"2025-10-30T20:38:26","date_gmt":"2025-10-30T20:38:26","guid":{"rendered":"https:\/\/dimensionturistica.com\/es\/?p=1069078"},"modified":"2025-10-30T20:38:26","modified_gmt":"2025-10-30T20:38:26","slug":"los-viajes-dentro-del-pais-se-reactivaran-cuando-las-circunstancias-lo-permitan-despues-del-paso-de-melissa","status":"publish","type":"post","link":"https:\/\/dimensionturistica.com\/es\/los-viajes-dentro-del-pais-se-reactivaran-cuando-las-circunstancias-lo-permitan-despues-del-paso-de-melissa\/","title":{"rendered":"Los viajes dentro del pa\u00eds se reactivar\u00e1n &#8216;cuando las circunstancias lo permitan&#8217; despu\u00e9s del paso de Melissa"},"content":{"rendered":"<h3>La Reanudaci\u00f3n de Viajes Nacionales en Cuba: Una Esperanza Renovada<\/h3>\n<p>Cuba, un destino que siempre ha fascinado a viajeros de todo el mundo por su cultura vibrante y sus paisajes impresionantes, se encuentra en un momento de transformaci\u00f3n. Tras el paso de la tormenta tropical Melissa, el enfoque en la seguridad y el bienestar de la poblaci\u00f3n ha llevado a las autoridades a tomar decisiones clave respecto a los viajes nacionales.<\/p>\n<p>Con la situaci\u00f3n meteorol\u00f3gica que ha impactado diversas regiones del pa\u00eds, las autoridades han indicado que la reanudaci\u00f3n de los viajes nacionales se llevar\u00e1 a cabo \u00fanicamente cuando las condiciones lo permitan. Esta medida no solo refleja un compromiso inquebrantable con la seguridad de los ciudadanos, sino que tambi\u00e9n subraya la importancia de cuidar el entorno natural que hace de Cuba un lugar \u00fanico.<\/p>\n<h3>La Belleza Natural y la Diversidad Cultural<\/h3>\n<p>Desde las cristalinas playas de Varadero hasta la vibrante vida nocturna de La Habana, Cuba ofrece una diversidad de destinos que despiertan el inter\u00e9s tanto de nacionales como de turistas internacionales. Cada rinc\u00f3n de la isla tiene su propia historia y encanto, lo que la convierte en un lugar ideal para explorar. Sin embargo, la seguridad sigue siendo la prioridad n\u00famero uno. <\/p>\n<p>Los destinos cubanos, con su mezcla de tradiciones, gastronom\u00eda y naturaleza, esperan con ansias la llegada de los viajeros. Los hoteles y negocios locales est\u00e1n haciendo los ajustes necesarios para brindar una experiencia segura y memorable, una vez que se reanuden las operaciones tur\u00edsticas.<\/p>\n<h3>La Importancia del Turismo Local<\/h3>\n<p>El turismo no solo es un motor econ\u00f3mico para Cuba, sino tambi\u00e9n un v\u00ednculo que une a las comunidades. La reactivaci\u00f3n de los viajes nacionales traer\u00e1 consigo un aliento renovado para los habitantes de la isla, quienes dependen de esta vital actividad. Con cada turista que explore un nuevo destino, se promueve la cultura local y se apoya a las peque\u00f1as empresas que son el coraz\u00f3n de la econom\u00eda cubana.<\/p>\n<h3>Preparativos y Expectativas<\/h3>\n<p>Mientras se espera el anuncio de la reanudaci\u00f3n de los viajes, las autoridades est\u00e1n trabajando para garantizar que las infraestructuras tur\u00edsticas sean \u00f3ptimas. Los protocolos de salud y seguridad se reforzar\u00e1n para asegurar que tanto los viajeros como los residentes se sientan protegidos. Este esfuerzo humano y log\u00edstico representa una gran oportunidad para reimaginar el turismo en Cuba, haci\u00e9ndolo m\u00e1s sostenible y accesible para todos.<\/p>\n<h3>Un Futuro Brillante<\/h3>\n<p>Con el paso de Melissa, la situaci\u00f3n es un recordatorio de la resiliencia del pueblo cubano. Cada desaf\u00edo trae consigo una oportunidad de crecer y mejorar. A medida que se vislumbra una reanudaci\u00f3n de los viajes, la expectativa entre los viajeros y residentes tambi\u00e9n crece. La confianza en el proceso y el deseo de explorar lo desconocido ser\u00e1 el motor que impulse a la isla hacia un futuro vibrante.<\/p>\n<p>Cuba espera, con los brazos abiertos y los corazones rebosantes de alegr\u00eda, a todos aquellos que deseen conocer su m\u00e1gico entorno. La reanudaci\u00f3n de los viajes nacionales promete no solo revitalizar la econom\u00eda, sino tambi\u00e9n ofrecer un nuevo comienzo lleno de experiencias inolvidables. Ya sea degustando un mojito en una terraza habanera o recorriendo los senderos de la Sierra Maestra, la isla est\u00e1 lista para recibir a quienes buscan descubrir su magia.<\/p>\n<p><em> &#8221; Fuentes oncubanews.com &#8221; <\/em><\/p>\n","protected":false},"excerpt":{"rendered":"<p>La Reanudaci\u00f3n de Viajes Nacionales en Cuba: Una Esperanza Renovada Cuba, un destino que siempre ha fascinado a viajeros de todo el mundo por su cultura vibrante y sus paisajes impresionantes, se encuentra en un momento de transformaci\u00f3n. Tras el paso de la tormenta tropical Melissa, el enfoque en la seguridad y el bienestar de [&hellip;]<\/p>\n","protected":false},"author":4,"featured_media":1069079,"comment_status":"open","ping_status":"closed","sticky":false,"template":"","format":"standard","meta":{"om_disable_all_campaigns":false,"jnews-multi-image_gallery":[],"jnews_single_post":[],"jnews_primary_category":[],"jnews_social_meta":[],"footnotes":""},"categories":[39],"tags":[2486,7091,254666,255208,96663,7404,986,42532,544,681,3094],"class_list":["post-1069078","post","type-post","status-publish","format-standard","has-post-thumbnail","hentry","category-viajes","tag-clima","tag-condiciones","tag-huracan-melissa","tag-melissa","tag-oriente-de-cuba","tag-reanudacion","tag-seguridad","tag-transporte-en-cuba","tag-turismo","tag-viaje","tag-viajes-nacionales"],"_links":{"self":[{"href":"https:\/\/dimensionturistica.com\/es\/wp-json\/wp\/v2\/posts\/1069078","targetHints":{"allow":["GET"]}}],"collection":[{"href":"https:\/\/dimensionturistica.com\/es\/wp-json\/wp\/v2\/posts"}],"about":[{"href":"https:\/\/dimensionturistica.com\/es\/wp-json\/wp\/v2\/types\/post"}],"author":[{"embeddable":true,"href":"https:\/\/dimensionturistica.com\/es\/wp-json\/wp\/v2\/users\/4"}],"replies":[{"embeddable":true,"href":"https:\/\/dimensionturistica.com\/es\/wp-json\/wp\/v2\/comments?post=1069078"}],"version-history":[{"count":1,"href":"https:\/\/dimensionturistica.com\/es\/wp-json\/wp\/v2\/posts\/1069078\/revisions"}],"predecessor-version":[{"id":1069080,"href":"https:\/\/dimensionturistica.com\/es\/wp-json\/wp\/v2\/posts\/1069078\/revisions\/1069080"}],"wp:featuredmedia":[{"embeddable":true,"href":"https:\/\/dimensionturistica.com\/es\/wp-json\/wp\/v2\/media\/1069079"}],"wp:attachment":[{"href":"https:\/\/dimensionturistica.com\/es\/wp-json\/wp\/v2\/media?parent=1069078"}],"wp:term":[{"taxonomy":"category","embeddable":true,"href":"https:\/\/dimensionturistica.com\/es\/wp-json\/wp\/v2\/categories?post=1069078"},{"taxonomy":"post_tag","embeddable":true,"href":"https:\/\/dimensionturistica.com\/es\/wp-json\/wp\/v2\/tags?post=1069078"}],"curies":[{"name":"wp","href":"https:\/\/api.w.org\/{rel}","templated":true}]}}