{"id":1068602,"date":"2025-10-29T22:49:11","date_gmt":"2025-10-29T22:49:11","guid":{"rendered":"https:\/\/dimensionturistica.com\/es\/?p=1068602"},"modified":"2025-10-29T22:49:11","modified_gmt":"2025-10-29T22:49:11","slug":"espana-se-prepara-para-convertirse-en-la-segunda-sede-central-de-una-entidad-internacional-de-turismo","status":"publish","type":"post","link":"https:\/\/dimensionturistica.com\/es\/espana-se-prepara-para-convertirse-en-la-segunda-sede-central-de-una-entidad-internacional-de-turismo\/","title":{"rendered":"Espa\u00f1a se prepara para convertirse en la segunda sede central de una entidad internacional de turismo"},"content":{"rendered":"<h3>Espa\u00f1a: Un Epicentro Internacional para el Turismo<\/h3>\n<p>En un mundo en constante cambio, donde la industria del turismo se encuentra en plena transformaci\u00f3n, Espa\u00f1a se posiciona como un referente en la materia al ofrecer su candidatura para albergar la segunda sede central de un organismo internacional de turismo. Este movimiento no solo tiene implicaciones econ\u00f3micas, sino que tambi\u00e9n refuerza el papel del pa\u00eds en la promoci\u00f3n de un turismo sostenible y responsable.<\/p>\n<h4>Un Atractivo Global<\/h4>\n<p>La candidatura espa\u00f1ola se sustenta en una rica herencia cultural, paisajes de ensue\u00f1o y una infraestructura tur\u00edstica de primer nivel. Desde las vibrantes calles de Barcelona hasta las playas id\u00edlicas de la Costa del Sol, Espa\u00f1a tiene todo lo necesario para atraer a turistas y entidades internacionales. Adem\u00e1s, la gastronom\u00eda espa\u00f1ola ha capturado la atenci\u00f3n del mundo, convirti\u00e9ndose en un importante atractivo que complementa la experiencia de viaje.<\/p>\n<h4>Impulso Econ\u00f3mico<\/h4>\n<p>La decisi\u00f3n de establecer una sede central de un organismo internacional no solo significar\u00eda un reconocimiento a la calidad del turismo espa\u00f1ol, sino que tambi\u00e9n promete generar miles de puestos de trabajo y estimular la econom\u00eda local. Este tipo de inversiones atrae a profesionales de diversas nacionalidades, fomentando un verdadera convivencia cultural. <\/p>\n<h4>Compromiso con la Sostenibilidad<\/h4>\n<p>Uno de los pilares fundamentales de la postulaci\u00f3n espa\u00f1ola radica en su compromiso con la sostenibilidad. El turismo ha sido severamente afectado por los desaf\u00edos medioambientales, lo que ha llevado a muchos destinos a replantear sus pr\u00e1cticas. Espa\u00f1a ha tomado la delantera en este aspecto, impulsando iniciativas que buscan no solo atraer turistas, sino tambi\u00e9n preservar el patrimonio natural y cultural del pa\u00eds para futuras generaciones. Este compromiso se alinea con las tendencias globales que privilegian el turismo responsable, algo que podr\u00eda reforzar la imagen espa\u00f1ola en el escenario internacional.<\/p>\n<h4>Innovaci\u00f3n y Tecnolog\u00eda<\/h4>\n<p>La digitalizaci\u00f3n ha llegado para revolucionar el sector tur\u00edstico, y Espa\u00f1a es consciente de ello. Con una variedad de startups y proyectos innovadores, el pa\u00eds est\u00e1 empezando a implementar tecnolog\u00edas que no solo mejoran la experiencia del viajero, sino que tambi\u00e9n optimizan la gesti\u00f3n de recursos. Este enfoque moderno atraer\u00e1 a un p\u00fablico m\u00e1s joven y diverso, garantizando que Espa\u00f1a siga siendo un destino de elecci\u00f3n en el turismo global.<\/p>\n<h4>Sinergias Internacionales<\/h4>\n<p>Al albergar la sede central de un organismo internacional, Espa\u00f1a tendr\u00eda la oportunidad de establecer sinergias con otros pa\u00edses y destinos tur\u00edsticos, facilitando el intercambio de conocimientos y mejores pr\u00e1cticas. Esta colaboraci\u00f3n no solo beneficiar\u00eda al pa\u00eds anfitri\u00f3n, sino que tambi\u00e9n podr\u00eda marcar el inicio de iniciativas conjuntas que impulsen el desarrollo del turismo a nivel global.<\/p>\n<h3>Conclusi\u00f3n<\/h3>\n<p>La postulaci\u00f3n de Espa\u00f1a para convertirse en la sede de un organismo internacional del turismo representa una oportunidad \u00fanica que va m\u00e1s all\u00e1 de lo econ\u00f3mico. Se trata de fortalecer la imagen del pa\u00eds como un l\u00edder en el desarrollo de un turismo sostenible, responsable e innovador. Con su rica cultura, compromiso con el medio ambiente y enfoque en la tecnolog\u00eda, Espa\u00f1a est\u00e1 lista para dar un paso firme hacia un futuro donde el turismo no solo sea un motor econ\u00f3mico, sino tambi\u00e9n un pilar de cooperaci\u00f3n internacional y bienestar com\u00fan. Sin duda, este es un momento decisivo que podr\u00eda redefinir el panorama tur\u00edstico del pa\u00eds en los a\u00f1os venideros.<\/p>\n<p><em> &#8221; Fuentes cincodias.elpais.com &#8221; <\/em><\/p>\n","protected":false},"excerpt":{"rendered":"<p>Espa\u00f1a: Un Epicentro Internacional para el Turismo En un mundo en constante cambio, donde la industria del turismo se encuentra en plena transformaci\u00f3n, Espa\u00f1a se posiciona como un referente en la materia al ofrecer su candidatura para albergar la segunda sede central de un organismo internacional de turismo. Este movimiento no solo tiene implicaciones econ\u00f3micas, [&hellip;]<\/p>\n","protected":false},"author":4,"featured_media":0,"comment_status":"open","ping_status":"closed","sticky":false,"template":"","format":"standard","meta":{"om_disable_all_campaigns":false,"jnews-multi-image_gallery":[],"jnews_single_post":[],"jnews_primary_category":[],"jnews_social_meta":[],"footnotes":""},"categories":[39],"tags":[19863,5525,715,6927,24930,770,1078,6346,1692,1158,255042,255041,6996,544,545],"class_list":["post-1068602","post","type-post","status-publish","format-standard","hentry","category-viajes","tag-american-express","tag-brexit","tag-economia","tag-economia-internacional","tag-economia-nacional","tag-espana","tag-google","tag-grupo-iberostar","tag-italia","tag-omt","tag-organismo-internacional","tag-sede-central","tag-suiza","tag-turismo","tag-viajes"],"_links":{"self":[{"href":"https:\/\/dimensionturistica.com\/es\/wp-json\/wp\/v2\/posts\/1068602","targetHints":{"allow":["GET"]}}],"collection":[{"href":"https:\/\/dimensionturistica.com\/es\/wp-json\/wp\/v2\/posts"}],"about":[{"href":"https:\/\/dimensionturistica.com\/es\/wp-json\/wp\/v2\/types\/post"}],"author":[{"embeddable":true,"href":"https:\/\/dimensionturistica.com\/es\/wp-json\/wp\/v2\/users\/4"}],"replies":[{"embeddable":true,"href":"https:\/\/dimensionturistica.com\/es\/wp-json\/wp\/v2\/comments?post=1068602"}],"version-history":[{"count":1,"href":"https:\/\/dimensionturistica.com\/es\/wp-json\/wp\/v2\/posts\/1068602\/revisions"}],"predecessor-version":[{"id":1068603,"href":"https:\/\/dimensionturistica.com\/es\/wp-json\/wp\/v2\/posts\/1068602\/revisions\/1068603"}],"wp:attachment":[{"href":"https:\/\/dimensionturistica.com\/es\/wp-json\/wp\/v2\/media?parent=1068602"}],"wp:term":[{"taxonomy":"category","embeddable":true,"href":"https:\/\/dimensionturistica.com\/es\/wp-json\/wp\/v2\/categories?post=1068602"},{"taxonomy":"post_tag","embeddable":true,"href":"https:\/\/dimensionturistica.com\/es\/wp-json\/wp\/v2\/tags?post=1068602"}],"curies":[{"name":"wp","href":"https:\/\/api.w.org\/{rel}","templated":true}]}}