{"id":1068601,"date":"2025-10-29T22:54:05","date_gmt":"2025-10-29T22:54:05","guid":{"rendered":"https:\/\/dimensionturistica.com\/es\/?p=1068601"},"modified":"2025-10-29T22:54:05","modified_gmt":"2025-10-29T22:54:05","slug":"aseguran-que-uber-miente-ya-que-comunico-dolosa-y-mentirosamente-la-decision-de-la-jueza","status":"publish","type":"post","link":"https:\/\/dimensionturistica.com\/es\/aseguran-que-uber-miente-ya-que-comunico-dolosa-y-mentirosamente-la-decision-de-la-jueza\/","title":{"rendered":"Aseguran que UBER MIENTE ya que comunic\u00f3 dolosa y mentirosamente la decisi\u00f3n de la Jueza."},"content":{"rendered":"\n<p><\/p>\n\n\n\n<figure class=\"wp-block-gallery has-nested-images columns-default is-cropped wp-block-gallery-1 is-layout-flex wp-block-gallery-is-layout-flex\">\n<figure class=\"wp-block-image size-large\"><img decoding=\"async\" width=\"474\" height=\"176\" data-id=\"1068604\" src=\"https:\/\/dimensionturistica.com\/es\/wp-content\/uploads\/2025\/10\/55UBER.jpg\" alt=\"\" class=\"wp-image-1068604\" srcset=\"https:\/\/dimensionturistica.com\/es\/wp-content\/uploads\/2025\/10\/55UBER.jpg 474w, https:\/\/dimensionturistica.com\/es\/wp-content\/uploads\/2025\/10\/55UBER-300x111.jpg 300w\" sizes=\"(max-width: 474px) 100vw, 474px\" \/><\/figure>\n<\/figure>\n\n\n\n<p>La empresa trasnacional UBER miente, ya que comunic\u00f3<\/p>\n\n\n\n<p>dolosamente la decisi\u00f3n de la Jueza Decimotercera de Distrito en Materia Administrativa,<\/p>\n\n\n\n<p>quien concedi\u00f3 a la empresa una suspensi\u00f3n definitiva&nbsp;que proh\u00edbe que la Guardia Nacional detenga a conductores o unidades&nbsp;que&nbsp;realicen viajes generados desde dicha APP, pero que no les permite ingresar a ofrecer el servicio de transporte a las zonas federales de los aeropuertos.<\/p>\n\n\n\n<figure class=\"wp-block-gallery has-nested-images columns-default is-cropped wp-block-gallery-2 is-layout-flex wp-block-gallery-is-layout-flex\">\n<figure class=\"wp-block-image size-large\"><img decoding=\"async\" width=\"500\" height=\"281\" data-id=\"1068605\" src=\"https:\/\/dimensionturistica.com\/es\/wp-content\/uploads\/2025\/10\/1UBER.jpg\" alt=\"\" class=\"wp-image-1068605\" srcset=\"https:\/\/dimensionturistica.com\/es\/wp-content\/uploads\/2025\/10\/1UBER.jpg 500w, https:\/\/dimensionturistica.com\/es\/wp-content\/uploads\/2025\/10\/1UBER-300x169.jpg 300w\" sizes=\"(max-width: 500px) 100vw, 500px\" \/><\/figure>\n<\/figure>\n\n\n\n<p>Permisionarios del servicio del servicio de taxis del Aeropuerto de la Ciudad de M\u00e9xico enviaron un aviso a sus empresas y trabajadores para explicar dicha intenci\u00f3n dolosa por parte de UBER, que aclara:<\/p>\n\n\n\n<p>Se hace del conocimiento de los permisionarios y permisionarias del Aeropuerto Internacional de la Ciudad de M\u00e9xico, que la suspensi\u00f3n concedida a UBER en el Juicio de Amparo del conocimiento de la Jueza D\u00e9cimo Tercero de Distrito en Materia Administrativa en la Ciudad de M\u00e9xico es para el \u00fanico efecto de que las autoridades, entre ellas, la Guardia Nacional, cesen en la detenci\u00f3n arbitraria y discriminatoria de veh\u00edculos en los que UBER presta el servicio de viajes.<\/p>\n\n\n\n<p>Lo anterior significa que la suspensi\u00f3n concedida NO es para que UBER este en posibilidad de operar en el AICM, como lo pretenden hacer creer en su comunicado que es impreciso y mentiroso.<\/p>\n\n\n\n<figure class=\"wp-block-gallery has-nested-images columns-default is-cropped wp-block-gallery-3 is-layout-flex wp-block-gallery-is-layout-flex\">\n<figure class=\"wp-block-image size-large\"><img decoding=\"async\" width=\"500\" height=\"333\" data-id=\"1068606\" src=\"https:\/\/dimensionturistica.com\/es\/wp-content\/uploads\/2025\/10\/2UBER.jpg\" alt=\"\" class=\"wp-image-1068606\" srcset=\"https:\/\/dimensionturistica.com\/es\/wp-content\/uploads\/2025\/10\/2UBER.jpg 500w, https:\/\/dimensionturistica.com\/es\/wp-content\/uploads\/2025\/10\/2UBER-300x200.jpg 300w\" sizes=\"(max-width: 500px) 100vw, 500px\" \/><\/figure>\n<\/figure>\n\n\n\n<p>No se dejen enga\u00f1ar, UBER no puede ni debe usar la infraestructura aeroportuaria por que NO presta un servicio de autotransporte federal.<\/p>\n\n\n\n<p>Lo anterior, a\u00f1aden, confirma claramente que dicha suspensi\u00f3n no significa que UBER tenga la posibilidad de ofrecer su servicio de transporte dentro de la Zona Federal de los aeropuertos de nuestro pa\u00eds, por lo que cualquier informaci\u00f3n emitida en el sentido de que est\u00e9 posibilitada de ofrecer sus servicios dentro de los aeropuertos mexicanos es completa y absolutamente err\u00f3nea.<\/p>\n\n\n\n<p>Lo anterior deja en claro que si una unidad de UBER llega a un aeropuerto para dejar o recoger a una persona dentro de las instalaciones de la terminal a\u00e9rea, sigue violando la Ley Federal de Caminos, Puentes y Autotransporte Federal, como lo ha hecho impunemente por a\u00f1os.<\/p>\n\n\n\n<figure class=\"wp-block-gallery has-nested-images columns-default is-cropped wp-block-gallery-4 is-layout-flex wp-block-gallery-is-layout-flex\">\n<figure class=\"wp-block-image size-large\"><img decoding=\"async\" width=\"500\" height=\"281\" data-id=\"1068608\" src=\"https:\/\/dimensionturistica.com\/es\/wp-content\/uploads\/2025\/10\/3UBER.jpg\" alt=\"\" class=\"wp-image-1068608\" srcset=\"https:\/\/dimensionturistica.com\/es\/wp-content\/uploads\/2025\/10\/3UBER.jpg 500w, https:\/\/dimensionturistica.com\/es\/wp-content\/uploads\/2025\/10\/3UBER-300x169.jpg 300w\" sizes=\"(max-width: 500px) 100vw, 500px\" \/><\/figure>\n<\/figure>\n\n\n\n<p>Cabe recordar que durante el presente mes, permisionarios de taxis del aeropuerto de la Ciudad de M\u00e9xico informaron que, con base en una importante b\u00fasqueda de informaci\u00f3n por Transparencia, confirmaron que el Gobierno Federal no tiene ning\u00fan tipo de acuerdo, convenio o determinaci\u00f3n formal para permitir el ingreso de taxis de aplicaci\u00f3n a la Zona Federal del AICM, con motivo de la pr\u00f3xima realizaci\u00f3n del mundial de futbol en nuestro pa\u00eds, ni previo, durante o posteriormente a la realizaci\u00f3n de este evento.<\/p>\n\n\n\n<figure class=\"wp-block-gallery has-nested-images columns-default is-cropped wp-block-gallery-5 is-layout-flex wp-block-gallery-is-layout-flex\">\n<figure class=\"wp-block-image size-large\"><img decoding=\"async\" width=\"500\" height=\"281\" data-id=\"1068607\" src=\"https:\/\/dimensionturistica.com\/es\/wp-content\/uploads\/2025\/10\/33UBER.jpg\" alt=\"\" class=\"wp-image-1068607\" srcset=\"https:\/\/dimensionturistica.com\/es\/wp-content\/uploads\/2025\/10\/33UBER.jpg 500w, https:\/\/dimensionturistica.com\/es\/wp-content\/uploads\/2025\/10\/33UBER-300x169.jpg 300w\" sizes=\"(max-width: 500px) 100vw, 500px\" \/><\/figure>\n<\/figure>\n\n\n\n<p>Recordaron que durante septiembre recibieron una serie de respuestas de diversas dependencias federales, como las Secretar\u00edas de Gobernaci\u00f3n, de Cultura, de Infraestructura, de la propia Guardia Nacional e incluso de la Presidencia de la Rep\u00fablica, en la que se confirm\u00f3 que no existe convenio para permitir el ingreso de este tipo de unidades en la Zona Federal del aeropuerto capitalino para ofrecer el servicio de transporte.<\/p>\n","protected":false},"excerpt":{"rendered":"<p>La empresa trasnacional UBER miente, ya que comunic\u00f3 dolosamente la decisi\u00f3n de la Jueza Decimotercera de Distrito en Materia Administrativa, quien concedi\u00f3 a la empresa una suspensi\u00f3n definitiva&nbsp;que proh\u00edbe que la Guardia Nacional detenga a conductores o unidades&nbsp;que&nbsp;realicen viajes generados desde dicha APP, pero que no les permite ingresar a ofrecer el servicio de transporte [&hellip;]<\/p>\n","protected":false},"author":1,"featured_media":0,"comment_status":"open","ping_status":"closed","sticky":false,"template":"","format":"standard","meta":{"om_disable_all_campaigns":false,"jnews-multi-image_gallery":[],"jnews_single_post":[],"jnews_primary_category":[],"jnews_social_meta":[],"footnotes":""},"categories":[39],"tags":[],"class_list":["post-1068601","post","type-post","status-publish","format-standard","hentry","category-viajes"],"_links":{"self":[{"href":"https:\/\/dimensionturistica.com\/es\/wp-json\/wp\/v2\/posts\/1068601","targetHints":{"allow":["GET"]}}],"collection":[{"href":"https:\/\/dimensionturistica.com\/es\/wp-json\/wp\/v2\/posts"}],"about":[{"href":"https:\/\/dimensionturistica.com\/es\/wp-json\/wp\/v2\/types\/post"}],"author":[{"embeddable":true,"href":"https:\/\/dimensionturistica.com\/es\/wp-json\/wp\/v2\/users\/1"}],"replies":[{"embeddable":true,"href":"https:\/\/dimensionturistica.com\/es\/wp-json\/wp\/v2\/comments?post=1068601"}],"version-history":[{"count":1,"href":"https:\/\/dimensionturistica.com\/es\/wp-json\/wp\/v2\/posts\/1068601\/revisions"}],"predecessor-version":[{"id":1068609,"href":"https:\/\/dimensionturistica.com\/es\/wp-json\/wp\/v2\/posts\/1068601\/revisions\/1068609"}],"wp:attachment":[{"href":"https:\/\/dimensionturistica.com\/es\/wp-json\/wp\/v2\/media?parent=1068601"}],"wp:term":[{"taxonomy":"category","embeddable":true,"href":"https:\/\/dimensionturistica.com\/es\/wp-json\/wp\/v2\/categories?post=1068601"},{"taxonomy":"post_tag","embeddable":true,"href":"https:\/\/dimensionturistica.com\/es\/wp-json\/wp\/v2\/tags?post=1068601"}],"curies":[{"name":"wp","href":"https:\/\/api.w.org\/{rel}","templated":true}]}}