{"id":1068547,"date":"2025-10-29T21:34:44","date_gmt":"2025-10-29T21:34:44","guid":{"rendered":"https:\/\/dimensionturistica.com\/es\/?p=1068547"},"modified":"2025-10-29T21:34:44","modified_gmt":"2025-10-29T21:34:44","slug":"grupo-ado-te-trasnsporta-a-los-mejores-destinos-para-una-escapada-de-otono-en-mexico","status":"publish","type":"post","link":"https:\/\/dimensionturistica.com\/es\/grupo-ado-te-trasnsporta-a-los-mejores-destinos-para-una-escapada-de-otono-en-mexico\/","title":{"rendered":"Grupo ADO te trasnsporta a Los mejores destinos para una escapada de oto\u00f1o en M\u00e9xico"},"content":{"rendered":"\n<p><\/p>\n\n\n\n<figure class=\"wp-block-gallery has-nested-images columns-default is-cropped wp-block-gallery-1 is-layout-flex wp-block-gallery-is-layout-flex\">\n<figure class=\"wp-block-image size-large\"><img decoding=\"async\" width=\"500\" height=\"281\" data-id=\"1068548\" src=\"https:\/\/dimensionturistica.com\/es\/wp-content\/uploads\/2025\/10\/2ADO.jpg\" alt=\"\" class=\"wp-image-1068548\" srcset=\"https:\/\/dimensionturistica.com\/es\/wp-content\/uploads\/2025\/10\/2ADO.jpg 500w, https:\/\/dimensionturistica.com\/es\/wp-content\/uploads\/2025\/10\/2ADO-300x169.jpg 300w\" sizes=\"(max-width: 500px) 100vw, 500px\" \/><\/figure>\n<\/figure>\n\n\n\n<p>El oto\u00f1o llega con su aire templado, los paisajes que cambian de color y la promesa de celebraciones llenas de memoria. Es el momento perfecto para dejar que el camino tenga tanto encanto como el destino. Aqu\u00ed tres lugares ideales para una ruta oto\u00f1al: monta\u00f1a, tradici\u00f3n y mar; tres destinos que te har\u00e1n reconectar con M\u00e9xico.<\/p>\n\n\n\n<p>San Crist\u00f3bal de las Casas, Chiapas<\/p>\n\n\n\n<figure class=\"wp-block-gallery has-nested-images columns-default is-cropped wp-block-gallery-2 is-layout-flex wp-block-gallery-is-layout-flex\">\n<figure class=\"wp-block-image size-large\"><img decoding=\"async\" width=\"500\" height=\"500\" data-id=\"1068549\" src=\"https:\/\/dimensionturistica.com\/es\/wp-content\/uploads\/2025\/10\/7ADO.jpg\" alt=\"\" class=\"wp-image-1068549\" srcset=\"https:\/\/dimensionturistica.com\/es\/wp-content\/uploads\/2025\/10\/7ADO.jpg 500w, https:\/\/dimensionturistica.com\/es\/wp-content\/uploads\/2025\/10\/7ADO-300x300.jpg 300w, https:\/\/dimensionturistica.com\/es\/wp-content\/uploads\/2025\/10\/7ADO-150x150.jpg 150w, https:\/\/dimensionturistica.com\/es\/wp-content\/uploads\/2025\/10\/7ADO-75x75.jpg 75w, https:\/\/dimensionturistica.com\/es\/wp-content\/uploads\/2025\/10\/7ADO-350x350.jpg 350w\" sizes=\"(max-width: 500px) 100vw, 500px\" \/><\/figure>\n<\/figure>\n\n\n\n<p>Caminar por San Crist\u00f3bal en oto\u00f1o es saborear la tranquilidad: la neblina de la ma\u00f1ana se va despejando, las flores silvestres destacan en los jardines de las fachadas coloniales y las luces amarillas de las farolas comienzan antes.<\/p>\n\n\n\n<p>En los pueblos tzotziles cercanos, los altares toman forma y la celebraci\u00f3n de D\u00eda de Muertos cobra una belleza \u00edntima. Los mercados artesanales ofrecen mantas textiles, barro vidriado, dulces regionales y m\u00e1s. Es un destino nacido para explorarse sin prisa: descubrir templos, rincones con historia y caf\u00e9s que invitan a detenerse.<\/p>\n\n\n\n<figure class=\"wp-block-gallery has-nested-images columns-default is-cropped wp-block-gallery-3 is-layout-flex wp-block-gallery-is-layout-flex\">\n<figure class=\"wp-block-image size-large\"><img decoding=\"async\" width=\"500\" height=\"323\" data-id=\"1068550\" src=\"https:\/\/dimensionturistica.com\/es\/wp-content\/uploads\/2025\/10\/5ADO.jpg\" alt=\"\" class=\"wp-image-1068550\" srcset=\"https:\/\/dimensionturistica.com\/es\/wp-content\/uploads\/2025\/10\/5ADO.jpg 500w, https:\/\/dimensionturistica.com\/es\/wp-content\/uploads\/2025\/10\/5ADO-300x194.jpg 300w\" sizes=\"(max-width: 500px) 100vw, 500px\" \/><\/figure>\n<\/figure>\n\n\n\n<p>Oaxaca<\/p>\n\n\n\n<p>Pocas ciudades en M\u00e9xico viven el oto\u00f1o con tanta plenitud como Oaxaca. Aqu\u00ed la memoria y la celebraci\u00f3n van de la mano: comparsas, altares adornados, iluminaciones nocturnas, aromas de tamales y flores de cempas\u00fachil.<\/p>\n\n\n\n<p>Las calles del centro se vuelven escenario de ofrendas y recorridos culturales que conectan lo ancestral con lo contempor\u00e1neo. Adem\u00e1s, la gastronom\u00eda acompa\u00f1a cada paso: desde un pan de yema en una panader\u00eda hasta un mole negro digno de respeto. Un fin de semana aqu\u00ed puede ser un universo completo de tradici\u00f3n, sabores y encuentros.<\/p>\n\n\n\n<figure class=\"wp-block-gallery has-nested-images columns-default is-cropped wp-block-gallery-4 is-layout-flex wp-block-gallery-is-layout-flex\">\n<figure class=\"wp-block-image size-large\"><img decoding=\"async\" width=\"500\" height=\"375\" data-id=\"1068551\" src=\"https:\/\/dimensionturistica.com\/es\/wp-content\/uploads\/2025\/10\/8ADO-1.jpg\" alt=\"\" class=\"wp-image-1068551\" srcset=\"https:\/\/dimensionturistica.com\/es\/wp-content\/uploads\/2025\/10\/8ADO-1.jpg 500w, https:\/\/dimensionturistica.com\/es\/wp-content\/uploads\/2025\/10\/8ADO-1-300x225.jpg 300w\" sizes=\"(max-width: 500px) 100vw, 500px\" \/><\/figure>\n<\/figure>\n\n\n\n<p>Acapulco, Guerrero<\/p>\n\n\n\n<p>En el oto\u00f1o, Acapulco revela otro rostro: menos calor agobiante, brisas m\u00e1s suaves y puestas de sol que se prolongan con calma. La costa se vuelve refugio para quienes desean mar, relajaci\u00f3n y una mezcla de tradici\u00f3n moderna.<\/p>\n\n\n\n<p>En estos meses, el puerto se adorna con ofrendas frente al mar, actividades culturales y m\u00fasica al viento en sus rincones costeros. Entre palmeras y olas, se disfruta un contraste atractivo: un destino de playa que no renuncia a su identidad ni a su ritmo pausado.<\/p>\n\n\n\n<figure class=\"wp-block-gallery has-nested-images columns-default is-cropped wp-block-gallery-5 is-layout-flex wp-block-gallery-is-layout-flex\">\n<figure class=\"wp-block-image size-large\"><img decoding=\"async\" width=\"500\" height=\"334\" data-id=\"1068552\" src=\"https:\/\/dimensionturistica.com\/es\/wp-content\/uploads\/2025\/10\/22ADO-1.jpg\" alt=\"\" class=\"wp-image-1068552\" srcset=\"https:\/\/dimensionturistica.com\/es\/wp-content\/uploads\/2025\/10\/22ADO-1.jpg 500w, https:\/\/dimensionturistica.com\/es\/wp-content\/uploads\/2025\/10\/22ADO-1-300x200.jpg 300w\" sizes=\"(max-width: 500px) 100vw, 500px\" \/><\/figure>\n<\/figure>\n\n\n\n<p>Parte del encanto de una escapada est\u00e1 en el camino. Para quienes disfrutan del trayecto tanto como del destino, ADO Platino y ADO GL ofrecen una experiencia de viaje pensada para el confort.<\/p>\n\n\n\n<p>ADO Platino cuenta con 23 asientos reclinables hasta 152\u00b0, equipados con descansa piernas tipo europeo multiposici\u00f3n, cabecera telesc\u00f3pica y pantalla t\u00e1ctil individual de 13\u201d con audio v\u00eda bluetooth o al\u00e1mbrico, l\u00e1mpara de lectura tipo cuello de ganso y m\u00e1s. Todo dise\u00f1ado para que el descanso y la privacidad sean parte del viaje.<\/p>\n\n\n\n<figure class=\"wp-block-gallery has-nested-images columns-default is-cropped wp-block-gallery-6 is-layout-flex wp-block-gallery-is-layout-flex\">\n<figure class=\"wp-block-image size-large\"><img decoding=\"async\" width=\"500\" height=\"323\" data-id=\"1068553\" src=\"https:\/\/dimensionturistica.com\/es\/wp-content\/uploads\/2025\/10\/66ADO.jpg\" alt=\"\" class=\"wp-image-1068553\" srcset=\"https:\/\/dimensionturistica.com\/es\/wp-content\/uploads\/2025\/10\/66ADO.jpg 500w, https:\/\/dimensionturistica.com\/es\/wp-content\/uploads\/2025\/10\/66ADO-300x194.jpg 300w\" sizes=\"(max-width: 500px) 100vw, 500px\" \/><\/figure>\n<\/figure>\n\n\n\n<p>ADO GL, con 36 asientos reclinables a 131\u00b0, ofrece un dise\u00f1o ergon\u00f3mico con descansa pies amplio, pantalla t\u00e1ctil individual de 10\u201d, conexi\u00f3n bluetooth y doble cargador USB tipo A y C. Una opci\u00f3n ideal para quienes buscan comodidad, entretenimiento y conectividad en trayectos m\u00e1s largos.<\/p>\n\n\n\n<figure class=\"wp-block-gallery has-nested-images columns-default is-cropped wp-block-gallery-7 is-layout-flex wp-block-gallery-is-layout-flex\">\n<figure class=\"wp-block-image size-large\"><img decoding=\"async\" width=\"500\" height=\"331\" data-id=\"1068554\" src=\"https:\/\/dimensionturistica.com\/es\/wp-content\/uploads\/2025\/10\/3ADO.JHPG_.jpg\" alt=\"\" class=\"wp-image-1068554\" srcset=\"https:\/\/dimensionturistica.com\/es\/wp-content\/uploads\/2025\/10\/3ADO.JHPG_.jpg 500w, https:\/\/dimensionturistica.com\/es\/wp-content\/uploads\/2025\/10\/3ADO.JHPG_-300x199.jpg 300w\" sizes=\"(max-width: 500px) 100vw, 500px\" \/><\/figure>\n<\/figure>\n\n\n\n<p>Y para planear el viaje sin contratiempos, ADO pone a disposici\u00f3n la campa\u00f1a \u201cCompra Anticipada\u201d, que ofrece hasta un 30% de descuento en taquilla y hasta un 50% de descuento en canales digitales. Es una manera inteligente de organizar tus escapadas, aprovechar las mejores tarifas y asegurar tu asiento con tiempo.<\/p>\n\n\n\n<p>El oto\u00f1o es una invitaci\u00f3n a moverse sin prisa, a redescubrir paisajes, sabores y tradiciones que hacen de M\u00e9xico un pa\u00eds inagotable. Desde las monta\u00f1as cubiertas de neblina hasta las costas del Pac\u00edfico, cada destino guarda una historia, y con ADO, llegar a ellas se convierte en parte del placer.<\/p>\n\n\n\n<figure class=\"wp-block-gallery has-nested-images columns-default is-cropped wp-block-gallery-8 is-layout-flex wp-block-gallery-is-layout-flex\">\n<figure class=\"wp-block-image size-large\"><img decoding=\"async\" width=\"500\" height=\"325\" data-id=\"1068555\" src=\"https:\/\/dimensionturistica.com\/es\/wp-content\/uploads\/2025\/10\/33ADO-1.jpg\" alt=\"\" class=\"wp-image-1068555\" srcset=\"https:\/\/dimensionturistica.com\/es\/wp-content\/uploads\/2025\/10\/33ADO-1.jpg 500w, https:\/\/dimensionturistica.com\/es\/wp-content\/uploads\/2025\/10\/33ADO-1-300x195.jpg 300w\" sizes=\"(max-width: 500px) 100vw, 500px\" \/><\/figure>\n<\/figure>\n","protected":false},"excerpt":{"rendered":"<p>El oto\u00f1o llega con su aire templado, los paisajes que cambian de color y la promesa de celebraciones llenas de memoria. Es el momento perfecto para dejar que el camino tenga tanto encanto como el destino. Aqu\u00ed tres lugares ideales para una ruta oto\u00f1al: monta\u00f1a, tradici\u00f3n y mar; tres destinos que te har\u00e1n reconectar con [&hellip;]<\/p>\n","protected":false},"author":1,"featured_media":0,"comment_status":"open","ping_status":"closed","sticky":false,"template":"","format":"standard","meta":{"om_disable_all_campaigns":false,"jnews-multi-image_gallery":[],"jnews_single_post":[],"jnews_primary_category":[],"jnews_social_meta":[],"footnotes":""},"categories":[39],"tags":[],"class_list":["post-1068547","post","type-post","status-publish","format-standard","hentry","category-viajes"],"_links":{"self":[{"href":"https:\/\/dimensionturistica.com\/es\/wp-json\/wp\/v2\/posts\/1068547","targetHints":{"allow":["GET"]}}],"collection":[{"href":"https:\/\/dimensionturistica.com\/es\/wp-json\/wp\/v2\/posts"}],"about":[{"href":"https:\/\/dimensionturistica.com\/es\/wp-json\/wp\/v2\/types\/post"}],"author":[{"embeddable":true,"href":"https:\/\/dimensionturistica.com\/es\/wp-json\/wp\/v2\/users\/1"}],"replies":[{"embeddable":true,"href":"https:\/\/dimensionturistica.com\/es\/wp-json\/wp\/v2\/comments?post=1068547"}],"version-history":[{"count":1,"href":"https:\/\/dimensionturistica.com\/es\/wp-json\/wp\/v2\/posts\/1068547\/revisions"}],"predecessor-version":[{"id":1068556,"href":"https:\/\/dimensionturistica.com\/es\/wp-json\/wp\/v2\/posts\/1068547\/revisions\/1068556"}],"wp:attachment":[{"href":"https:\/\/dimensionturistica.com\/es\/wp-json\/wp\/v2\/media?parent=1068547"}],"wp:term":[{"taxonomy":"category","embeddable":true,"href":"https:\/\/dimensionturistica.com\/es\/wp-json\/wp\/v2\/categories?post=1068547"},{"taxonomy":"post_tag","embeddable":true,"href":"https:\/\/dimensionturistica.com\/es\/wp-json\/wp\/v2\/tags?post=1068547"}],"curies":[{"name":"wp","href":"https:\/\/api.w.org\/{rel}","templated":true}]}}