{"id":1068532,"date":"2025-10-29T21:09:40","date_gmt":"2025-10-29T21:09:40","guid":{"rendered":"https:\/\/dimensionturistica.com\/es\/?p=1068532"},"modified":"2025-10-29T21:09:40","modified_gmt":"2025-10-29T21:09:40","slug":"el-camino-de-cempasuchil-los-destinos-para-recordar-a-quienes-han-partido","status":"publish","type":"post","link":"https:\/\/dimensionturistica.com\/es\/el-camino-de-cempasuchil-los-destinos-para-recordar-a-quienes-han-partido\/","title":{"rendered":"El camino de cempas\u00fachil: Los \u00a0Destinos para recordar a quienes han partido"},"content":{"rendered":"\n<figure class=\"wp-block-gallery has-nested-images columns-default is-cropped wp-block-gallery-1 is-layout-flex wp-block-gallery-is-layout-flex\">\n<figure class=\"wp-block-image size-large\"><img decoding=\"async\" width=\"500\" height=\"223\" data-id=\"1068533\" src=\"https:\/\/dimensionturistica.com\/es\/wp-content\/uploads\/2025\/10\/1PASE-1.jpg\" alt=\"\" class=\"wp-image-1068533\" srcset=\"https:\/\/dimensionturistica.com\/es\/wp-content\/uploads\/2025\/10\/1PASE-1.jpg 500w, https:\/\/dimensionturistica.com\/es\/wp-content\/uploads\/2025\/10\/1PASE-1-300x134.jpg 300w\" sizes=\"(max-width: 500px) 100vw, 500px\" \/><\/figure>\n<\/figure>\n\n\n\n<p>En noviembre, M\u00e9xico se llena de colores oto\u00f1ales, que marcan el inicio de una temporada que invita a recordar a quienes ya no est\u00e1n con nosotros. Si en esta \u00e9poca del a\u00f1o buscas reconectar con tus recuerdos de una manera diferente, descubrir nuevos destinos en familia puede ser una gran opci\u00f3n.<\/p>\n\n\n\n<figure class=\"wp-block-gallery has-nested-images columns-default is-cropped wp-block-gallery-2 is-layout-flex wp-block-gallery-is-layout-flex\">\n<figure class=\"wp-block-image size-large\"><img decoding=\"async\" width=\"800\" height=\"600\" data-id=\"1068534\" src=\"https:\/\/dimensionturistica.com\/es\/wp-content\/uploads\/2025\/10\/1ce013deee7a840ae526e4af52d85870.jpg\" alt=\"\" class=\"wp-image-1068534\" srcset=\"https:\/\/dimensionturistica.com\/es\/wp-content\/uploads\/2025\/10\/1ce013deee7a840ae526e4af52d85870.jpg 800w, https:\/\/dimensionturistica.com\/es\/wp-content\/uploads\/2025\/10\/1ce013deee7a840ae526e4af52d85870-300x225.jpg 300w, https:\/\/dimensionturistica.com\/es\/wp-content\/uploads\/2025\/10\/1ce013deee7a840ae526e4af52d85870-768x576.jpg 768w, https:\/\/dimensionturistica.com\/es\/wp-content\/uploads\/2025\/10\/1ce013deee7a840ae526e4af52d85870-750x563.jpg 750w\" sizes=\"(max-width: 800px) 100vw, 800px\" \/><\/figure>\n<\/figure>\n\n\n\n<p>Durante estas fechas, los tonos c\u00e1lidos del oto\u00f1o adornan cada rinc\u00f3n de nuestro pa\u00eds y permiten disfrutar de paisajes espectaculares. Para que disfrutes de nuevas experiencias, expertos de movilidad de PASE comparten algunos destinos donde podr\u00e1s encontrar tradici\u00f3n, tomarte fotos incre\u00edbles y vivir la nostalgia de la \u00e9poca:<\/p>\n\n\n\n<p>Atlixco, Puebla. Conocido como &#8220;Atlixco de las Flores&#8221;, este Pueblo M\u00e1gico se viste de gala en la temporada oto\u00f1al para ofrecer a sus visitantes un espect\u00e1culo visual inigualable: los campos de cempas\u00fachil.<\/p>\n\n\n\n<p>Esta flor, que solo florece en esta \u00e9poca del a\u00f1o, ofrece un paisaje en tonos naranja y amarillo, que crean el fondo ideal para los amantes de la fotograf\u00eda.<\/p>\n\n\n\n<figure class=\"wp-block-gallery has-nested-images columns-default is-cropped wp-block-gallery-3 is-layout-flex wp-block-gallery-is-layout-flex\">\n<figure class=\"wp-block-image size-large\"><img decoding=\"async\" width=\"500\" height=\"333\" data-id=\"1068535\" src=\"https:\/\/dimensionturistica.com\/es\/wp-content\/uploads\/2025\/10\/2PASE-1.jpg\" alt=\"\" class=\"wp-image-1068535\" srcset=\"https:\/\/dimensionturistica.com\/es\/wp-content\/uploads\/2025\/10\/2PASE-1.jpg 500w, https:\/\/dimensionturistica.com\/es\/wp-content\/uploads\/2025\/10\/2PASE-1-300x200.jpg 300w\" sizes=\"(max-width: 500px) 100vw, 500px\" \/><\/figure>\n<\/figure>\n\n\n\n<p>Adem\u00e1s, puedes complementar tu visita con un recorrido por el centro de Atlixco, donde encontrar\u00e1s arquitectura colonial, su emblem\u00e1tico reloj floral y la famosa Escalera Ancha, as\u00ed como diversas exposiciones art\u00edsticas de la temporada.<\/p>\n\n\n\n<p>Santa Fe de la Laguna, Michoac\u00e1n. Esta localidad es clave de la cultura pur\u00e9pecha y se presenta como un destino imperdible para esta \u00e9poca. &nbsp;Al recorrer sus pintorescas calles, podr\u00e1s apreciar la arquitectura local y las artesan\u00edas de barro elaboradas por los habitantes de la comunidad.<\/p>\n\n\n\n<p>La gastronom\u00eda local es un pilar de la experiencia, con recetas que han sido heredadas de generaci\u00f3n en generaci\u00f3n. El caldo michi (hecho con mojarra) y las corundas (tamales envueltos en hojas de milpa) son dos platillos que no te puedes perder.<\/p>\n\n\n\n<figure class=\"wp-block-gallery has-nested-images columns-default is-cropped wp-block-gallery-4 is-layout-flex wp-block-gallery-is-layout-flex\">\n<figure class=\"wp-block-image size-large\"><img decoding=\"async\" width=\"500\" height=\"375\" data-id=\"1068536\" src=\"https:\/\/dimensionturistica.com\/es\/wp-content\/uploads\/2025\/10\/3PASE.jpg\" alt=\"\" class=\"wp-image-1068536\" srcset=\"https:\/\/dimensionturistica.com\/es\/wp-content\/uploads\/2025\/10\/3PASE.jpg 500w, https:\/\/dimensionturistica.com\/es\/wp-content\/uploads\/2025\/10\/3PASE-300x225.jpg 300w\" sizes=\"(max-width: 500px) 100vw, 500px\" \/><\/figure>\n<\/figure>\n\n\n\n<p>Para que llegues m\u00e1s r\u00e1pido a cada destino, recuerda que el Tag PASE es una alternativa que permite cruzar m\u00e1s r\u00e1pidamente por casetas de cobro del pa\u00eds sin necesidad de utilizar efectivo, haciendo del camino una experiencia m\u00e1s c\u00f3moda y pr\u00e1ctica.<\/p>\n\n\n\n<p>Oaxaca. Durante los primeros d\u00edas de noviembre, Oaxaca se llena de color, aromas y movimiento. Calles, plazas y mercados se visten de temporada, ofreciendo un espect\u00e1culo de flores, artesan\u00edas y textiles t\u00edpicos que reflejan la riqueza cultural de la regi\u00f3n.<\/p>\n\n\n\n<p>Es el momento ideal para recorrer sus barrios coloniales, disfrutar de talleres de alfarer\u00eda y tejido, y descubrir sabores locales en mercados y restaurantes. La ciudad ofrece paseos y experiencias \u00fanicas que permiten apreciar la historia, la creatividad y la identidad de Oaxaca en su m\u00e1xima expresi\u00f3n.<\/p>\n\n\n\n<figure class=\"wp-block-gallery has-nested-images columns-default is-cropped wp-block-gallery-5 is-layout-flex wp-block-gallery-is-layout-flex\">\n<figure class=\"wp-block-image size-large\"><img decoding=\"async\" width=\"500\" height=\"357\" data-id=\"1068537\" src=\"https:\/\/dimensionturistica.com\/es\/wp-content\/uploads\/2025\/10\/9PASE.jpg\" alt=\"\" class=\"wp-image-1068537\" srcset=\"https:\/\/dimensionturistica.com\/es\/wp-content\/uploads\/2025\/10\/9PASE.jpg 500w, https:\/\/dimensionturistica.com\/es\/wp-content\/uploads\/2025\/10\/9PASE-300x214.jpg 300w, https:\/\/dimensionturistica.com\/es\/wp-content\/uploads\/2025\/10\/9PASE-120x86.jpg 120w, https:\/\/dimensionturistica.com\/es\/wp-content\/uploads\/2025\/10\/9PASE-350x250.jpg 350w\" sizes=\"(max-width: 500px) 100vw, 500px\" \/><\/figure>\n<\/figure>\n\n\n\n<p>Para hacer de tu viaje una experiencia m\u00e1s c\u00f3moda, puedes visitar la plataforma pasepormexico.com, que ofrece beneficios en hospedaje en hoteles como City Express by Marriott y Choice Hotels, restaurantes, tours y experiencias, los cuales se pueden recibir al mostrar un Tag PASE o la app \u201cPASE\u201d (con un tag habilitado).<\/p>\n\n\n\n<p>Este 1 y 2 de noviembre, aprovecha para reconectar con tus recuerdos de una manera distinta. Lugares como Puebla, Michoac\u00e1n y Oaxaca son perfectos para recordar a quienes amas y celebrar la vida en distintas partes del pa\u00eds.<\/p>\n","protected":false},"excerpt":{"rendered":"<p>En noviembre, M\u00e9xico se llena de colores oto\u00f1ales, que marcan el inicio de una temporada que invita a recordar a quienes ya no est\u00e1n con nosotros. Si en esta \u00e9poca del a\u00f1o buscas reconectar con tus recuerdos de una manera diferente, descubrir nuevos destinos en familia puede ser una gran opci\u00f3n. Durante estas fechas, los [&hellip;]<\/p>\n","protected":false},"author":1,"featured_media":0,"comment_status":"open","ping_status":"closed","sticky":false,"template":"","format":"standard","meta":{"om_disable_all_campaigns":false,"jnews-multi-image_gallery":[],"jnews_single_post":[],"jnews_primary_category":[],"jnews_social_meta":[],"footnotes":""},"categories":[39],"tags":[],"class_list":["post-1068532","post","type-post","status-publish","format-standard","hentry","category-viajes"],"_links":{"self":[{"href":"https:\/\/dimensionturistica.com\/es\/wp-json\/wp\/v2\/posts\/1068532","targetHints":{"allow":["GET"]}}],"collection":[{"href":"https:\/\/dimensionturistica.com\/es\/wp-json\/wp\/v2\/posts"}],"about":[{"href":"https:\/\/dimensionturistica.com\/es\/wp-json\/wp\/v2\/types\/post"}],"author":[{"embeddable":true,"href":"https:\/\/dimensionturistica.com\/es\/wp-json\/wp\/v2\/users\/1"}],"replies":[{"embeddable":true,"href":"https:\/\/dimensionturistica.com\/es\/wp-json\/wp\/v2\/comments?post=1068532"}],"version-history":[{"count":1,"href":"https:\/\/dimensionturistica.com\/es\/wp-json\/wp\/v2\/posts\/1068532\/revisions"}],"predecessor-version":[{"id":1068538,"href":"https:\/\/dimensionturistica.com\/es\/wp-json\/wp\/v2\/posts\/1068532\/revisions\/1068538"}],"wp:attachment":[{"href":"https:\/\/dimensionturistica.com\/es\/wp-json\/wp\/v2\/media?parent=1068532"}],"wp:term":[{"taxonomy":"category","embeddable":true,"href":"https:\/\/dimensionturistica.com\/es\/wp-json\/wp\/v2\/categories?post=1068532"},{"taxonomy":"post_tag","embeddable":true,"href":"https:\/\/dimensionturistica.com\/es\/wp-json\/wp\/v2\/tags?post=1068532"}],"curies":[{"name":"wp","href":"https:\/\/api.w.org\/{rel}","templated":true}]}}