{"id":1068521,"date":"2025-10-29T20:45:29","date_gmt":"2025-10-29T20:45:29","guid":{"rendered":"https:\/\/dimensionturistica.com\/es\/?p=1068521"},"modified":"2025-10-29T20:45:29","modified_gmt":"2025-10-29T20:45:29","slug":"entre-altares-copas-y-tequila-descubre-como-se-vive-el-dia-de-muertos-en-tequila-jalisco","status":"publish","type":"post","link":"https:\/\/dimensionturistica.com\/es\/entre-altares-copas-y-tequila-descubre-como-se-vive-el-dia-de-muertos-en-tequila-jalisco\/","title":{"rendered":"Entre altares, copas y tequila: descubre c\u00f3mo se vive el D\u00eda de Muertos en Tequila, Jalisco"},"content":{"rendered":"\n<figure class=\"wp-block-gallery has-nested-images columns-default is-cropped wp-block-gallery-1 is-layout-flex wp-block-gallery-is-layout-flex\">\n<figure class=\"wp-block-image size-large\"><img decoding=\"async\" width=\"500\" height=\"156\" data-id=\"1067411\" src=\"https:\/\/dimensionturistica.com\/es\/wp-content\/uploads\/2025\/10\/1SAYU.jpg\" alt=\"\" class=\"wp-image-1067411\" srcset=\"https:\/\/dimensionturistica.com\/es\/wp-content\/uploads\/2025\/10\/1SAYU.jpg 500w, https:\/\/dimensionturistica.com\/es\/wp-content\/uploads\/2025\/10\/1SAYU-300x94.jpg 300w\" sizes=\"(max-width: 500px) 100vw, 500px\" \/><\/figure>\n<\/figure>\n\n\n\n<p>Este D\u00eda de Muertos, F\u00e1brica La Roje\u00f1a, la destiler\u00eda en activo m\u00e1s antigua de Am\u00e9rica y orgullo de Casa Cuervo, te invita a vivir una experiencia sensorial donde la tradici\u00f3n mexicana y el arte del tequila se entrelazan para celebrar la memoria y la vida.<\/p>\n\n\n\n<p>Con propuestas \u00fanicas, los visitantes podr\u00e1n disfrutar experiencias que evocan los sabores, aromas y emociones del m\u00e1s all\u00e1, en el coraz\u00f3n de Tequila, Pueblo M\u00e1gico.<\/p>\n\n\n\n<figure class=\"wp-block-gallery has-nested-images columns-default is-cropped wp-block-gallery-2 is-layout-flex wp-block-gallery-is-layout-flex\">\n<figure class=\"wp-block-image size-large\"><img decoding=\"async\" width=\"500\" height=\"333\" data-id=\"1068522\" src=\"https:\/\/dimensionturistica.com\/es\/wp-content\/uploads\/2025\/10\/1JALI.jpg\" alt=\"\" class=\"wp-image-1068522\" srcset=\"https:\/\/dimensionturistica.com\/es\/wp-content\/uploads\/2025\/10\/1JALI.jpg 500w, https:\/\/dimensionturistica.com\/es\/wp-content\/uploads\/2025\/10\/1JALI-300x200.jpg 300w\" sizes=\"(max-width: 500px) 100vw, 500px\" \/><\/figure>\n<\/figure>\n\n\n\n<p>\u201cSabores del M\u00e1s All\u00e1\u201d<\/p>\n\n\n\n<p>Una experiencia inmersiva que mezcla historia, sabor y misticismo, d\u00f3nde se descubrir\u00e1n los secretos de la destiler\u00eda, participar\u00e1n en una cata especial en la cava de Reserva de la Familia, degustar\u00e1n tequila directo de barrica y acompa\u00f1ar\u00e1n el momento con pan de muerto artesanal, elaborado especialmente para la ocasi\u00f3n.<\/p>\n\n\n\n<p>Fechas y horarios:<\/p>\n\n\n\n<p>25 de octubre: 4:00 p.m. y 6:00 p.m.<\/p>\n\n\n\n<p>26 al 31 de octubre: 11:00 a.m., 12:00 p.m. y 4:00 p.m.<\/p>\n\n\n\n<figure class=\"wp-block-gallery has-nested-images columns-default is-cropped wp-block-gallery-3 is-layout-flex wp-block-gallery-is-layout-flex\">\n<figure class=\"wp-block-image size-large\"><img decoding=\"async\" width=\"500\" height=\"571\" data-id=\"1068523\" src=\"https:\/\/dimensionturistica.com\/es\/wp-content\/uploads\/2025\/10\/5JALI-1.jpg\" alt=\"\" class=\"wp-image-1068523\" srcset=\"https:\/\/dimensionturistica.com\/es\/wp-content\/uploads\/2025\/10\/5JALI-1.jpg 500w, https:\/\/dimensionturistica.com\/es\/wp-content\/uploads\/2025\/10\/5JALI-1-263x300.jpg 263w\" sizes=\"(max-width: 500px) 100vw, 500px\" \/><\/figure>\n<\/figure>\n\n\n\n<p>2 de noviembre: 11:00 a.m., 12:00 p.m. y 4:00 p.m.<\/p>\n\n\n\n<p>Costo: $995.00 por persona<\/p>\n\n\n\n<p>Reservaciones: Haz tu reserva aqu\u00ed<\/p>\n\n\n\n<p>\u201cNoche de Cava y Calaveras\u201d<\/p>\n\n\n\n<p>Para quienes buscan una celebraci\u00f3n m\u00e1s \u00edntima, \u201cNoche de Cava y Calaveras\u201d ofrece un ambiente nocturno entre velas, barricas y leyendas en d\u00f3nde disfrutar\u00e1n un recorrido guiado, una cata especial en la cava de Reserva de la Familia, degustaci\u00f3n directa de barrica y pan de muerto artesanal, en una atm\u00f3sfera perfecta para brindar por quienes ya partieron.<\/p>\n\n\n\n<p>Fechas y horarios<\/p>\n\n\n\n<p>31 de octubre y 1 de noviembre: 6:00 p.m.<\/p>\n\n\n\n<p>Costo: $995.00 por persona<\/p>\n\n\n\n<figure class=\"wp-block-gallery has-nested-images columns-default is-cropped wp-block-gallery-4 is-layout-flex wp-block-gallery-is-layout-flex\">\n<figure class=\"wp-block-image size-large\"><img decoding=\"async\" width=\"500\" height=\"333\" data-id=\"1068524\" src=\"https:\/\/dimensionturistica.com\/es\/wp-content\/uploads\/2025\/10\/3JALI.jpg\" alt=\"\" class=\"wp-image-1068524\" srcset=\"https:\/\/dimensionturistica.com\/es\/wp-content\/uploads\/2025\/10\/3JALI.jpg 500w, https:\/\/dimensionturistica.com\/es\/wp-content\/uploads\/2025\/10\/3JALI-300x200.jpg 300w\" sizes=\"(max-width: 500px) 100vw, 500px\" \/><\/figure>\n<\/figure>\n\n\n\n<p>Reservaciones: Haz tu reserva aqu\u00ed<\/p>\n\n\n\n<p>Cena Maridaje \u201cEntre Altares y Copas\u201d \u2013 Hotel Solar de las \u00c1nimas<\/p>\n\n\n\n<p>El Hotel Solar de las \u00c1nimas se suma a la celebraci\u00f3n con una exclusiva cena maridaje de la mano de la marca Dobel, inspirada en la espiritualidad y los sabores de la temporada.<\/p>\n\n\n\n<p>Men\u00fa especial:<\/p>\n\n\n\n<p>Entrada: Crema de flor de calabaza servida dentro de un pan de muerto salado de masa madre.<\/p>\n\n\n\n<p>Plato fuerte: Filete de res sobre espejo de mole poblano con reducciones de tequila, acompa\u00f1ado de pur\u00e9 de camote morado y verduras baby al grill.<\/p>\n\n\n\n<p>Postre: Cr\u00e8me br\u00fbl\u00e9e de vainilla con helado de cempas\u00fachil.<\/p>\n\n\n\n<p>Fecha: 1 de noviembre \u2013 8:00 p.m.<\/p>\n\n\n\n<p>Costo: $950.00 por persona (solo adultos)<\/p>\n\n\n\n<p>Reservaciones: Haz tu reserva aqu\u00ed<\/p>\n\n\n\n<p>Un altar para recordar<\/p>\n\n\n\n<p>Como parte de esta conmemoraci\u00f3n, Mundo Cuervo hace un montaje especial de altar de muertos en la Antigua Taberna, donde la decoraci\u00f3n tradicional, la luz y el aroma del tequila crean una experiencia sensorial \u00fanica que honra nuestras ra\u00edces.<\/p>\n\n\n\n<p>En esta temporada donde la frontera entre el mundo de los vivos y los que ya partieron se vuelve m\u00e1s delgada, F\u00e1brica La Roje\u00f1a y Hotel Solar de las \u00c1nimas invitan a descubrir Tequila desde una perspectiva m\u00e1gica: un lugar donde el pasado se revive en cada sorbo, el presente se celebra entre amigos y el recuerdo se ilumina con el brillo de las velas.<\/p>\n\n\n\n<p>M\u00e1s que una experiencia, es una invitaci\u00f3n a honrar nuestras tradiciones, reconectar con nuestras ra\u00edces y celebrar la vida con el esp\u00edritu del tequila, s\u00edmbolo de orgullo, cultura y eternidad.<\/p>\n","protected":false},"excerpt":{"rendered":"<p>Este D\u00eda de Muertos, F\u00e1brica La Roje\u00f1a, la destiler\u00eda en activo m\u00e1s antigua de Am\u00e9rica y orgullo de Casa Cuervo, te invita a vivir una experiencia sensorial donde la tradici\u00f3n mexicana y el arte del tequila se entrelazan para celebrar la memoria y la vida. Con propuestas \u00fanicas, los visitantes podr\u00e1n disfrutar experiencias que evocan [&hellip;]<\/p>\n","protected":false},"author":1,"featured_media":0,"comment_status":"open","ping_status":"closed","sticky":false,"template":"","format":"standard","meta":{"om_disable_all_campaigns":false,"jnews-multi-image_gallery":[],"jnews_single_post":[],"jnews_primary_category":[],"jnews_social_meta":[],"footnotes":""},"categories":[43],"tags":[],"class_list":["post-1068521","post","type-post","status-publish","format-standard","hentry","category-gourmet"],"_links":{"self":[{"href":"https:\/\/dimensionturistica.com\/es\/wp-json\/wp\/v2\/posts\/1068521","targetHints":{"allow":["GET"]}}],"collection":[{"href":"https:\/\/dimensionturistica.com\/es\/wp-json\/wp\/v2\/posts"}],"about":[{"href":"https:\/\/dimensionturistica.com\/es\/wp-json\/wp\/v2\/types\/post"}],"author":[{"embeddable":true,"href":"https:\/\/dimensionturistica.com\/es\/wp-json\/wp\/v2\/users\/1"}],"replies":[{"embeddable":true,"href":"https:\/\/dimensionturistica.com\/es\/wp-json\/wp\/v2\/comments?post=1068521"}],"version-history":[{"count":1,"href":"https:\/\/dimensionturistica.com\/es\/wp-json\/wp\/v2\/posts\/1068521\/revisions"}],"predecessor-version":[{"id":1068525,"href":"https:\/\/dimensionturistica.com\/es\/wp-json\/wp\/v2\/posts\/1068521\/revisions\/1068525"}],"wp:attachment":[{"href":"https:\/\/dimensionturistica.com\/es\/wp-json\/wp\/v2\/media?parent=1068521"}],"wp:term":[{"taxonomy":"category","embeddable":true,"href":"https:\/\/dimensionturistica.com\/es\/wp-json\/wp\/v2\/categories?post=1068521"},{"taxonomy":"post_tag","embeddable":true,"href":"https:\/\/dimensionturistica.com\/es\/wp-json\/wp\/v2\/tags?post=1068521"}],"curies":[{"name":"wp","href":"https:\/\/api.w.org\/{rel}","templated":true}]}}