{"id":1068507,"date":"2025-10-29T20:31:46","date_gmt":"2025-10-29T20:31:46","guid":{"rendered":"https:\/\/dimensionturistica.com\/es\/?p=1068507"},"modified":"2025-10-29T20:31:46","modified_gmt":"2025-10-29T20:31:46","slug":"las-celebraciones-por-el-dia-de-muertos-dejaran-una-derrama-de-440-millones-de-pesos-en-queretaro","status":"publish","type":"post","link":"https:\/\/dimensionturistica.com\/es\/las-celebraciones-por-el-dia-de-muertos-dejaran-una-derrama-de-440-millones-de-pesos-en-queretaro\/","title":{"rendered":"Las Celebraciones por\u00a0el\u00a0D\u00eda de Muertos dejar\u00e1n una derrama de 440 millones de pesos en Quer\u00e9taro"},"content":{"rendered":"\n<p><\/p>\n\n\n\n<figure class=\"wp-block-gallery has-nested-images columns-default is-cropped wp-block-gallery-1 is-layout-flex wp-block-gallery-is-layout-flex\">\n<figure class=\"wp-block-image size-large\"><img decoding=\"async\" width=\"424\" height=\"123\" data-id=\"1068508\" src=\"https:\/\/dimensionturistica.com\/es\/wp-content\/uploads\/2025\/10\/1QUE.jpg\" alt=\"\" class=\"wp-image-1068508\" srcset=\"https:\/\/dimensionturistica.com\/es\/wp-content\/uploads\/2025\/10\/1QUE.jpg 424w, https:\/\/dimensionturistica.com\/es\/wp-content\/uploads\/2025\/10\/1QUE-300x87.jpg 300w\" sizes=\"(max-width: 424px) 100vw, 424px\" \/><\/figure>\n<\/figure>\n\n\n\n<p>La Secretar\u00eda de Turismo del estado de Quer\u00e9taro estim\u00f3 una derrama econ\u00f3mica superior a 440 millones de pesos con motivo del puente vacacional del D\u00eda de Muertos.<\/p>\n\n\n\n<figure class=\"wp-block-gallery has-nested-images columns-default is-cropped wp-block-gallery-2 is-layout-flex wp-block-gallery-is-layout-flex\">\n<figure class=\"wp-block-image size-large\"><img decoding=\"async\" width=\"500\" height=\"333\" data-id=\"1068509\" src=\"https:\/\/dimensionturistica.com\/es\/wp-content\/uploads\/2025\/10\/2WQQYUUER.jpg\" alt=\"\" class=\"wp-image-1068509\" srcset=\"https:\/\/dimensionturistica.com\/es\/wp-content\/uploads\/2025\/10\/2WQQYUUER.jpg 500w, https:\/\/dimensionturistica.com\/es\/wp-content\/uploads\/2025\/10\/2WQQYUUER-300x200.jpg 300w\" sizes=\"(max-width: 500px) 100vw, 500px\" \/><\/figure>\n<\/figure>\n\n\n\n<p>La dependencia inform\u00f3 que se espera la visita de 115 mil turistas y una ocupaci\u00f3n hotelera promedio de 60 por ciento, con picos las noches del viernes y s\u00e1bado que ser\u00e1n superiores al 70 por ciento.<\/p>\n\n\n\n<p>El estado de Quer\u00e9taro inici\u00f3 formalmente las celebraciones con motivo del D\u00eda de Muertos, con la inauguraci\u00f3n del Altar Monumental instalado en la Plaza de Armas de la capital del estado, que en esta ocasi\u00f3n est\u00e1 dedicado al doctor Octavio S. Mondrag\u00f3n Guerra, destacado acad\u00e9mico y humanista queretano, fundador de la Universidad Aut\u00f3noma de Quer\u00e9taro. A trav\u00e9s de este altar, se rinde tributo a la educaci\u00f3n y el desarrollo humano.<\/p>\n\n\n\n<figure class=\"wp-block-gallery has-nested-images columns-default is-cropped wp-block-gallery-3 is-layout-flex wp-block-gallery-is-layout-flex\">\n<figure class=\"wp-block-image size-large\"><img decoding=\"async\" width=\"500\" height=\"280\" data-id=\"1068511\" src=\"https:\/\/dimensionturistica.com\/es\/wp-content\/uploads\/2025\/10\/3QUE-1.jpg\" alt=\"\" class=\"wp-image-1068511\" srcset=\"https:\/\/dimensionturistica.com\/es\/wp-content\/uploads\/2025\/10\/3QUE-1.jpg 500w, https:\/\/dimensionturistica.com\/es\/wp-content\/uploads\/2025\/10\/3QUE-1-300x168.jpg 300w\" sizes=\"(max-width: 500px) 100vw, 500px\" \/><\/figure>\n<\/figure>\n\n\n\n<p>La ceremonia de inauguraci\u00f3n del altar fue encabezada por la secretaria de Turismo, Adriana Vega V\u00e1zquez Mellado, quien destac\u00f3 que las celebraciones por el D\u00eda de Muertos y Todos los Santos representan una de las m\u00e1s arraigadas y queridas del pa\u00eds.<\/p>\n\n\n\n<figure class=\"wp-block-gallery has-nested-images columns-default is-cropped wp-block-gallery-4 is-layout-flex wp-block-gallery-is-layout-flex\">\n<figure class=\"wp-block-image size-large\"><img decoding=\"async\" width=\"500\" height=\"280\" data-id=\"1068514\" src=\"https:\/\/dimensionturistica.com\/es\/wp-content\/uploads\/2025\/10\/4QUER.jpg\" alt=\"\" class=\"wp-image-1068514\" srcset=\"https:\/\/dimensionturistica.com\/es\/wp-content\/uploads\/2025\/10\/4QUER.jpg 500w, https:\/\/dimensionturistica.com\/es\/wp-content\/uploads\/2025\/10\/4QUER-300x168.jpg 300w\" sizes=\"(max-width: 500px) 100vw, 500px\" \/><\/figure>\n<\/figure>\n\n\n\n<p>Record\u00f3 que el Festival de D\u00eda de Muertos 2025 ofrecer\u00e1 actividades culturales, art\u00edsticas y gastron\u00f3micas en el Centro Hist\u00f3rico, consolidando a Quer\u00e9taro como uno de los destinos m\u00e1s representativos del pa\u00eds para vivir esta tradici\u00f3n reconocida por la UNESCO como Patrimonio Cultural Inmaterial de la Humanidad.<\/p>\n","protected":false},"excerpt":{"rendered":"<p>La Secretar\u00eda de Turismo del estado de Quer\u00e9taro estim\u00f3 una derrama econ\u00f3mica superior a 440 millones de pesos con motivo del puente vacacional del D\u00eda de Muertos. La dependencia inform\u00f3 que se espera la visita de 115 mil turistas y una ocupaci\u00f3n hotelera promedio de 60 por ciento, con picos las noches del viernes y [&hellip;]<\/p>\n","protected":false},"author":1,"featured_media":0,"comment_status":"open","ping_status":"closed","sticky":false,"template":"","format":"standard","meta":{"om_disable_all_campaigns":false,"jnews-multi-image_gallery":[],"jnews_single_post":[],"jnews_primary_category":[],"jnews_social_meta":[],"footnotes":""},"categories":[39],"tags":[],"class_list":["post-1068507","post","type-post","status-publish","format-standard","hentry","category-viajes"],"_links":{"self":[{"href":"https:\/\/dimensionturistica.com\/es\/wp-json\/wp\/v2\/posts\/1068507","targetHints":{"allow":["GET"]}}],"collection":[{"href":"https:\/\/dimensionturistica.com\/es\/wp-json\/wp\/v2\/posts"}],"about":[{"href":"https:\/\/dimensionturistica.com\/es\/wp-json\/wp\/v2\/types\/post"}],"author":[{"embeddable":true,"href":"https:\/\/dimensionturistica.com\/es\/wp-json\/wp\/v2\/users\/1"}],"replies":[{"embeddable":true,"href":"https:\/\/dimensionturistica.com\/es\/wp-json\/wp\/v2\/comments?post=1068507"}],"version-history":[{"count":1,"href":"https:\/\/dimensionturistica.com\/es\/wp-json\/wp\/v2\/posts\/1068507\/revisions"}],"predecessor-version":[{"id":1068515,"href":"https:\/\/dimensionturistica.com\/es\/wp-json\/wp\/v2\/posts\/1068507\/revisions\/1068515"}],"wp:attachment":[{"href":"https:\/\/dimensionturistica.com\/es\/wp-json\/wp\/v2\/media?parent=1068507"}],"wp:term":[{"taxonomy":"category","embeddable":true,"href":"https:\/\/dimensionturistica.com\/es\/wp-json\/wp\/v2\/categories?post=1068507"},{"taxonomy":"post_tag","embeddable":true,"href":"https:\/\/dimensionturistica.com\/es\/wp-json\/wp\/v2\/tags?post=1068507"}],"curies":[{"name":"wp","href":"https:\/\/api.w.org\/{rel}","templated":true}]}}