{"id":1068491,"date":"2025-10-29T20:16:07","date_gmt":"2025-10-29T20:16:07","guid":{"rendered":"https:\/\/dimensionturistica.com\/es\/?p=1068491"},"modified":"2025-10-29T20:16:07","modified_gmt":"2025-10-29T20:16:07","slug":"pals-par-2025-marcara-el-inicio-de-una-nueva-etapa-para-el-golf-en-colima","status":"publish","type":"post","link":"https:\/\/dimensionturistica.com\/es\/pals-par-2025-marcara-el-inicio-de-una-nueva-etapa-para-el-golf-en-colima\/","title":{"rendered":"Pals Par 2025 marcar\u00e1 el inicio de una nueva etapa para el golf en\u00a0Colima"},"content":{"rendered":"\n<p><\/p>\n\n\n\n<figure class=\"wp-block-gallery has-nested-images columns-default is-cropped wp-block-gallery-1 is-layout-flex wp-block-gallery-is-layout-flex\">\n<figure class=\"wp-block-image size-large\"><img decoding=\"async\" width=\"500\" height=\"150\" data-id=\"1068492\" src=\"https:\/\/dimensionturistica.com\/es\/wp-content\/uploads\/2025\/10\/1GOLF.jpg\" alt=\"\" class=\"wp-image-1068492\" srcset=\"https:\/\/dimensionturistica.com\/es\/wp-content\/uploads\/2025\/10\/1GOLF.jpg 500w, https:\/\/dimensionturistica.com\/es\/wp-content\/uploads\/2025\/10\/1GOLF-300x90.jpg 300w\" sizes=\"(max-width: 500px) 100vw, 500px\" \/><\/figure>\n<\/figure>\n\n\n\n<p>El 15 de noviembre, el Campo de Golf Las Hadas ser\u00e1 sede de la primera edici\u00f3n de este encuentro&nbsp;que impulsa deporte, juventud y causa social<\/p>\n\n\n\n<figure class=\"wp-block-gallery has-nested-images columns-default is-cropped wp-block-gallery-2 is-layout-flex wp-block-gallery-is-layout-flex\">\n<figure class=\"wp-block-image size-large\"><img decoding=\"async\" width=\"500\" height=\"281\" data-id=\"1068493\" src=\"https:\/\/dimensionturistica.com\/es\/wp-content\/uploads\/2025\/10\/2GOLF.jpg\" alt=\"\" class=\"wp-image-1068493\" srcset=\"https:\/\/dimensionturistica.com\/es\/wp-content\/uploads\/2025\/10\/2GOLF.jpg 500w, https:\/\/dimensionturistica.com\/es\/wp-content\/uploads\/2025\/10\/2GOLF-300x169.jpg 300w\" sizes=\"(max-width: 500px) 100vw, 500px\" \/><\/figure>\n<\/figure>\n\n\n\n<p>El golf en Colima vive un momento clave con Pals Par 2025, un torneo juvenil que reunir\u00e1 a j\u00f3venes talentos&nbsp;y fomentar\u00e1 el esp\u00edritu deportivo en uno de los lugares m\u00e1s emblem\u00e1ticos del Pac\u00edfico mexicano.<\/p>\n\n\n\n<p>La primera edici\u00f3n se celebrar\u00e1 el 15 de noviembre en el Campo de Golf Las Hadas, con la participaci\u00f3n de&nbsp;48 jugadores distribuidos en equipos de cuatro y m\u00e1s de 50 visitantes. Su objetivo va m\u00e1s all\u00e1 de la&nbsp;competencia: Pals Par busca crear una comunidad donde familias, amigos y nuevas generaciones&nbsp;compartan experiencias dentro y fuera del campo.<\/p>\n\n\n\n<figure class=\"wp-block-gallery has-nested-images columns-default is-cropped wp-block-gallery-3 is-layout-flex wp-block-gallery-is-layout-flex\">\n<figure class=\"wp-block-image size-large\"><img decoding=\"async\" width=\"500\" height=\"468\" data-id=\"1068494\" src=\"https:\/\/dimensionturistica.com\/es\/wp-content\/uploads\/2025\/10\/6GOLF.jpg\" alt=\"\" class=\"wp-image-1068494\" srcset=\"https:\/\/dimensionturistica.com\/es\/wp-content\/uploads\/2025\/10\/6GOLF.jpg 500w, https:\/\/dimensionturistica.com\/es\/wp-content\/uploads\/2025\/10\/6GOLF-300x281.jpg 300w\" sizes=\"(max-width: 500px) 100vw, 500px\" \/><\/figure>\n<\/figure>\n\n\n\n<p>Ubicado en la Pen\u00ednsula de Santiago, en Manzanillo, el Campo de Golf Las Hadas cuenta con 18 hoyos&nbsp;rodeados de vegetaci\u00f3n tropical y once pozos de agua, algunos formados por el r\u00edo Salagua.<\/p>\n\n\n\n<p>Su dise\u00f1o&nbsp;esc\u00e9nico, servicios de primer nivel y entorno natural lo convierten en el escenario ideal para este torneo.<\/p>\n\n\n\n<figure class=\"wp-block-gallery has-nested-images columns-default is-cropped wp-block-gallery-4 is-layout-flex wp-block-gallery-is-layout-flex\">\n<figure class=\"wp-block-image size-large\"><img decoding=\"async\" width=\"500\" height=\"281\" data-id=\"1068495\" src=\"https:\/\/dimensionturistica.com\/es\/wp-content\/uploads\/2025\/10\/3GOLF.jpg\" alt=\"\" class=\"wp-image-1068495\" srcset=\"https:\/\/dimensionturistica.com\/es\/wp-content\/uploads\/2025\/10\/3GOLF.jpg 500w, https:\/\/dimensionturistica.com\/es\/wp-content\/uploads\/2025\/10\/3GOLF-300x169.jpg 300w\" sizes=\"(max-width: 500px) 100vw, 500px\" \/><\/figure>\n<\/figure>\n\n\n\n<p>El evento dar\u00e1 inicio la noche del 14 de noviembre con el Rompehielos \u201cBienvenida PALS\u201d, seguido por una&nbsp;jornada de competencia, convivencia y entretenimiento al d\u00eda siguiente. Habr\u00e1 \u00e1reas especiales para&nbsp;invitados, din\u00e1micas con emprendedores locales, m\u00fasica, bebidas y una premiaci\u00f3n con DJ para cerrar la&nbsp;jornada.<\/p>\n\n\n\n<p>Los boletos estar\u00e1n disponibles exclusivamente a trav\u00e9s del comit\u00e9 organizador mediante las redes oficiales&nbsp;de @palspar, con un costo de $2,200 para jugadores y $500 para invitados. Parte de lo recaudado se&nbsp;destinar\u00e1 a una causa social, reafirmando el compromiso del torneo con la comunidad.<\/p>\n\n\n\n<figure class=\"wp-block-gallery has-nested-images columns-default is-cropped wp-block-gallery-5 is-layout-flex wp-block-gallery-is-layout-flex\">\n<figure class=\"wp-block-image size-large\"><img decoding=\"async\" width=\"500\" height=\"281\" data-id=\"1068496\" src=\"https:\/\/dimensionturistica.com\/es\/wp-content\/uploads\/2025\/10\/4GOLF.jpg\" alt=\"\" class=\"wp-image-1068496\" srcset=\"https:\/\/dimensionturistica.com\/es\/wp-content\/uploads\/2025\/10\/4GOLF.jpg 500w, https:\/\/dimensionturistica.com\/es\/wp-content\/uploads\/2025\/10\/4GOLF-300x169.jpg 300w\" sizes=\"(max-width: 500px) 100vw, 500px\" \/><\/figure>\n<\/figure>\n\n\n\n<p>Adem\u00e1s del torneo, los asistentes podr\u00e1n disfrutar de los atractivos de Manzanillo, como las playas de&nbsp;Santiago y La Audiencia, actividades acu\u00e1ticas, gastronom\u00eda colimense y paisajes frente al mar que hacen&nbsp;del puerto un destino integral.<\/p>\n\n\n\n<p>Con iniciativas como Pals Par y la calidad de los campos de golf de la regi\u00f3n, Colima se consolida como un&nbsp;referente nacional en este deporte.<\/p>\n\n\n\n<figure class=\"wp-block-gallery has-nested-images columns-default is-cropped wp-block-gallery-6 is-layout-flex wp-block-gallery-is-layout-flex\">\n<figure class=\"wp-block-image size-large\"><img decoding=\"async\" width=\"500\" height=\"281\" data-id=\"1068497\" src=\"https:\/\/dimensionturistica.com\/es\/wp-content\/uploads\/2025\/10\/7GOLF.jpg\" alt=\"\" class=\"wp-image-1068497\" srcset=\"https:\/\/dimensionturistica.com\/es\/wp-content\/uploads\/2025\/10\/7GOLF.jpg 500w, https:\/\/dimensionturistica.com\/es\/wp-content\/uploads\/2025\/10\/7GOLF-300x169.jpg 300w\" sizes=\"(max-width: 500px) 100vw, 500px\" \/><\/figure>\n<\/figure>\n\n\n\n<p>Este 2025, Pals Par busca posicionarse como el torneo juvenil m\u00e1s importante del estado, combinando&nbsp;deporte, exclusividad y prop\u00f3sito en un entorno inigualable frente al Pac\u00edfico.<\/p>\n","protected":false},"excerpt":{"rendered":"<p>El 15 de noviembre, el Campo de Golf Las Hadas ser\u00e1 sede de la primera edici\u00f3n de este encuentro&nbsp;que impulsa deporte, juventud y causa social El golf en Colima vive un momento clave con Pals Par 2025, un torneo juvenil que reunir\u00e1 a j\u00f3venes talentos&nbsp;y fomentar\u00e1 el esp\u00edritu deportivo en uno de los lugares m\u00e1s [&hellip;]<\/p>\n","protected":false},"author":1,"featured_media":0,"comment_status":"open","ping_status":"closed","sticky":false,"template":"","format":"standard","meta":{"om_disable_all_campaigns":false,"jnews-multi-image_gallery":[],"jnews_single_post":{"format":"standard"},"jnews_primary_category":[],"jnews_social_meta":[],"footnotes":""},"categories":[39],"tags":[],"class_list":["post-1068491","post","type-post","status-publish","format-standard","hentry","category-viajes"],"_links":{"self":[{"href":"https:\/\/dimensionturistica.com\/es\/wp-json\/wp\/v2\/posts\/1068491","targetHints":{"allow":["GET"]}}],"collection":[{"href":"https:\/\/dimensionturistica.com\/es\/wp-json\/wp\/v2\/posts"}],"about":[{"href":"https:\/\/dimensionturistica.com\/es\/wp-json\/wp\/v2\/types\/post"}],"author":[{"embeddable":true,"href":"https:\/\/dimensionturistica.com\/es\/wp-json\/wp\/v2\/users\/1"}],"replies":[{"embeddable":true,"href":"https:\/\/dimensionturistica.com\/es\/wp-json\/wp\/v2\/comments?post=1068491"}],"version-history":[{"count":1,"href":"https:\/\/dimensionturistica.com\/es\/wp-json\/wp\/v2\/posts\/1068491\/revisions"}],"predecessor-version":[{"id":1068498,"href":"https:\/\/dimensionturistica.com\/es\/wp-json\/wp\/v2\/posts\/1068491\/revisions\/1068498"}],"wp:attachment":[{"href":"https:\/\/dimensionturistica.com\/es\/wp-json\/wp\/v2\/media?parent=1068491"}],"wp:term":[{"taxonomy":"category","embeddable":true,"href":"https:\/\/dimensionturistica.com\/es\/wp-json\/wp\/v2\/categories?post=1068491"},{"taxonomy":"post_tag","embeddable":true,"href":"https:\/\/dimensionturistica.com\/es\/wp-json\/wp\/v2\/tags?post=1068491"}],"curies":[{"name":"wp","href":"https:\/\/api.w.org\/{rel}","templated":true}]}}