{"id":106840,"date":"2021-04-03T01:05:10","date_gmt":"2021-04-03T01:05:10","guid":{"rendered":"https:\/\/dimensionturistica.com\/es\/?p=106840"},"modified":"2021-04-03T01:05:10","modified_gmt":"2021-04-03T01:05:10","slug":"literatura-infantil-y-juvenil-radiografia-en-tiempos-de-pandemia","status":"publish","type":"post","link":"https:\/\/dimensionturistica.com\/es\/literatura-infantil-y-juvenil-radiografia-en-tiempos-de-pandemia\/","title":{"rendered":"Literatura infantil y juvenil: radiograf\u00eda en tiempos de pandemia"},"content":{"rendered":"<p> <br \/>\n<\/p>\n<div>\n<div class=\"td-post-featured-image\">\n<figure><a rel=\"nofollow noopener\" target=\"_blank\" href=\"https:\/\/elcultural.com\/wp-content\/uploads\/2021\/03\/Sin-titulo-3-2.jpg\" data-caption=\"Ilustraci\u00f3n de Teresa Novoa para 'La mujer del retrato'\"><img decoding=\"async\" width=\"696\" height=\"403\" class=\"entry-thumb td-modal-image\" src=\"https:\/\/elcultural.com\/wp-content\/uploads\/2021\/03\/Sin-titulo-3-2.jpg\" srcset=\"https:\/\/elcultural.com\/wp-content\/uploads\/2021\/03\/Sin-titulo-3-2.jpg 696w, https:\/\/elcultural.com\/wp-content\/uploads\/2021\/03\/Sin-titulo-3-2-300x174.jpg 300w\" sizes=\"(max-width: 696px) 100vw, 696px\" alt=\"\" title=\"Sin-t\u00edtulo-3\"\/><\/a><figcaption class=\"wp-caption-text\">Ilustraci\u00f3n de Teresa Novoa para &#8216;La mujer del retrato&#8217;<\/figcaption><\/figure>\n<\/div>\n<p>Como ha ocurrido con todo, las limitaciones derivadas de esta disaster pand\u00e9mica en que vivimos desde hace un a\u00f1o han dificultado en este D\u00eda del Libro Infantil y Juvenil los encuentros con escritores, las presentaciones y actividades de otros a\u00f1os. Y a pesar de ello, el <a rel=\"nofollow noopener\" target=\"_blank\" href=\"https:\/\/elcultural.com\/la-lectura-en-espana-alcanzo-su-maximo-historico-durante-el-confinamiento\">informe de H\u00e1bitos de lectura<\/a> que elabor\u00f3 la Federaci\u00f3n del Gremio de Editores para 2020 nos sigue trasladando cifras alentadoras: un 74,4 % de los encuestados reconoce leer a los m\u00e1s peque\u00f1os de la familia y, <strong>entre los 6 y los 9 a\u00f1os, un 88,8 % se consideran lectores. Algo pasa, sin embargo, cuando se llega a la adolescencia<\/strong> pues a partir de los 15 la proporci\u00f3n de lectores se cut back notablemente, hasta un 50,3 %.<\/p>\n<p>Los j\u00f3venes siguen siendo el tal\u00f3n de Aquiles. La prescripci\u00f3n en estos a\u00f1os suele llegar a trav\u00e9s de los youtubers, sus c\u00edrculos cercanos o bien desde el \u00e1mbito escolar, pero aqu\u00ed las recomendaciones todav\u00eda remiten a t\u00edtulos cl\u00e1sicos de <a rel=\"nofollow noopener\" target=\"_blank\" href=\"https:\/\/elcultural.com\/muere-carlos-ruiz-zafon-a-los-55-anos\">Ruiz Zaf\u00f3n<\/a> o <a rel=\"nofollow noopener\" target=\"_blank\" href=\"https:\/\/elcultural.com\/Laura-Gallego-Premio-Nacional-de-Literatura-Infantil-y-Juvenil\">Laura Gallego<\/a>. Y a pesar del esfuerzo de premios que refuerzan los mejores libros del a\u00f1o (Gran Angular, Anaya o Edeb\u00e9 juvenil\u2026), la adolescencia no termina de encontrar referentes literarios que fidelicen sus lecturas.<\/p>\n<p>Frente al escenario an\u00f3malo que vivi\u00f3 el mercado del libro a lo largo de 2020, la librer\u00eda se mantuvo como principal canal de venta. No obstante, <strong>el sector ha tenido que reinventarse hacia el comercio digital, mejorando el servicio a trav\u00e9s de las webs<\/strong>, potenciando los encuentros on line (famosos son los Cuentacuentos a domicilio de Laura Vila en la Librer\u00eda Alberti) y trasladando a <a rel=\"nofollow noopener\" target=\"_blank\" href=\"https:\/\/elcultural.com\/ferias-virtuales-la-alternativa-del-sector-editorial\">formato virtual<\/a> cert\u00e1menes tan se\u00f1alados como la Feria de Bolonia. Dicen que los momentos de disaster tambi\u00e9n lo son de oportunidades y as\u00ed hemos visto nacer nuevos proyectos como la librer\u00eda <a rel=\"nofollow noopener\" target=\"_blank\" href=\"https:\/\/www.tiposinfames.com\/nuevalibreria\/\">Menudos infames<\/a>, especializada en poes\u00eda y libro infantil.<\/p>\n<blockquote class=\"wp-block-quote td_quote_right\">\n<p>Para infinidad de ni\u00f1os, la lectura ha sido un refugio valioso, la oportunidad para entender la extra\u00f1a realidad de la pandemia<\/p>\n<\/blockquote>\n<p>Algunos autores e ilustradores confiesan que los meses de confinamiento fueron especialmente creativos (Bego\u00f1a Oro escribi\u00f3 casi en tiempo actual <em>Los d\u00edas en casa<\/em> y Patricia Garc\u00eda-Rojo continu\u00f3 con la segunda entrega de su exitosa saga juvenil <em>El asesino de alfas<\/em>), pero lo que nadie cuestiona es que, <strong>para infinidad de ni\u00f1os, la lectura ha sido un refugio valioso<\/strong>, una oportunidad para viajar a otros mundos y entender la extra\u00f1a realidad en la que est\u00e1bamos inmersos.<\/p>\n<p>No hemos tenido grandes cambios en cuanto a las tendencias generales de edici\u00f3n, pues los grandes sellos siguen apostando por valores seguros como las sequence de \u00e9xito que ya contaban con seguidores fieles: si en SM encontramos nuevos episodios de <em>Los forasteros del tiempo<\/em> de<a rel=\"nofollow noopener\" target=\"_blank\" href=\"https:\/\/elcultural.com\/objetivo-crear-nuevos-lectores\"> Roberto Santiago<\/a> y las <em>Princesas Drag\u00f3n<\/em> de Pedro Ma\u00f1as, el Grupo Anaya tira de Liz Pichon, una de sus autoras estrella, para publicar <em>La guerra de los zapatos<\/em> (Bru\u00f1o).<\/p>\n<p>Curiosamente transgresora resulta <strong>la recuperaci\u00f3n de cl\u00e1sicos en cuidadas ediciones que desaf\u00edan la correcci\u00f3n pol\u00edtica de nuestros d\u00edas<\/strong> y subrayan c\u00f3mo las buenas historias son eternas. Prueba de ello ser\u00edan las exc\u00e9ntricas aventuras de <em><a rel=\"nofollow noopener\" target=\"_blank\" href=\"https:\/\/elcultural.com\/Pippi-Calzaslargas-Todas-las-historias\">Pippi Calzaslargas<\/a><\/em> (K\u00f3kinos) o relatos como <em>Tiffky Doofky de profesi\u00f3n basurero<\/em>, rescatado por Blackie Books para su biblioteca de William Steig. En esta misma l\u00ednea <em>El gran libro verde<\/em>, un texto poco conocido de Robert Graves editado por Corimbo que cuenta con las ir\u00f3nicas ilustraciones de Maurice Sendak.<\/p>\n<blockquote class=\"wp-block-quote td_quote_right\">\n<p>Curiosamente transgresora resulta la recuperaci\u00f3n de cl\u00e1sicos en cuidadas ediciones que desaf\u00edan la correcci\u00f3n pol\u00edtica de hoy<\/p>\n<\/blockquote>\n<p>El c\u00f3mic infantil se posiciona como un g\u00e9nero en alza para introducir al peque\u00f1o lector en historias algo m\u00e1s extensas. As\u00ed se aprecia en la divertida serie de <em>Supercarib\u00fa<\/em> (Beascoa) o en <em>Ariol. Mosquita da en el clavo<\/em> de Harper Collins. <strong>Formato que encuentra su paralelo juvenil en la novela gr\u00e1fica, con libros de gran calidad que abordan la vida en un campo de refugiados<\/strong>, <em>Cuando brillan las estrellas<\/em> (Maeva), o la biograf\u00eda de <a rel=\"nofollow noopener\" target=\"_blank\" href=\"https:\/\/elcultural.com\/wp-admin\/post.php?post=204101&amp;action=edit\">Concepci\u00f3n Arenal <\/a><em>La mujer del retrato<\/em> (N\u00f3rdica). Y en el marco del \u00e1lbum ilustrado seguimos contando con casas especializadas como Kalandraka, conocida por el primor est\u00e9tico de sus ediciones (a destacar <em>Ocultos en el bosque<\/em>, un cl\u00e1sico de la ilustraci\u00f3n japonesa) o Libros del Zorro Rojo, igualmente cuidadosa en su factura y con historias vanguardistas.<\/p>\n<p>Frente a g\u00e9neros menos transitados como el teatro o la poes\u00eda, los \u00e1lbumes informativos de gran formato e ilustraciones espectaculares son otra constante en los cat\u00e1logos. Ahora tambi\u00e9n se dirigen a un p\u00fablico prelector (<em>Si vienes a la tierra<\/em>, Anaya) y tratan de ir inculcando la conciencia ecol\u00f3gica, rescatando la figura de algunos personajes femeninos (<em>Hildegarda<\/em>, Edelvives) o introduciendo a civilizaciones antiguas (<em>Grecoman\u00eda<\/em>, Maeva). <\/p>\n<p>Por \u00faltimo, no podemos olvidar <strong>el peso de los libros dedicados a las emociones del ni\u00f1o en esta \u00e9poca de inseguridades y cambios<\/strong>. Desde <em>Las cajas de Berta<\/em> (Nubeocho) a <em>As\u00ed es la vida del gran Tomi Ungerer <\/em>(Blackie Books), una de las mejores opciones ante las grandes preguntas de la existencia. No en vano, el humor siempre suele ser la mejor respuesta.<\/p>\n<\/p><\/div>\n\n<p><em> &#8221; Fuentes elcultural.com &#8221; <\/em><\/p>\n","protected":false},"excerpt":{"rendered":"<p>Ilustraci\u00f3n de Teresa Novoa para &#8216;La mujer del retrato&#8217; Como ha ocurrido con todo, las limitaciones derivadas de esta disaster pand\u00e9mica en que vivimos desde hace un a\u00f1o han dificultado en este D\u00eda del Libro Infantil y Juvenil los encuentros con escritores, las presentaciones y actividades de otros a\u00f1os. Y a pesar de ello, el [&hellip;]<\/p>\n","protected":false},"author":4,"featured_media":106841,"comment_status":"open","ping_status":"closed","sticky":false,"template":"","format":"standard","meta":{"om_disable_all_campaigns":false,"jnews-multi-image_gallery":[],"jnews_single_post":[],"jnews_primary_category":[],"jnews_social_meta":[],"footnotes":""},"categories":[39],"tags":[],"class_list":["post-106840","post","type-post","status-publish","format-standard","has-post-thumbnail","hentry","category-viajes"],"_links":{"self":[{"href":"https:\/\/dimensionturistica.com\/es\/wp-json\/wp\/v2\/posts\/106840","targetHints":{"allow":["GET"]}}],"collection":[{"href":"https:\/\/dimensionturistica.com\/es\/wp-json\/wp\/v2\/posts"}],"about":[{"href":"https:\/\/dimensionturistica.com\/es\/wp-json\/wp\/v2\/types\/post"}],"author":[{"embeddable":true,"href":"https:\/\/dimensionturistica.com\/es\/wp-json\/wp\/v2\/users\/4"}],"replies":[{"embeddable":true,"href":"https:\/\/dimensionturistica.com\/es\/wp-json\/wp\/v2\/comments?post=106840"}],"version-history":[{"count":0,"href":"https:\/\/dimensionturistica.com\/es\/wp-json\/wp\/v2\/posts\/106840\/revisions"}],"wp:featuredmedia":[{"embeddable":true,"href":"https:\/\/dimensionturistica.com\/es\/wp-json\/wp\/v2\/media\/106841"}],"wp:attachment":[{"href":"https:\/\/dimensionturistica.com\/es\/wp-json\/wp\/v2\/media?parent=106840"}],"wp:term":[{"taxonomy":"category","embeddable":true,"href":"https:\/\/dimensionturistica.com\/es\/wp-json\/wp\/v2\/categories?post=106840"},{"taxonomy":"post_tag","embeddable":true,"href":"https:\/\/dimensionturistica.com\/es\/wp-json\/wp\/v2\/tags?post=106840"}],"curies":[{"name":"wp","href":"https:\/\/api.w.org\/{rel}","templated":true}]}}