{"id":1068340,"date":"2025-10-29T14:39:22","date_gmt":"2025-10-29T14:39:22","guid":{"rendered":"https:\/\/dimensionturistica.com\/es\/?p=1068340"},"modified":"2025-10-29T14:39:22","modified_gmt":"2025-10-29T14:39:22","slug":"energia-de-otono","status":"publish","type":"post","link":"https:\/\/dimensionturistica.com\/es\/energia-de-otono\/","title":{"rendered":"Energ\u00eda de oto\u00f1o"},"content":{"rendered":"\n<figure class=\"wp-block-gallery has-nested-images columns-default is-cropped wp-block-gallery-1 is-layout-flex wp-block-gallery-is-layout-flex\">\n<figure class=\"wp-block-image size-large\"><img decoding=\"async\" width=\"495\" height=\"213\" data-id=\"1068341\" src=\"https:\/\/dimensionturistica.com\/es\/wp-content\/uploads\/2025\/10\/unnamed-9.png\" alt=\"\" class=\"wp-image-1068341\" srcset=\"https:\/\/dimensionturistica.com\/es\/wp-content\/uploads\/2025\/10\/unnamed-9.png 495w, https:\/\/dimensionturistica.com\/es\/wp-content\/uploads\/2025\/10\/unnamed-9-300x129.png 300w\" sizes=\"(max-width: 495px) 100vw, 495px\" \/><\/figure>\n<\/figure>\n\n\n\n<p>Qu\u00e9 temporada tan intensa y emocionante. Entre caf\u00e9s, vuelos, ferias y muchas sonrisas compartidas, septiembre y octubre fueron un torbellino de ideas, encuentros y conexiones. Recargamos energ\u00eda, nos acercamos m\u00e1s a nuestras audiencias y fortalecimos la comunidad que hace del turismo una aventura compartida. Y esto\u2026 \u00a1apenas empieza!<\/p>\n\n\n\n<p>Durante estos meses, seguimos reforzando nuestra presencia en el mercado mexicano con distintas acciones de promoci\u00f3n y capacitaci\u00f3n.<\/p>\n\n\n\n<figure class=\"wp-block-gallery has-nested-images columns-default is-cropped wp-block-gallery-2 is-layout-flex wp-block-gallery-is-layout-flex\">\n<figure class=\"wp-block-image size-large\"><img decoding=\"async\" width=\"251\" height=\"552\" data-id=\"1068342\" src=\"https:\/\/dimensionturistica.com\/es\/wp-content\/uploads\/2025\/10\/1jULIA.jpg\" alt=\"\" class=\"wp-image-1068342\" srcset=\"https:\/\/dimensionturistica.com\/es\/wp-content\/uploads\/2025\/10\/1jULIA.jpg 251w, https:\/\/dimensionturistica.com\/es\/wp-content\/uploads\/2025\/10\/1jULIA-136x300.jpg 136w\" sizes=\"(max-width: 251px) 100vw, 251px\" \/><\/figure>\n<\/figure>\n\n\n\n<p>En septiembre, participamos en la edici\u00f3n de Mundo Joven Fest, acercando el destino de Arizona al p\u00fablico viajero y fortaleciendo nuestra estrategia B2C. Adem\u00e1s, realizamos una sesi\u00f3n de entrenamiento en M\u00e9rida en colaboraci\u00f3n con Juli\u00e1 Tours, donde compartimos las principales novedades del destino con m\u00e1s de 30 agencias de viajes.<\/p>\n\n\n\n<p>Cerramos el periodo con nuestra participaci\u00f3n en el Foro CDMX de Expo Mayoristas, donde tuvimos la oportunidad de capacitar y sostener reuniones uno a uno con m\u00e1s de 200 agentes, reforzando relaciones comerciales y generando nuevas oportunidades de negocio.<\/p>\n\n\n\n<p>S\u00edguenos en Instagram<\/p>\n\n\n\n<figure class=\"wp-block-gallery has-nested-images columns-default is-cropped wp-block-gallery-3 is-layout-flex wp-block-gallery-is-layout-flex\">\n<figure class=\"wp-block-image size-large\"><img decoding=\"async\" width=\"344\" height=\"93\" data-id=\"1068343\" src=\"https:\/\/dimensionturistica.com\/es\/wp-content\/uploads\/2025\/10\/unnamed-1-1.png\" alt=\"\" class=\"wp-image-1068343\" srcset=\"https:\/\/dimensionturistica.com\/es\/wp-content\/uploads\/2025\/10\/unnamed-1-1.png 344w, https:\/\/dimensionturistica.com\/es\/wp-content\/uploads\/2025\/10\/unnamed-1-1-300x81.png 300w\" sizes=\"(max-width: 344px) 100vw, 344px\" \/><\/figure>\n<\/figure>\n\n\n\n<p>Durante el mes de septiembre y octubre, Qu\u00e9bec tuvo una destacada presencia en diversas actividades realizadas en M\u00e9xico. Participamos en Mundo Joven Fest, donde tuvimos la oportunidad de interactuar directamente con el cliente final e invitarlos a descubrir la riqueza cultural, natural y gastron\u00f3mica que ofrece Qu\u00e9bec.<\/p>\n\n\n\n<p>Asimismo, estuvimos presentes junto a nuestros socios de Julia Tours en un cocktail en la ciudad de M\u00e9rida, que reuni\u00f3 a los mejores agentes de la regi\u00f3n, en este evento compartimos escenario con nuestros partners de Montr\u00e9al y Mont Tremblant, con el objetivo de continuar fortaleciendo el mercado del sureste del pa\u00eds.<\/p>\n\n\n\n<figure class=\"wp-block-gallery has-nested-images columns-default is-cropped wp-block-gallery-4 is-layout-flex wp-block-gallery-is-layout-flex\">\n<figure class=\"wp-block-image size-large\"><img decoding=\"async\" width=\"200\" height=\"100\" data-id=\"1068344\" src=\"https:\/\/dimensionturistica.com\/es\/wp-content\/uploads\/2025\/10\/unnamed-2-1.png\" alt=\"\" class=\"wp-image-1068344\"\/><\/figure>\n<\/figure>\n\n\n\n<p>Por otro lado, en colaboraci\u00f3n con Nuba y con el apoyo de nuestro socio de Montr\u00e9al, realizamos una clase de mixolog\u00eda dirigida a los 10 principales travel advisors de la agencia. Esta actividad nos permiti\u00f3 fortalecer la relaci\u00f3n con el segmento de lujo y posicionar a Qu\u00e9bec como un destino distinguido por su oferta gastron\u00f3mica, cultural y de experiencias exclusivas. Otra de nuestras actividades destacadas fue una cooking class con Viajes de Gala, en la que invitamos a los diez mejores agentes a participar en una experiencia culinaria preparando platillos tradicionales de Qu\u00e9bec, la velada estuvo llena de aprendizaje, convivencia y entusiasmo por la pr\u00f3xima temporada invernal.<\/p>\n\n\n\n<p>Concluimos este incre\u00edble par de meses con un desayuno\/capacitaci\u00f3n en Guadalajara junto a Julia Tours, enfocado en promover las experiencias de invierno<\/p>\n\n\n\n<figure class=\"wp-block-gallery has-nested-images columns-default is-cropped wp-block-gallery-5 is-layout-flex wp-block-gallery-is-layout-flex\">\n<figure class=\"wp-block-image size-large\"><img decoding=\"async\" width=\"1024\" height=\"512\" data-id=\"1068345\" src=\"https:\/\/dimensionturistica.com\/es\/wp-content\/uploads\/2025\/10\/unnamed-3-1024x512.png\" alt=\"\" class=\"wp-image-1068345\" srcset=\"https:\/\/dimensionturistica.com\/es\/wp-content\/uploads\/2025\/10\/unnamed-3-1024x512.png 1024w, https:\/\/dimensionturistica.com\/es\/wp-content\/uploads\/2025\/10\/unnamed-3-300x150.png 300w, https:\/\/dimensionturistica.com\/es\/wp-content\/uploads\/2025\/10\/unnamed-3-768x384.png 768w, https:\/\/dimensionturistica.com\/es\/wp-content\/uploads\/2025\/10\/unnamed-3-1536x768.png 1536w, https:\/\/dimensionturistica.com\/es\/wp-content\/uploads\/2025\/10\/unnamed-3-2048x1024.png 2048w, https:\/\/dimensionturistica.com\/es\/wp-content\/uploads\/2025\/10\/unnamed-3-360x180.png 360w, https:\/\/dimensionturistica.com\/es\/wp-content\/uploads\/2025\/10\/unnamed-3-750x375.png 750w, https:\/\/dimensionturistica.com\/es\/wp-content\/uploads\/2025\/10\/unnamed-3-1140x570.png 1140w\" sizes=\"(max-width: 1024px) 100vw, 1024px\" \/><\/figure>\n<\/figure>\n\n\n\n<p>Desl\u00fambrate con las maravillas de Qu\u00e9bec<\/p>\n\n\n\n<p>Como parte de una colaboraci\u00f3n estrat\u00e9gica, organizamos un viaje dirigido a medios, influencers y operadores tur\u00edsticos con el objetivo de promover el uso del puente peatonal que conecta San Diego con el Aeropuerto Internacional de Tijuana. Con el respaldo de Viva Aerobus y la oficina de turismo de Inland Empire, recorrimos destinos clave del sur de California como Riverside, Big Bear, Palm Springs y Universal Studios<\/p>\n\n\n\n<figure class=\"wp-block-gallery has-nested-images columns-default is-cropped wp-block-gallery-6 is-layout-flex wp-block-gallery-is-layout-flex\">\n<figure class=\"wp-block-image size-large\"><img decoding=\"async\" width=\"226\" height=\"125\" data-id=\"1068346\" src=\"https:\/\/dimensionturistica.com\/es\/wp-content\/uploads\/2025\/10\/unnamed-4.png\" alt=\"\" class=\"wp-image-1068346\"\/><\/figure>\n<\/figure>\n\n\n\n<p>Partiendo desde Ciudad de M\u00e9xico y &nbsp;Guadalajara, nuestros invitados vivieron una experiencia \u00e1gil y eficiente al cruzar por CBX, destacando la conectividad, accesibilidad y el atractivo tur\u00edstico de esta vibrante regi\u00f3n binacional.<\/p>\n\n\n\n<p>www.crossborderxpress.com<\/p>\n\n\n\n<p>Llevamos a cabo con gran \u00e9xito la Misi\u00f3n de Ventas 2025 de Costa Rica en M\u00e9xico, una gira estrat\u00e9gica en la que visitamos Ciudad de M\u00e9xico, M\u00e9rida y Monterrey para fortalecer la presencia de nuestro pa\u00eds en el mercado mexicano y promover nuestra oferta tur\u00edstica. Durante esta misi\u00f3n organizamos citas comerciales y c\u00f3cteles empresariales con aliados mexicanos, donde tuvimos la oportunidad de presentarles las experiencias aut\u00e9nticas que definen a Costa Rica como destino: naturaleza, bienestar y sostenibilidad.<\/p>\n\n\n\n<figure class=\"wp-block-gallery has-nested-images columns-default is-cropped wp-block-gallery-7 is-layout-flex wp-block-gallery-is-layout-flex\">\n<figure class=\"wp-block-image size-large\"><img decoding=\"async\" width=\"271\" height=\"94\" data-id=\"1068347\" src=\"https:\/\/dimensionturistica.com\/es\/wp-content\/uploads\/2025\/10\/unnamed-5.png\" alt=\"\" class=\"wp-image-1068347\"\/><\/figure>\n<\/figure>\n\n\n\n<p>La delegaci\u00f3n estuvo integrada por empresarios costarricenses del sector turismo, as\u00ed como por Heilyn James e Ireth Rodr\u00edguez, en representaci\u00f3n del Instituto Costarricense de Turismo (ICT). Durante las actividades, se destac\u00f3 la importancia estrat\u00e9gica del mercado mexicano y se reafirm\u00f3 el compromiso de Costa Rica con el fortalecimiento de las relaciones comerciales y la capacitaci\u00f3n del canal de ventas.<\/p>\n\n\n\n<p>Concluimos nuestro a\u00f1o fiscal con un \u00e9xito arrollador y una energ\u00eda desbordante. Hemos logrado cumplir nuestra misi\u00f3n de ventas en tres de nuestros hubs, estrat\u00e9gicamente conectados con el aeropuerto internacional de Orlando, Ciudad de M\u00e9xico, Guadalajara y Canc\u00fan.<\/p>\n\n\n\n<figure class=\"wp-block-gallery has-nested-images columns-default is-cropped wp-block-gallery-8 is-layout-flex wp-block-gallery-is-layout-flex\">\n<figure class=\"wp-block-image size-large\"><img decoding=\"async\" width=\"249\" height=\"97\" data-id=\"1068348\" src=\"https:\/\/dimensionturistica.com\/es\/wp-content\/uploads\/2025\/10\/unnamed-6.png\" alt=\"\" class=\"wp-image-1068348\"\/><\/figure>\n<\/figure>\n\n\n\n<p>Fue una experiencia vibrante y enriquecedora, en la que facilitamos conexiones significativas entre nuestros socios comerciales clave y una amplia variedad de proveedores, desde casas vacacionales que se adaptan a todos los estilos y preferencias hasta parques tem\u00e1ticos. Adem\u00e1s, destacamos nuestra alianza estrat\u00e9gica con Aerom\u00e9xico. Pero no nos detuvimos ah\u00ed: capacitamos y actualizamos a m\u00e1s de 250 agentes de viajes con un entusiasmo contagioso. \u00a1Qu\u00e9 manera de cerrar el a\u00f1o!<\/p>\n\n\n\n<p>En septiembre visitamos Houston con el prop\u00f3sito de asistir a la feria de arte Untitled Art, que cont\u00f3 con una selecci\u00f3n exclusiva de galer\u00edas contempor\u00e1neas que exhibieron obras de artistas emergentes y consagrados. La feria se destac\u00f3 por una estructura curatorial que integr\u00f3 proyectos especiales y colaboraciones con representantes culturales locales. Nos acompa\u00f1\u00f3 la reconocida pintora Irma Obreg\u00f3n, quien celebr\u00f3 con nosotros sus 25 a\u00f1os de trayectoria art\u00edstica. Durante nuestro recorrido tambi\u00e9n disfrutamos de una estancia en el Hotel Thompson, as\u00ed como de visitas a museos, presentaciones de ballet y experiencias culinarias en restaurantes con distinci\u00f3n \u201cGu\u00eda Michelin\u201d.<\/p>\n\n\n\n<figure class=\"wp-block-gallery has-nested-images columns-default is-cropped wp-block-gallery-9 is-layout-flex wp-block-gallery-is-layout-flex\">\n<figure class=\"wp-block-image size-large\"><img decoding=\"async\" width=\"400\" height=\"94\" data-id=\"1068349\" src=\"https:\/\/dimensionturistica.com\/es\/wp-content\/uploads\/2025\/10\/unnamed-7.png\" alt=\"\" class=\"wp-image-1068349\" srcset=\"https:\/\/dimensionturistica.com\/es\/wp-content\/uploads\/2025\/10\/unnamed-7.png 400w, https:\/\/dimensionturistica.com\/es\/wp-content\/uploads\/2025\/10\/unnamed-7-300x71.png 300w\" sizes=\"(max-width: 400px) 100vw, 400px\" \/><\/figure>\n<\/figure>\n\n\n\n<p>Y para cerrar con broche de oro, este mes realizamos con gran \u00e9xito la misi\u00f3n comercial anual de Houston en Ciudad de M\u00e9xico y Monterrey. La delegaci\u00f3n estuvo conformada por un entusiasta equipo de representantes de hoteles, atracciones y otros servicios tur\u00edsticos. Las actividades incluyeron presentaciones en sesiones de negocios dirigidas a operadores tur\u00edsticos y agentes de viajes en ambas ciudades, adem\u00e1s de eventos nocturnos de clausura con activaciones y un DJ al estilo H-Town, bajo la tem\u00e1tica Space Cowboy.<\/p>\n\n\n\n<p>S\u00edguenos en @holahouston para vivir de cerca los eventos de la ciudad espacial y conocer nuestras actividades con el destino<\/p>\n\n\n\n<figure class=\"wp-block-gallery has-nested-images columns-default is-cropped wp-block-gallery-10 is-layout-flex wp-block-gallery-is-layout-flex\">\n<figure class=\"wp-block-image size-large\"><img decoding=\"async\" width=\"595\" height=\"332\" data-id=\"1068353\" src=\"https:\/\/dimensionturistica.com\/es\/wp-content\/uploads\/2025\/10\/3JULIA.jpg\" alt=\"\" class=\"wp-image-1068353\" srcset=\"https:\/\/dimensionturistica.com\/es\/wp-content\/uploads\/2025\/10\/3JULIA.jpg 595w, https:\/\/dimensionturistica.com\/es\/wp-content\/uploads\/2025\/10\/3JULIA-300x167.jpg 300w\" sizes=\"(max-width: 595px) 100vw, 595px\" \/><\/figure>\n<\/figure>\n\n\n\n<p>Certif\u00edcate como experto en Houston<\/p>\n\n\n\n<p>Seguimos posicionando a Salt Lake City como un destino nuevo e inspirador para el viajero mexicano, destacando u amplia oferta de actividades al aire libre, parques nacionales y experiencias invernales \u00fanicas.<\/p>\n\n\n\n<p>Como parte de nuestras acciones de promoci\u00f3n, participamos en Mundo Joven Fest, una excelente oportunidad para conectar directamente con el consumidor final e invitarlos a descubrir todo lo que Salt Lake City y sus alrededores tienen para ofrecer. Tambi\u00e9n realizamos en conjunto con Julia Tours, un desayuno en M\u00e9rida con sus principales agentes de viajes, donde presentamos el destino y resaltamos la ruta Canc\u00fan\u2013Salt Lake City, que ofrece una conectividad ideal para el mercado del sureste.<\/p>\n\n\n\n<figure class=\"wp-block-gallery has-nested-images columns-default is-cropped wp-block-gallery-11 is-layout-flex wp-block-gallery-is-layout-flex\">\n<figure class=\"wp-block-image size-large\"><img decoding=\"async\" width=\"503\" height=\"224\" data-id=\"1068354\" src=\"https:\/\/dimensionturistica.com\/es\/wp-content\/uploads\/2025\/10\/4JULIA.jpg\" alt=\"\" class=\"wp-image-1068354\" srcset=\"https:\/\/dimensionturistica.com\/es\/wp-content\/uploads\/2025\/10\/4JULIA.jpg 503w, https:\/\/dimensionturistica.com\/es\/wp-content\/uploads\/2025\/10\/4JULIA-300x134.jpg 300w\" sizes=\"(max-width: 503px) 100vw, 503px\" \/><\/figure>\n<\/figure>\n\n\n\n<p>M\u00e1s adelante, nos trasladamos a Monterrey para celebrar la reinauguraci\u00f3n del vuelo de temporada de Aerom\u00e9xico hacia Salt Lake City. El evento, con tem\u00e1tica invernal, reuni\u00f3 a los principales operadores y agencias de la regi\u00f3n, as\u00ed como al equipo de Aerom\u00e9xico y a la representante de Park City, consolidando nuestra presencia en el norte del pa\u00eds.<\/p>\n\n\n\n<p>Finalmente, participamos en el tour de Hotel Do en Puebla, donde presentamos el destino ante agentes locales, haciendo \u00e9nfasis en sus atractivos naturales, su hospitalidad y el abanico de experiencias \u00fanicas que ofrece a quienes buscan una alternativa diferente para su pr\u00f3ximo viaje.<\/p>\n\n\n\n<figure class=\"wp-block-gallery has-nested-images columns-default is-cropped wp-block-gallery-12 is-layout-flex wp-block-gallery-is-layout-flex\">\n<figure class=\"wp-block-image size-large\"><img decoding=\"async\" width=\"1024\" height=\"222\" data-id=\"1068355\" src=\"https:\/\/dimensionturistica.com\/es\/wp-content\/uploads\/2025\/10\/unnamed-10-1024x222.png\" alt=\"\" class=\"wp-image-1068355\" srcset=\"https:\/\/dimensionturistica.com\/es\/wp-content\/uploads\/2025\/10\/unnamed-10-1024x222.png 1024w, https:\/\/dimensionturistica.com\/es\/wp-content\/uploads\/2025\/10\/unnamed-10-300x65.png 300w, https:\/\/dimensionturistica.com\/es\/wp-content\/uploads\/2025\/10\/unnamed-10-768x167.png 768w, https:\/\/dimensionturistica.com\/es\/wp-content\/uploads\/2025\/10\/unnamed-10-750x163.png 750w, https:\/\/dimensionturistica.com\/es\/wp-content\/uploads\/2025\/10\/unnamed-10-1140x247.png 1140w, https:\/\/dimensionturistica.com\/es\/wp-content\/uploads\/2025\/10\/unnamed-10.png 1250w\" sizes=\"(max-width: 1024px) 100vw, 1024px\" \/><\/figure>\n<\/figure>\n","protected":false},"excerpt":{"rendered":"<p>Qu\u00e9 temporada tan intensa y emocionante. Entre caf\u00e9s, vuelos, ferias y muchas sonrisas compartidas, septiembre y octubre fueron un torbellino de ideas, encuentros y conexiones. Recargamos energ\u00eda, nos acercamos m\u00e1s a nuestras audiencias y fortalecimos la comunidad que hace del turismo una aventura compartida. Y esto\u2026 \u00a1apenas empieza! Durante estos meses, seguimos reforzando nuestra presencia [&hellip;]<\/p>\n","protected":false},"author":1,"featured_media":0,"comment_status":"open","ping_status":"closed","sticky":false,"template":"","format":"standard","meta":{"om_disable_all_campaigns":false,"jnews-multi-image_gallery":[],"jnews_single_post":[],"jnews_primary_category":[],"jnews_social_meta":[],"footnotes":""},"categories":[39],"tags":[],"class_list":["post-1068340","post","type-post","status-publish","format-standard","hentry","category-viajes"],"_links":{"self":[{"href":"https:\/\/dimensionturistica.com\/es\/wp-json\/wp\/v2\/posts\/1068340","targetHints":{"allow":["GET"]}}],"collection":[{"href":"https:\/\/dimensionturistica.com\/es\/wp-json\/wp\/v2\/posts"}],"about":[{"href":"https:\/\/dimensionturistica.com\/es\/wp-json\/wp\/v2\/types\/post"}],"author":[{"embeddable":true,"href":"https:\/\/dimensionturistica.com\/es\/wp-json\/wp\/v2\/users\/1"}],"replies":[{"embeddable":true,"href":"https:\/\/dimensionturistica.com\/es\/wp-json\/wp\/v2\/comments?post=1068340"}],"version-history":[{"count":1,"href":"https:\/\/dimensionturistica.com\/es\/wp-json\/wp\/v2\/posts\/1068340\/revisions"}],"predecessor-version":[{"id":1068356,"href":"https:\/\/dimensionturistica.com\/es\/wp-json\/wp\/v2\/posts\/1068340\/revisions\/1068356"}],"wp:attachment":[{"href":"https:\/\/dimensionturistica.com\/es\/wp-json\/wp\/v2\/media?parent=1068340"}],"wp:term":[{"taxonomy":"category","embeddable":true,"href":"https:\/\/dimensionturistica.com\/es\/wp-json\/wp\/v2\/categories?post=1068340"},{"taxonomy":"post_tag","embeddable":true,"href":"https:\/\/dimensionturistica.com\/es\/wp-json\/wp\/v2\/tags?post=1068340"}],"curies":[{"name":"wp","href":"https:\/\/api.w.org\/{rel}","templated":true}]}}