{"id":1068306,"date":"2025-10-29T14:02:43","date_gmt":"2025-10-29T14:02:43","guid":{"rendered":"https:\/\/dimensionturistica.com\/es\/?p=1068306"},"modified":"2025-10-29T14:02:43","modified_gmt":"2025-10-29T14:02:43","slug":"registra-mexico-un-gran-atraso-en-materia-de-proteccion-civil","status":"publish","type":"post","link":"https:\/\/dimensionturistica.com\/es\/registra-mexico-un-gran-atraso-en-materia-de-proteccion-civil\/","title":{"rendered":"\u00a0Registra M\u00e9xico un gran atraso en materia de protecci\u00f3n civil"},"content":{"rendered":"\n<figure class=\"wp-block-gallery has-nested-images columns-default is-cropped wp-block-gallery-1 is-layout-flex wp-block-gallery-is-layout-flex\">\n<figure class=\"wp-block-image size-large\"><img decoding=\"async\" width=\"467\" height=\"125\" data-id=\"1068317\" src=\"https:\/\/dimensionturistica.com\/es\/wp-content\/uploads\/2025\/10\/1ARMA.jpg\" alt=\"\" class=\"wp-image-1068317\" srcset=\"https:\/\/dimensionturistica.com\/es\/wp-content\/uploads\/2025\/10\/1ARMA.jpg 467w, https:\/\/dimensionturistica.com\/es\/wp-content\/uploads\/2025\/10\/1ARMA-300x80.jpg 300w\" sizes=\"(max-width: 467px) 100vw, 467px\" \/><\/figure>\n<\/figure>\n\n\n\n<p>M\u00e9xico tiene un gran atraso en materia de protecci\u00f3n civil que se debe corregir de inmediato para evitar muertes y da\u00f1os econ\u00f3micos. Y es que en el primer semestre de 2025 se llevan ya 12 mil millones de pesos en p\u00e9rdidas por incendios.<\/p>\n\n\n\n<p>Por ello es necesario que juntos, gobierno, industria y sociedad en general act\u00faen y generen pol\u00edticas p\u00fablicas para, como en el caso de los sismos, preparar a la poblaci\u00f3n para saber qu\u00e9 hacer en caso de incendios en casas, escuelas, oficinas, comercios y f\u00e1bricas, pero sobre todo c\u00f3mo prevenirlos y evitarlos, asegur\u00f3 el presidente del Consejo Nacional de Protecci\u00f3n contra Incendios (CONAPCI), Juan Jos\u00e9 Camacho G\u00f3mez.<\/p>\n\n\n\n<figure class=\"wp-block-gallery has-nested-images columns-default is-cropped wp-block-gallery-2 is-layout-flex wp-block-gallery-is-layout-flex\">\n<figure class=\"wp-block-image size-large\"><img decoding=\"async\" width=\"500\" height=\"341\" data-id=\"1068318\" src=\"https:\/\/dimensionturistica.com\/es\/wp-content\/uploads\/2025\/10\/3ARMA.jpg\" alt=\"\" class=\"wp-image-1068318\" srcset=\"https:\/\/dimensionturistica.com\/es\/wp-content\/uploads\/2025\/10\/3ARMA.jpg 500w, https:\/\/dimensionturistica.com\/es\/wp-content\/uploads\/2025\/10\/3ARMA-300x205.jpg 300w\" sizes=\"(max-width: 500px) 100vw, 500px\" \/><\/figure>\n<\/figure>\n\n\n\n<p>A su vez, Juan Francisco Guzm\u00e1n Hern\u00e1ndez, presidente de la Asociaci\u00f3n Mexicana de Rociadores Autom\u00e1ticos Contra Incendios (AMRACI) inform\u00f3 que en el territorio nacional se registran al a\u00f1o m\u00e1s de 95 mil incendios urbanos y no urbanos, es decir 260 al d\u00eda, seg\u00fan datos del INEGI.<\/p>\n\n\n\n<p>Ambos especialistas en materia de prevenci\u00f3n de incendios participaron en la inauguraci\u00f3n de la 8\u00aa Expo Fire &amp; Safety 2025, que se lleva a cabo del 27 al 29 de octubre en Guadalajara, Jalisco.<\/p>\n\n\n\n<figure class=\"wp-block-gallery has-nested-images columns-default is-cropped wp-block-gallery-3 is-layout-flex wp-block-gallery-is-layout-flex\">\n<figure class=\"wp-block-image size-large\"><img decoding=\"async\" width=\"373\" height=\"143\" data-id=\"1068319\" src=\"https:\/\/dimensionturistica.com\/es\/wp-content\/uploads\/2025\/10\/2ARMA.jpg\" alt=\"\" class=\"wp-image-1068319\" srcset=\"https:\/\/dimensionturistica.com\/es\/wp-content\/uploads\/2025\/10\/2ARMA.jpg 373w, https:\/\/dimensionturistica.com\/es\/wp-content\/uploads\/2025\/10\/2ARMA-300x115.jpg 300w\" sizes=\"(max-width: 373px) 100vw, 373px\" \/><\/figure>\n<\/figure>\n\n\n\n<p>El presidente de AMRACI advirti\u00f3 que el 31 por ciento de los desastres en M\u00e9xico son ocasionados por los incendios, los mismos que son responsables del 26.1 por ciento de la totalidad de la mortalidad por humo y gases t\u00f3xicos.<\/p>\n\n\n\n<p>Esto, sin duda es muestra del gran impacto que tienen los incendios, que, a diferencia de los sismos y huracanes, no reciben la misma importancia de las autoridades e incluso de la misma sociedad, a pesar de que provocan mayores da\u00f1os que estos \u00faltimos.<\/p>\n\n\n\n<figure class=\"wp-block-gallery has-nested-images columns-default is-cropped wp-block-gallery-4 is-layout-flex wp-block-gallery-is-layout-flex\">\n<figure class=\"wp-block-image size-large\"><img decoding=\"async\" width=\"500\" height=\"316\" data-id=\"1068320\" src=\"https:\/\/dimensionturistica.com\/es\/wp-content\/uploads\/2025\/10\/5ARMA.jpg\" alt=\"\" class=\"wp-image-1068320\" srcset=\"https:\/\/dimensionturistica.com\/es\/wp-content\/uploads\/2025\/10\/5ARMA.jpg 500w, https:\/\/dimensionturistica.com\/es\/wp-content\/uploads\/2025\/10\/5ARMA-300x190.jpg 300w\" sizes=\"(max-width: 500px) 100vw, 500px\" \/><\/figure>\n<\/figure>\n\n\n\n<p>Tambi\u00e9n se dieron a conocer avances del programa \u201cAprende a Mantenerte Seguro\u201d para ni\u00f1os de preescolar y primaria que se pretende implementar en todo el pa\u00eds y se llev\u00f3 a cabo en \u201cRally de Prevenci\u00f3n\u201d el cual estuvo conformado por diversas actividades educativas en las que se ense\u00f1\u00f3 a ni\u00f1os peque\u00f1os c\u00f3mo actuar en casos de incendios.<\/p>\n\n\n\n<p>Durante el mismo evento, efectuado en la Expo Guadalajara, AMRACI y CONAPCI concretaron la firma de un convenio de colaboraci\u00f3n con la Secretar\u00eda de Educaci\u00f3n P\u00fablica del estado de Jalisco, para aplicar en la entidad dicho programa que consiste en capacitar a los ni\u00f1os en qu\u00e9 hacer previo, durante y posteriormente a un incendio, pero, sobre todo, en c\u00f3mo provenirlo y evitarlo.<\/p>\n\n\n\n<p>Esta firma de convenio es punta de lanza en el pa\u00eds, al poner en marcha de manera conjunta esta prueba piloto del programa de educaci\u00f3n en materia de prevenci\u00f3n de incendios en ni\u00f1os de tercer a\u00f1o de educaci\u00f3n b\u00e1sica, en planteles ubicados en zonas de alta vulnerabilidad.<\/p>\n\n\n\n<figure class=\"wp-block-gallery has-nested-images columns-default is-cropped wp-block-gallery-5 is-layout-flex wp-block-gallery-is-layout-flex\">\n<figure class=\"wp-block-image size-large\"><img decoding=\"async\" width=\"500\" height=\"225\" data-id=\"1068321\" src=\"https:\/\/dimensionturistica.com\/es\/wp-content\/uploads\/2025\/10\/6ARMA.jpg\" alt=\"\" class=\"wp-image-1068321\" srcset=\"https:\/\/dimensionturistica.com\/es\/wp-content\/uploads\/2025\/10\/6ARMA.jpg 500w, https:\/\/dimensionturistica.com\/es\/wp-content\/uploads\/2025\/10\/6ARMA-300x135.jpg 300w\" sizes=\"(max-width: 500px) 100vw, 500px\" \/><\/figure>\n<\/figure>\n\n\n\n<p>Por su parte, Bomberos de Madrid, Espa\u00f1a donaron equipo y capacitaron a sus hom\u00f3logos del estado de Jalisco sobre nuevas t\u00e9cnicas para la prevenci\u00f3n y combate de incendios urbanos; en especial mostraron nuevas formas de ense\u00f1anza a ni\u00f1os y j\u00f3venes para que est\u00e9n alertas y sepan c\u00f3mo actuar ante siniestros de este tipo, en sus casas y escuelas.<\/p>\n\n\n\n<p>La inauguraci\u00f3n del evento a nombre del gobernador del estado Pablo Lemus Navarro, estuvo a cargo de la Coordinadora General Estrat\u00e9gica de Gesti\u00f3n del Territorio, Karina Hermosillo Ram\u00edrez.<\/p>\n\n\n\n<p>En ella, ambos organismos otorgaron un donativo por 100 mil pesos a la fundaci\u00f3n Michou &amp; Mau que encabeza su presidenta Virgina Sendel, para la atenci\u00f3n de ni\u00f1os quemados.<\/p>\n\n\n\n<p>La Expo Fire &amp; Safety cont\u00f3 con la participaci\u00f3n de diversos especialistas en materia de prevenci\u00f3n de incendios provenientes de varios estados de la Rep\u00fablica, as\u00ed como de Costa Rica, Rep\u00fablica Dominicana, Per\u00fa, Brasil, Colombia, Paraguay, Ecuador y Estados Unidos.<\/p>\n\n\n\n<figure class=\"wp-block-gallery has-nested-images columns-default is-cropped wp-block-gallery-6 is-layout-flex wp-block-gallery-is-layout-flex\">\n<figure class=\"wp-block-image size-large\"><img decoding=\"async\" width=\"500\" height=\"225\" data-id=\"1068322\" src=\"https:\/\/dimensionturistica.com\/es\/wp-content\/uploads\/2025\/10\/8ARMA.jpg\" alt=\"\" class=\"wp-image-1068322\" srcset=\"https:\/\/dimensionturistica.com\/es\/wp-content\/uploads\/2025\/10\/8ARMA.jpg 500w, https:\/\/dimensionturistica.com\/es\/wp-content\/uploads\/2025\/10\/8ARMA-300x135.jpg 300w\" sizes=\"(max-width: 500px) 100vw, 500px\" \/><\/figure>\n<\/figure>\n\n\n\n<p>A lo largo de 240 stands se presentaron las \u00faltimas tendencias de prevenci\u00f3n y protecci\u00f3n de riesgos por la llegada de tecnolog\u00edas emergentes, bater\u00edas de litio, almacenamiento, manufactura, edificios altos y centros de datos, privilegiando la seguridad humana y la continuidad de operaciones. Participaron los proveedores l\u00edderes y las soluciones m\u00e1s avanzadas en protecci\u00f3n pasiva, detecci\u00f3n, alarma y supresi\u00f3n de conflagraciones.<\/p>\n\n\n\n<p>En el evento tambi\u00e9n participaron Paulo Roberto Butchart Chaparro, de Fundaci\u00f3n Mapfre; el maestro Sergio Ram\u00edrez L\u00f3pez, director general de la Unidad Estatal de Protecci\u00f3n Civil y Bomberos de Jalisco, quien habl\u00f3 de la nueva Ley de Gesti\u00f3n de Riesgos para este estado la cual establecer\u00e1 normas y lineamientos t\u00e9cnicos y operativos que permitir\u00e1 contar con centros de trabajo m\u00e1s seguros, edificios mejor preparados y comunidades m\u00e1s resilientes ante el riesgo de incendios, principalmente. El cual ser\u00e1 un referente a nivel nacional<\/p>\n\n\n\n<p>Tambi\u00e9n habl\u00f3 Antonio Lancaster Jones, presidente del Consejo de C\u00e1maras Industriales de Jalisco, quien mostr\u00f3 su apoyo a al gobierno del estado en materia de prevenci\u00f3n de incendios.<\/p>\n\n\n\n<p>La 8\u00aa Expo Fire &amp; Safety, cont\u00f3 con el dise\u00f1o y planeaci\u00f3n de V\u00edctor Espinola Llaguno, director de AMRACI-CONAPCI, quien logr\u00f3 conjuntar en un s\u00f3lo lugar, Expo Guadalajara, a los mejores y m\u00e1s conocidos expertos en la materia, que compartieron sus experiencias y mejores practicas en la materia, adem\u00e1s de contar con los expositores que trajeron lo m\u00e1s avanzado en equipos, herramientas y maquinarias en la prevenci\u00f3n y combate de incendios, para evitar, en primer lugar, m\u00e1s v\u00edctimas por fuego.<\/p>\n","protected":false},"excerpt":{"rendered":"<p>M\u00e9xico tiene un gran atraso en materia de protecci\u00f3n civil que se debe corregir de inmediato para evitar muertes y da\u00f1os econ\u00f3micos. Y es que en el primer semestre de 2025 se llevan ya 12 mil millones de pesos en p\u00e9rdidas por incendios. Por ello es necesario que juntos, gobierno, industria y sociedad en general [&hellip;]<\/p>\n","protected":false},"author":1,"featured_media":0,"comment_status":"open","ping_status":"closed","sticky":false,"template":"","format":"standard","meta":{"om_disable_all_campaigns":false,"jnews-multi-image_gallery":[],"jnews_single_post":[],"jnews_primary_category":[],"jnews_social_meta":[],"footnotes":""},"categories":[40],"tags":[],"class_list":["post-1068306","post","type-post","status-publish","format-standard","hentry","category-industria"],"_links":{"self":[{"href":"https:\/\/dimensionturistica.com\/es\/wp-json\/wp\/v2\/posts\/1068306","targetHints":{"allow":["GET"]}}],"collection":[{"href":"https:\/\/dimensionturistica.com\/es\/wp-json\/wp\/v2\/posts"}],"about":[{"href":"https:\/\/dimensionturistica.com\/es\/wp-json\/wp\/v2\/types\/post"}],"author":[{"embeddable":true,"href":"https:\/\/dimensionturistica.com\/es\/wp-json\/wp\/v2\/users\/1"}],"replies":[{"embeddable":true,"href":"https:\/\/dimensionturistica.com\/es\/wp-json\/wp\/v2\/comments?post=1068306"}],"version-history":[{"count":1,"href":"https:\/\/dimensionturistica.com\/es\/wp-json\/wp\/v2\/posts\/1068306\/revisions"}],"predecessor-version":[{"id":1068323,"href":"https:\/\/dimensionturistica.com\/es\/wp-json\/wp\/v2\/posts\/1068306\/revisions\/1068323"}],"wp:attachment":[{"href":"https:\/\/dimensionturistica.com\/es\/wp-json\/wp\/v2\/media?parent=1068306"}],"wp:term":[{"taxonomy":"category","embeddable":true,"href":"https:\/\/dimensionturistica.com\/es\/wp-json\/wp\/v2\/categories?post=1068306"},{"taxonomy":"post_tag","embeddable":true,"href":"https:\/\/dimensionturistica.com\/es\/wp-json\/wp\/v2\/tags?post=1068306"}],"curies":[{"name":"wp","href":"https:\/\/api.w.org\/{rel}","templated":true}]}}