{"id":1067972,"date":"2025-10-28T20:33:03","date_gmt":"2025-10-28T20:33:03","guid":{"rendered":"https:\/\/dimensionturistica.com\/es\/?p=1067972"},"modified":"2025-10-28T20:33:03","modified_gmt":"2025-10-28T20:33:03","slug":"retratar-a-mujeres-latinas-con-sus-matices-y-errores-desafia-los-estereotipos-culturales","status":"publish","type":"post","link":"https:\/\/dimensionturistica.com\/es\/retratar-a-mujeres-latinas-con-sus-matices-y-errores-desafia-los-estereotipos-culturales\/","title":{"rendered":"Retratar a mujeres latinas, con sus matices y errores, desaf\u00eda los estereotipos culturales"},"content":{"rendered":"<h3>La Revoluci\u00f3n de la Moda a Trav\u00e9s de la Perspectiva de una Creativa Emergente<\/h3>\n<p>En un mundo donde la moda es tanto un reflejo de la identidad personal como un escenario para innovaciones audaces, surgen voces que rompen con los paradigmas establecidos. Una de estas voces es la de Mariel Molino, quien ha capturado la atenci\u00f3n por su enfoque singular y su habilidad para fusionar el arte con la narrativa visual en la industria.<\/p>\n<p>Originaria de un entorno donde la creatividad era tan natural como el aire, Mariel ha transformado sus influencias en un aut\u00e9ntico reguero de inspiraci\u00f3n. Desde la confecci\u00f3n de piezas que cuentan historias hasta la b\u00fasqueda de tejidos ex\u00f3ticos, su trabajo no se limita a la moda; es una exploraci\u00f3n de la cultura y la identidad. En sus manos, cada prenda se convierte en un lienzo donde se pintan las experiencias de vida y la evoluci\u00f3n del ser humano.<\/p>\n<h3>La Est\u00e9tica de una Nueva Era<\/h3>\n<p>Uno de los aspectos m\u00e1s destacados de la visi\u00f3n de Mariel es su capacidad para combinar la sostenibilidad con un estilo vanguardista. En una \u00e9poca donde el fast fashion reina, su propuesta se alza como un grito de esperanza. La creatividad self-made y el uso de materiales reciclados reflejan no solo un compromiso con el planeta, sino tambi\u00e9n con la autenticidad. La pregunta no es solo sobre qu\u00e9 llevamos puesto, sino c\u00f3mo esas elecciones impactan nuestro entorno.<\/p>\n<h3>Un Viaje Infinito<\/h3>\n<p>La trayectoria de Mariel es un viaje repleto de aprendizajes. Cada colecci\u00f3n lleva consigo retazos de su historia y de su entorno. Su experiencia en la industria ha sido un constante ir y venir entre lo cl\u00e1sico y lo contempor\u00e1neo. La forma en que se relaciona con el mundo que la rodea se traduce en su obra: cada colecci\u00f3n es una narraci\u00f3n que invita al espectador a sumergirse en su universo personal.<\/p>\n<h3>La Conexi\u00f3n con el P\u00fablico<\/h3>\n<p>En un contexto donde las redes sociales juegan un papel crucial en la interacci\u00f3n entre creador y consumidor, Mariel ha sabido capitalizar esta herramienta. Su estrategia se basa en crear un di\u00e1logo aut\u00e9ntico con su audiencia, no solo mostrando productos, sino compartiendo procesos creativos, pensamientos y reflexiones. La moda ya no se percibe como un producto, sino como una experiencia compartida.<\/p>\n<h3>La Influencia de la Diversidad<\/h3>\n<p>Mariel es un firme abanderada de la inclusi\u00f3n. En sus dise\u00f1os, se percibe una fuerte dedicaci\u00f3n a la diversidad, no solo en tallas y estilos, sino en la representaci\u00f3n de diferentes culturas. Este enfoque no solo ampl\u00eda el espectro del dise\u00f1o, sino que invita a todos a verse representados en las pasarelas y en la vida cotidiana.<\/p>\n<h3>Mirando Hacia el Futuro<\/h3>\n<p>El futuro de la moda, seg\u00fan la perspectiva de Mariel, es un camino interconectado. La tecnolog\u00eda, la sostenibilidad y la diversidad se entrelazan para crear un paisaje nuevo y vibrante. Su visi\u00f3n aboga por una moda que no solo est\u00e9 al servicio del consumo, sino que tambi\u00e9n impulse un cambio significativo en la sociedad.<\/p>\n<p>Con cada paso que da, Mariel Molino desaf\u00eda las nociones tradicionales de la moda, invitando a una reflexi\u00f3n m\u00e1s profunda sobre lo que significa vestir y sentirse bien en la actualidad. Su viaje no es solo una historia de \u00e9xito personal, sino un faro que gu\u00eda a otros en su b\u00fasqueda por autenticidad y expresi\u00f3n en un mundo cada vez m\u00e1s homog\u00e9neo.<\/p>\n<p><em> &#8221; Fuentes www.vogue.mx &#8221; <\/em><\/p>\n","protected":false},"excerpt":{"rendered":"<p>La Revoluci\u00f3n de la Moda a Trav\u00e9s de la Perspectiva de una Creativa Emergente En un mundo donde la moda es tanto un reflejo de la identidad personal como un escenario para innovaciones audaces, surgen voces que rompen con los paradigmas establecidos. Una de estas voces es la de Mariel Molino, quien ha capturado la [&hellip;]<\/p>\n","protected":false},"author":14,"featured_media":1067973,"comment_status":"open","ping_status":"closed","sticky":false,"template":"","format":"standard","meta":{"om_disable_all_campaigns":false,"jnews-multi-image_gallery":[],"jnews_single_post":[],"jnews_primary_category":[],"jnews_social_meta":[],"footnotes":""},"categories":[144872],"tags":[11018,254868,39144],"class_list":["post-1067972","post","type-post","status-publish","format-standard","has-post-thumbnail","hentry","category-fashion","tag-hbo-max","tag-mujeres-latinas-estereotipos-representacion-diversidad-complejidad-feminismo-vgly-mariel-molino-cultura-identidad","tag-series-de-tv"],"_links":{"self":[{"href":"https:\/\/dimensionturistica.com\/es\/wp-json\/wp\/v2\/posts\/1067972","targetHints":{"allow":["GET"]}}],"collection":[{"href":"https:\/\/dimensionturistica.com\/es\/wp-json\/wp\/v2\/posts"}],"about":[{"href":"https:\/\/dimensionturistica.com\/es\/wp-json\/wp\/v2\/types\/post"}],"author":[{"embeddable":true,"href":"https:\/\/dimensionturistica.com\/es\/wp-json\/wp\/v2\/users\/14"}],"replies":[{"embeddable":true,"href":"https:\/\/dimensionturistica.com\/es\/wp-json\/wp\/v2\/comments?post=1067972"}],"version-history":[{"count":1,"href":"https:\/\/dimensionturistica.com\/es\/wp-json\/wp\/v2\/posts\/1067972\/revisions"}],"predecessor-version":[{"id":1067974,"href":"https:\/\/dimensionturistica.com\/es\/wp-json\/wp\/v2\/posts\/1067972\/revisions\/1067974"}],"wp:featuredmedia":[{"embeddable":true,"href":"https:\/\/dimensionturistica.com\/es\/wp-json\/wp\/v2\/media\/1067973"}],"wp:attachment":[{"href":"https:\/\/dimensionturistica.com\/es\/wp-json\/wp\/v2\/media?parent=1067972"}],"wp:term":[{"taxonomy":"category","embeddable":true,"href":"https:\/\/dimensionturistica.com\/es\/wp-json\/wp\/v2\/categories?post=1067972"},{"taxonomy":"post_tag","embeddable":true,"href":"https:\/\/dimensionturistica.com\/es\/wp-json\/wp\/v2\/tags?post=1067972"}],"curies":[{"name":"wp","href":"https:\/\/api.w.org\/{rel}","templated":true}]}}