{"id":1067961,"date":"2025-10-28T20:15:08","date_gmt":"2025-10-28T20:15:08","guid":{"rendered":"https:\/\/dimensionturistica.com\/es\/?p=1067961"},"modified":"2025-10-28T20:15:08","modified_gmt":"2025-10-28T20:15:08","slug":"celebra-hilo-negro-el-dia-de-muertos-presentando-la-hermosa-en-vivo-en-diferentes-conciertos","status":"publish","type":"post","link":"https:\/\/dimensionturistica.com\/es\/celebra-hilo-negro-el-dia-de-muertos-presentando-la-hermosa-en-vivo-en-diferentes-conciertos\/","title":{"rendered":"Celebra Hilo Negro El D\u00eda de Muertos presentando \u201cLa Hermosa\u201d en vivo en diferentes conciertos"},"content":{"rendered":"\n<figure class=\"wp-block-gallery has-nested-images columns-default is-cropped wp-block-gallery-1 is-layout-flex wp-block-gallery-is-layout-flex\">\n<figure class=\"wp-block-image size-large\"><img decoding=\"async\" width=\"500\" height=\"500\" data-id=\"1067960\" src=\"https:\/\/dimensionturistica.com\/es\/wp-content\/uploads\/2025\/10\/1HILO.jpg\" alt=\"\" class=\"wp-image-1067960\" srcset=\"https:\/\/dimensionturistica.com\/es\/wp-content\/uploads\/2025\/10\/1HILO.jpg 500w, https:\/\/dimensionturistica.com\/es\/wp-content\/uploads\/2025\/10\/1HILO-300x300.jpg 300w, https:\/\/dimensionturistica.com\/es\/wp-content\/uploads\/2025\/10\/1HILO-150x150.jpg 150w, https:\/\/dimensionturistica.com\/es\/wp-content\/uploads\/2025\/10\/1HILO-75x75.jpg 75w, https:\/\/dimensionturistica.com\/es\/wp-content\/uploads\/2025\/10\/1HILO-350x350.jpg 350w\" sizes=\"(max-width: 500px) 100vw, 500px\" \/><\/figure>\n<\/figure>\n\n\n\n<p>Colegio Justo Sierra &#8211; Plantel Cien Metros<\/p>\n\n\n\n<p>-Noviembre 2- 1 AM- Pante\u00f3n San Gregorio, Xochimilco (CDMX)<\/p>\n\n\n\n<p>Adem\u00e1s, presentaciones en estaciones del Metro y Tren Suburbano y cerrar\u00e1 el mes de Noviembre siendo \u201cInvitado Especial\u201d en la gira Storytelller Tour 2025 de Johnny Indovina, l\u00edder vocalista de Human Drama.<\/p>\n\n\n\n<p>HILO NEGRO, un grupo de Rock orgulloso de nuestras tradiciones y de ser 100% mexicano, viste a la muerte de flores y alegr\u00eda presentando LA HERMOSA, un tema acompa\u00f1ado de un fascinante video, haciendo Rock desde el folklore, como un homenaje para DIA DE MUERTOS, celebrando as\u00ed esta gran fiesta cultural que nos ha dado identidad ante el mundo.<\/p>\n\n\n\n<p>Tema:<\/p>\n\n\n\n<figure class=\"wp-block-gallery has-nested-images columns-default is-cropped wp-block-gallery-2 is-layout-flex wp-block-gallery-is-layout-flex\">\n<figure class=\"wp-block-image size-large\"><img decoding=\"async\" width=\"500\" height=\"500\" data-id=\"1067963\" src=\"https:\/\/dimensionturistica.com\/es\/wp-content\/uploads\/2025\/10\/2HILO.jpg\" alt=\"\" class=\"wp-image-1067963\" srcset=\"https:\/\/dimensionturistica.com\/es\/wp-content\/uploads\/2025\/10\/2HILO.jpg 500w, https:\/\/dimensionturistica.com\/es\/wp-content\/uploads\/2025\/10\/2HILO-300x300.jpg 300w, https:\/\/dimensionturistica.com\/es\/wp-content\/uploads\/2025\/10\/2HILO-150x150.jpg 150w, https:\/\/dimensionturistica.com\/es\/wp-content\/uploads\/2025\/10\/2HILO-75x75.jpg 75w, https:\/\/dimensionturistica.com\/es\/wp-content\/uploads\/2025\/10\/2HILO-350x350.jpg 350w\" sizes=\"(max-width: 500px) 100vw, 500px\" \/><\/figure>\n<\/figure>\n\n\n\n<figure class=\"wp-block-embed\"><div class=\"wp-block-embed__wrapper\">\nhttps:\/\/open.spotify.com\/track\/2GBMoq8g3nfdgeiTjJop1d?si=W6fY6QymTFqfPBZZLlsSeQ\n<\/div><\/figure>\n\n\n\n<p>Video.<\/p>\n\n\n\n<figure class=\"wp-block-embed is-type-video is-provider-youtube wp-block-embed-youtube wp-embed-aspect-16-9 wp-has-aspect-ratio\"><div class=\"wp-block-embed__wrapper\">\n<div class=\"jeg_video_container jeg_video_content\"><iframe loading=\"lazy\" title=\"Hilo Negro - La Hermosa (Video oficial con audio versi\u00f3n masterizada)\" width=\"500\" height=\"281\" src=\"https:\/\/www.youtube.com\/embed\/ttgKowozEaY?feature=oembed\" frameborder=\"0\" allow=\"accelerometer; autoplay; clipboard-write; encrypted-media; gyroscope; picture-in-picture; web-share\" referrerpolicy=\"strict-origin-when-cross-origin\" allowfullscreen><\/iframe><\/div>\n<\/div><\/figure>\n\n\n\n<p>En vivo:<\/p>\n\n\n\n<figure class=\"wp-block-embed is-type-video is-provider-youtube wp-block-embed-youtube wp-embed-aspect-16-9 wp-has-aspect-ratio\"><div class=\"wp-block-embed__wrapper\">\n<div class=\"jeg_video_container jeg_video_content\"><iframe loading=\"lazy\" title=\"Hilo Negro - La Hermosa en VIVO en Somos Rock con Ruth Milca\" width=\"500\" height=\"281\" src=\"https:\/\/www.youtube.com\/embed\/NPQCK7Jit2o?feature=oembed\" frameborder=\"0\" allow=\"accelerometer; autoplay; clipboard-write; encrypted-media; gyroscope; picture-in-picture; web-share\" referrerpolicy=\"strict-origin-when-cross-origin\" allowfullscreen><\/iframe><\/div>\n<\/div><\/figure>\n\n\n\n<p>En mi o\u00eddo susurr\u00f3<\/p>\n\n\n\n<p>Que el tiempo se agot\u00f3<\/p>\n\n\n\n<p>Yo s\u00e9, siempre estuviste conmigo:<\/p>\n\n\n\n<p>Silenciosa, respetuosa,<\/p>\n\n\n\n<p>Sin objetar mis decisiones,<\/p>\n\n\n\n<p>Ni mis malas acciones.\u201d<\/p>\n\n\n\n<figure class=\"wp-block-gallery has-nested-images columns-default is-cropped wp-block-gallery-3 is-layout-flex wp-block-gallery-is-layout-flex\">\n<figure class=\"wp-block-image size-large\"><img decoding=\"async\" width=\"500\" height=\"500\" data-id=\"1067962\" src=\"https:\/\/dimensionturistica.com\/es\/wp-content\/uploads\/2025\/10\/3HILO.jpg\" alt=\"\" class=\"wp-image-1067962\" srcset=\"https:\/\/dimensionturistica.com\/es\/wp-content\/uploads\/2025\/10\/3HILO.jpg 500w, https:\/\/dimensionturistica.com\/es\/wp-content\/uploads\/2025\/10\/3HILO-300x300.jpg 300w, https:\/\/dimensionturistica.com\/es\/wp-content\/uploads\/2025\/10\/3HILO-150x150.jpg 150w, https:\/\/dimensionturistica.com\/es\/wp-content\/uploads\/2025\/10\/3HILO-75x75.jpg 75w, https:\/\/dimensionturistica.com\/es\/wp-content\/uploads\/2025\/10\/3HILO-350x350.jpg 350w\" sizes=\"(max-width: 500px) 100vw, 500px\" \/><\/figure>\n<\/figure>\n\n\n\n<p>HILO NEGRO mezclar\u00e1 energ\u00eda cruda con atm\u00f3sferas potentes en sus pr\u00f3ximas presentaciones con LA HERMOSA y una interesante selecci\u00f3n de temas que han consolidado a esta banda como un referente en la escena del Rock Nacional.<\/p>\n\n\n\n<p>Recorrer\u00e1 foros emblem\u00e1ticos, espacios urbanos y no convencionales de la Ciudad de M\u00e9xico y del interior de la Rep\u00fablica, como estaciones del transporte p\u00fablico y un pante\u00f3n en Xochimilco tocando justo el 2 de Noviembre a la 1 AM.<\/p>\n\n\n\n<p>El cierre magistral del mes de Noviembre ser\u00e1 con varios ac\u00fasticos como grupo invitado en la pr\u00f3xima gira en M\u00e9xico Storyteller Tour 2025 del gran compositor y cantante Johnny Indovina, l\u00edder vocalista de la legendaria banda de Los Angeles, Ca., Human Drama, present\u00e1ndose en el Foro Alicia, Beat 803 de Puebla y Foro Land\u00f3 en Toluca.<\/p>\n\n\n\n<p>Fechas y lugares:<\/p>\n\n\n\n<p>Octubre<\/p>\n\n\n\n<p>\u2022 Viernes 31- 3.45 PM- Colegio Justo Sierra (Cien Metros, CDMX).<\/p>\n\n\n\n<p>Noviembre<\/p>\n\n\n\n<p>\u2022 Domingo 2- 1 AM- Pante\u00f3n San Gregorio, Xochimilco (CDMX)<\/p>\n\n\n\n<figure class=\"wp-block-gallery has-nested-images columns-default is-cropped wp-block-gallery-4 is-layout-flex wp-block-gallery-is-layout-flex\">\n<figure class=\"wp-block-image size-large\"><img decoding=\"async\" width=\"500\" height=\"666\" data-id=\"1067964\" src=\"https:\/\/dimensionturistica.com\/es\/wp-content\/uploads\/2025\/10\/8HILO.jpg\" alt=\"\" class=\"wp-image-1067964\" srcset=\"https:\/\/dimensionturistica.com\/es\/wp-content\/uploads\/2025\/10\/8HILO.jpg 500w, https:\/\/dimensionturistica.com\/es\/wp-content\/uploads\/2025\/10\/8HILO-225x300.jpg 225w\" sizes=\"(max-width: 500px) 100vw, 500px\" \/><\/figure>\n<\/figure>\n\n\n\n<p>\u2022 Mi\u00e9rcoles 12- Por la tarde- Metro San L\u00e1zaro (CDMX)<\/p>\n\n\n\n<p>\u2022 Jueves 13- 3 PM- Ac\u00fastico en Tren Suburbano (CDMX)<\/p>\n\n\n\n<p>Conciertos Ac\u00fasticos en Storytelller Tour 2025 de Johnny Indovina:<\/p>\n\n\n\n<p>\u2022 Jueves 27- 8 PM- Beat 803 (Puebla)<\/p>\n\n\n\n<p>\u2022 Viernes 28- 8.45 PM- Foro Alicia<\/p>\n\n\n\n<p>\u2022 Domingo 30- 7 PM- Foro Land\u00f3 (Toluca).<\/p>\n\n\n\n<p>Diciembre<\/p>\n\n\n\n<p>\u2022 Martes 2- Por la tarde- Metro Chabacano (CDMX)<\/p>\n\n\n\n<p>De esta manera, HILO NEGRO celebra una de las tradiciones m\u00e1s bellas y arraigadas en M\u00e9xico conectando con el p\u00fablico en formatos ac\u00fastico y el\u00e9ctrico, ofreciendo experiencias \u00fanicas y cercanas, que sin duda ser\u00e1n encantadoras.<\/p>\n\n\n\n<p>Al respecto, Julieta Soto, vocalista de HILO NEGRO comenta:<\/p>\n\n\n\n<p>\u201cEstamos emocionados de llevar nuestras canciones a espacios tan diversos, compartiendo nuestras tradiciones y momentos \u00edntimos con el p\u00fablico. Cada lugar tendr\u00e1 su propia energ\u00eda, su propia esencia con versiones \u00fanicas y arreglos especiales, y eso nos inspira a dar lo mejor.\u201d<\/p>\n\n\n\n<p>www.hilonegro.xyz<\/p>\n","protected":false},"excerpt":{"rendered":"<p>Colegio Justo Sierra &#8211; Plantel Cien Metros -Noviembre 2- 1 AM- Pante\u00f3n San Gregorio, Xochimilco (CDMX) Adem\u00e1s, presentaciones en estaciones del Metro y Tren Suburbano y cerrar\u00e1 el mes de Noviembre siendo \u201cInvitado Especial\u201d en la gira Storytelller Tour 2025 de Johnny Indovina, l\u00edder vocalista de Human Drama. HILO NEGRO, un grupo de Rock orgulloso [&hellip;]<\/p>\n","protected":false},"author":1,"featured_media":0,"comment_status":"open","ping_status":"closed","sticky":false,"template":"","format":"standard","meta":{"om_disable_all_campaigns":false,"jnews-multi-image_gallery":[],"jnews_single_post":[],"jnews_primary_category":[],"jnews_social_meta":[],"footnotes":""},"categories":[40],"tags":[],"class_list":["post-1067961","post","type-post","status-publish","format-standard","hentry","category-industria"],"_links":{"self":[{"href":"https:\/\/dimensionturistica.com\/es\/wp-json\/wp\/v2\/posts\/1067961","targetHints":{"allow":["GET"]}}],"collection":[{"href":"https:\/\/dimensionturistica.com\/es\/wp-json\/wp\/v2\/posts"}],"about":[{"href":"https:\/\/dimensionturistica.com\/es\/wp-json\/wp\/v2\/types\/post"}],"author":[{"embeddable":true,"href":"https:\/\/dimensionturistica.com\/es\/wp-json\/wp\/v2\/users\/1"}],"replies":[{"embeddable":true,"href":"https:\/\/dimensionturistica.com\/es\/wp-json\/wp\/v2\/comments?post=1067961"}],"version-history":[{"count":1,"href":"https:\/\/dimensionturistica.com\/es\/wp-json\/wp\/v2\/posts\/1067961\/revisions"}],"predecessor-version":[{"id":1067965,"href":"https:\/\/dimensionturistica.com\/es\/wp-json\/wp\/v2\/posts\/1067961\/revisions\/1067965"}],"wp:attachment":[{"href":"https:\/\/dimensionturistica.com\/es\/wp-json\/wp\/v2\/media?parent=1067961"}],"wp:term":[{"taxonomy":"category","embeddable":true,"href":"https:\/\/dimensionturistica.com\/es\/wp-json\/wp\/v2\/categories?post=1067961"},{"taxonomy":"post_tag","embeddable":true,"href":"https:\/\/dimensionturistica.com\/es\/wp-json\/wp\/v2\/tags?post=1067961"}],"curies":[{"name":"wp","href":"https:\/\/api.w.org\/{rel}","templated":true}]}}