{"id":1067801,"date":"2025-10-28T15:18:02","date_gmt":"2025-10-28T15:18:02","guid":{"rendered":"https:\/\/dimensionturistica.com\/es\/?p=1067801"},"modified":"2025-10-28T15:18:02","modified_gmt":"2025-10-28T15:18:02","slug":"casa-de-las-lomas-llega-a-angelopolis-puebla-con-una-experiencia-de-diseno-unicacon-la-apertura-de-su-tienda-numero-xx1-en-me","status":"publish","type":"post","link":"https:\/\/dimensionturistica.com\/es\/casa-de-las-lomas-llega-a-angelopolis-puebla-con-una-experiencia-de-diseno-unicacon-la-apertura-de-su-tienda-numero-xx1-en-me\/","title":{"rendered":"\u00a0\u00a0\u00a0\u00a0\u00a0\u00a0\u00a0\u00a0\u00a0\u00a0\u00a0\u00a0Casa de las Lomas llega a Angel\u00f3polis, Puebla, con una experiencia de dise\u00f1o \u00fanica,con la apertura de su tienda n\u00famero XX1 en M\u00e9xico"},"content":{"rendered":"\n<figure class=\"wp-block-gallery has-nested-images columns-default is-cropped wp-block-gallery-1 is-layout-flex wp-block-gallery-is-layout-flex\">\n<figure class=\"wp-block-image size-large\"><img decoding=\"async\" width=\"474\" height=\"133\" data-id=\"1067802\" src=\"https:\/\/dimensionturistica.com\/es\/wp-content\/uploads\/2025\/10\/logocasa.jpg\" alt=\"\" class=\"wp-image-1067802\" srcset=\"https:\/\/dimensionturistica.com\/es\/wp-content\/uploads\/2025\/10\/logocasa.jpg 474w, https:\/\/dimensionturistica.com\/es\/wp-content\/uploads\/2025\/10\/logocasa-300x84.jpg 300w\" sizes=\"(max-width: 474px) 100vw, 474px\" \/><\/figure>\n<\/figure>\n\n\n\n<p>Casa de las Lomas, empresa mexicana de mobiliario de alta gama, anuncia la apertura de su nueva tienda en Angel\u00f3polis, Puebla, a partir de octubre, reforzando su compromiso de acercar dise\u00f1o, estilo y funcionalidad a los hogares poblanos.<\/p>\n\n\n\n<figure class=\"wp-block-gallery has-nested-images columns-default is-cropped wp-block-gallery-2 is-layout-flex wp-block-gallery-is-layout-flex\">\n<figure class=\"wp-block-image size-large\"><img decoding=\"async\" width=\"500\" height=\"333\" data-id=\"1067806\" src=\"https:\/\/dimensionturistica.com\/es\/wp-content\/uploads\/2025\/10\/1casa-1.jpg\" alt=\"\" class=\"wp-image-1067806\" srcset=\"https:\/\/dimensionturistica.com\/es\/wp-content\/uploads\/2025\/10\/1casa-1.jpg 500w, https:\/\/dimensionturistica.com\/es\/wp-content\/uploads\/2025\/10\/1casa-1-300x200.jpg 300w\" sizes=\"(max-width: 500px) 100vw, 500px\" \/><\/figure>\n<\/figure>\n\n\n\n<p>El complejo est\u00e1 ubicado en Blvd. Atlixcayotl 1803, Col. Lomas de Angel\u00f3polis (frente al Centro comercial V\u00eda San \u00c1ngel), San Andr\u00e9s Cholula, Puebla. Y es un escaparate de tendencias y estilos decorativos.<\/p>\n\n\n\n<figure class=\"wp-block-gallery has-nested-images columns-default is-cropped wp-block-gallery-3 is-layout-flex wp-block-gallery-is-layout-flex\">\n<figure class=\"wp-block-image size-large\"><img decoding=\"async\" width=\"500\" height=\"333\" data-id=\"1067807\" src=\"https:\/\/dimensionturistica.com\/es\/wp-content\/uploads\/2025\/10\/3casa-1.jpg\" alt=\"\" class=\"wp-image-1067807\" srcset=\"https:\/\/dimensionturistica.com\/es\/wp-content\/uploads\/2025\/10\/3casa-1.jpg 500w, https:\/\/dimensionturistica.com\/es\/wp-content\/uploads\/2025\/10\/3casa-1-300x200.jpg 300w\" sizes=\"(max-width: 500px) 100vw, 500px\" \/><\/figure>\n<\/figure>\n\n\n\n<p>La nueva sucursal ofrece una experiencia completa de compra, donde los visitantes pueden conocer las \u00faltimas tendencias en decoraci\u00f3n para el hogar con colecciones de salas, rec\u00e1maras, comedores, muebles auxiliares y piezas ic\u00f3nicas de dise\u00f1o contempor\u00e1neo. Cada espacio est\u00e1 cuidadosamente dise\u00f1ado para inspirar a los clientes y mostrar c\u00f3mo combinar estilo y funcionalidad en cada rinc\u00f3n.<\/p>\n\n\n\n<figure class=\"wp-block-gallery has-nested-images columns-default is-cropped wp-block-gallery-4 is-layout-flex wp-block-gallery-is-layout-flex\">\n<figure class=\"wp-block-image size-large\"><img decoding=\"async\" width=\"500\" height=\"333\" data-id=\"1067808\" src=\"https:\/\/dimensionturistica.com\/es\/wp-content\/uploads\/2025\/10\/4casa.jpg\" alt=\"\" class=\"wp-image-1067808\" srcset=\"https:\/\/dimensionturistica.com\/es\/wp-content\/uploads\/2025\/10\/4casa.jpg 500w, https:\/\/dimensionturistica.com\/es\/wp-content\/uploads\/2025\/10\/4casa-300x200.jpg 300w\" sizes=\"(max-width: 500px) 100vw, 500px\" \/><\/figure>\n<\/figure>\n\n\n\n<p>\u201cEstamos emocionados de abrir nuestras puertas en Puebla. Angel\u00f3polis es un punto estrat\u00e9gico que nos permite conectar con nuestros clientes de la regi\u00f3n y brindarles experiencias de compra \u00fanicas, mostrando la calidad y el estilo que caracterizan a Casa de las Lomas\u201d, coment\u00f3 la Direcci\u00f3n General de Casa de las Lomas.<\/p>\n\n\n\n<figure class=\"wp-block-gallery has-nested-images columns-default is-cropped wp-block-gallery-5 is-layout-flex wp-block-gallery-is-layout-flex\">\n<figure class=\"wp-block-image size-large\"><img decoding=\"async\" width=\"500\" height=\"333\" data-id=\"1067809\" src=\"https:\/\/dimensionturistica.com\/es\/wp-content\/uploads\/2025\/10\/5casa-1.jpg\" alt=\"\" class=\"wp-image-1067809\" srcset=\"https:\/\/dimensionturistica.com\/es\/wp-content\/uploads\/2025\/10\/5casa-1.jpg 500w, https:\/\/dimensionturistica.com\/es\/wp-content\/uploads\/2025\/10\/5casa-1-300x200.jpg 300w\" sizes=\"(max-width: 500px) 100vw, 500px\" \/><\/figure>\n<\/figure>\n\n\n\n<p>La tienda ofrece una inigualable experiencia de compra y opciones de mobiliario para todos los estilos y necesidades, desde tendencias modernas, hasta piezas cl\u00e1sicas y atemporales.<\/p>\n\n\n\n<figure class=\"wp-block-gallery has-nested-images columns-default is-cropped wp-block-gallery-6 is-layout-flex wp-block-gallery-is-layout-flex\">\n<figure class=\"wp-block-image size-large\"><img decoding=\"async\" width=\"500\" height=\"333\" data-id=\"1067810\" src=\"https:\/\/dimensionturistica.com\/es\/wp-content\/uploads\/2025\/10\/6casa-1.jpg\" alt=\"\" class=\"wp-image-1067810\" srcset=\"https:\/\/dimensionturistica.com\/es\/wp-content\/uploads\/2025\/10\/6casa-1.jpg 500w, https:\/\/dimensionturistica.com\/es\/wp-content\/uploads\/2025\/10\/6casa-1-300x200.jpg 300w\" sizes=\"(max-width: 500px) 100vw, 500px\" \/><\/figure>\n<\/figure>\n\n\n\n<p>Adem\u00e1s ofrece servicio de interiorismo y design center a trav\u00e9s de su programa de atenci\u00f3n personalizada y dise\u00f1o de espacios, que incluye levantamiento de medidas, asesor\u00eda en materiales, personalizaci\u00f3n de muebles y acompa\u00f1amiento en todo el proceso, hasta la entrega de un plano con la distribuci\u00f3n final de los muebles.<\/p>\n\n\n\n<p>Casa de las Lomas es una empresa mexicana fundada en 1994, l\u00edder en el mercado de muebles y decoraci\u00f3n, que ofrece una gran variedad de estilos y tendencias internacionales. &nbsp;La marca se caracteriza por su calidad, dise\u00f1os a la vanguardia y mobiliario de alta gama.<\/p>\n\n\n\n<figure class=\"wp-block-gallery has-nested-images columns-default is-cropped wp-block-gallery-7 is-layout-flex wp-block-gallery-is-layout-flex\">\n<figure class=\"wp-block-image size-large\"><img decoding=\"async\" width=\"500\" height=\"333\" data-id=\"1067814\" src=\"https:\/\/dimensionturistica.com\/es\/wp-content\/uploads\/2025\/10\/8casa-1.jpg\" alt=\"\" class=\"wp-image-1067814\" srcset=\"https:\/\/dimensionturistica.com\/es\/wp-content\/uploads\/2025\/10\/8casa-1.jpg 500w, https:\/\/dimensionturistica.com\/es\/wp-content\/uploads\/2025\/10\/8casa-1-300x200.jpg 300w\" sizes=\"(max-width: 500px) 100vw, 500px\" \/><\/figure>\n<\/figure>\n\n\n\n<figure class=\"wp-block-gallery has-nested-images columns-default is-cropped wp-block-gallery-8 is-layout-flex wp-block-gallery-is-layout-flex\">\n<figure class=\"wp-block-image size-large\"><img decoding=\"async\" width=\"500\" height=\"333\" data-id=\"1067812\" src=\"https:\/\/dimensionturistica.com\/es\/wp-content\/uploads\/2025\/10\/7casa.jpg\" alt=\"\" class=\"wp-image-1067812\" srcset=\"https:\/\/dimensionturistica.com\/es\/wp-content\/uploads\/2025\/10\/7casa.jpg 500w, https:\/\/dimensionturistica.com\/es\/wp-content\/uploads\/2025\/10\/7casa-300x200.jpg 300w\" sizes=\"(max-width: 500px) 100vw, 500px\" \/><\/figure>\n<\/figure>\n\n\n\n<p>Si vives en Puebla, no pierdas la oportunidad de conocer la nueva tienda y llevar a tu hogar muebles que realmente marcan la diferencia. Para m\u00e1s informaci\u00f3n, visita www.casadelaslomas.com &nbsp;o sigue a Casa de las Lomas en sus redes sociales.<\/p>\n","protected":false},"excerpt":{"rendered":"<p>Casa de las Lomas, empresa mexicana de mobiliario de alta gama, anuncia la apertura de su nueva tienda en Angel\u00f3polis, Puebla, a partir de octubre, reforzando su compromiso de acercar dise\u00f1o, estilo y funcionalidad a los hogares poblanos. El complejo est\u00e1 ubicado en Blvd. Atlixcayotl 1803, Col. Lomas de Angel\u00f3polis (frente al Centro comercial V\u00eda [&hellip;]<\/p>\n","protected":false},"author":1,"featured_media":0,"comment_status":"open","ping_status":"closed","sticky":false,"template":"","format":"standard","meta":{"om_disable_all_campaigns":false,"jnews-multi-image_gallery":[],"jnews_single_post":{"format":"standard"},"jnews_primary_category":[],"jnews_social_meta":[],"footnotes":""},"categories":[144872],"tags":[],"class_list":["post-1067801","post","type-post","status-publish","format-standard","hentry","category-fashion"],"_links":{"self":[{"href":"https:\/\/dimensionturistica.com\/es\/wp-json\/wp\/v2\/posts\/1067801","targetHints":{"allow":["GET"]}}],"collection":[{"href":"https:\/\/dimensionturistica.com\/es\/wp-json\/wp\/v2\/posts"}],"about":[{"href":"https:\/\/dimensionturistica.com\/es\/wp-json\/wp\/v2\/types\/post"}],"author":[{"embeddable":true,"href":"https:\/\/dimensionturistica.com\/es\/wp-json\/wp\/v2\/users\/1"}],"replies":[{"embeddable":true,"href":"https:\/\/dimensionturistica.com\/es\/wp-json\/wp\/v2\/comments?post=1067801"}],"version-history":[{"count":1,"href":"https:\/\/dimensionturistica.com\/es\/wp-json\/wp\/v2\/posts\/1067801\/revisions"}],"predecessor-version":[{"id":1067816,"href":"https:\/\/dimensionturistica.com\/es\/wp-json\/wp\/v2\/posts\/1067801\/revisions\/1067816"}],"wp:attachment":[{"href":"https:\/\/dimensionturistica.com\/es\/wp-json\/wp\/v2\/media?parent=1067801"}],"wp:term":[{"taxonomy":"category","embeddable":true,"href":"https:\/\/dimensionturistica.com\/es\/wp-json\/wp\/v2\/categories?post=1067801"},{"taxonomy":"post_tag","embeddable":true,"href":"https:\/\/dimensionturistica.com\/es\/wp-json\/wp\/v2\/tags?post=1067801"}],"curies":[{"name":"wp","href":"https:\/\/api.w.org\/{rel}","templated":true}]}}