{"id":1067518,"date":"2025-10-28T03:13:28","date_gmt":"2025-10-28T03:13:28","guid":{"rendered":"https:\/\/dimensionturistica.com\/es\/?p=1067518"},"modified":"2025-10-28T03:13:28","modified_gmt":"2025-10-28T03:13:28","slug":"la-pasarela-mas-emotiva-de-la-semana-de-la-moda-volvo-mexico-2025-en-imagenes","status":"publish","type":"post","link":"https:\/\/dimensionturistica.com\/es\/la-pasarela-mas-emotiva-de-la-semana-de-la-moda-volvo-mexico-2025-en-imagenes\/","title":{"rendered":"La pasarela m\u00e1s emotiva de la Semana de la Moda Volvo M\u00e9xico 2025, en im\u00e1genes."},"content":{"rendered":"<h3>La Conexi\u00f3n Perfecta entre Moda y Cultura Pop en la Volvo Fashion Week M\u00e9xico 2025<\/h3>\n<p>La reciente Volvo Fashion Week en M\u00e9xico ha dejado una impronta indeleble en el mundo de la moda, una fusi\u00f3n de creatividad, innovaci\u00f3n y referencias culturales que ha electrizado a los asistentes. En este marco, se destac\u00f3 la presentaci\u00f3n de una colecci\u00f3n que ha logrado capturar la esencia de la cultura pop: la colaboraci\u00f3n de The Pepsi Club Collection, que ha caracterizado a esta edici\u00f3n de la pasarela.<\/p>\n<h4>Un Estilo que Transciende Generaciones<\/h4>\n<p>La colecci\u00f3n de The Pepsi Club ha sido un verdadero homenaje a la ic\u00f3nica marca, jugando con los colores y logotipos que evocan la nostalgia de varias generaciones. Los dise\u00f1adores han tejido elementos contempor\u00e1neos con un toque retro, creando piezas que no solo son vistosas, sino tambi\u00e9n portadoras de una historia. Cada outfit en la pasarela se convirti\u00f3 en un lienzo que contaba una narrativa vinculada a la cultura pop.<\/p>\n<h4>Texturas y Siluetas Innovadoras<\/h4>\n<p>Los materiales utilizados para esta colecci\u00f3n no pasaron desapercibidos. Desde telas ligeras y transpirables hasta acabados brillantes que imitan la est\u00e9tica de los a\u00f1os 90, cada prenda fue dise\u00f1ada para aportar una experiencia sensorial \u00fanica. Las siluetas var\u00edan entre lo oversized y lo ajustado, permitiendo una versatilidad que se adapta a diferentes tipos de cuerpos y estilos de vida. Esto no solo realza la importancia de la inclusi\u00f3n en la moda, sino que tambi\u00e9n hace eco de un movimiento que busca hacer a cada persona sentir \u00fanica al vestir.<\/p>\n<h4>Referencias Visuales Poderosas<\/h4>\n<p>A lo largo de la presentaci\u00f3n, se pudo observar la inteligente incorporaci\u00f3n de elementos visuales que resonaban con un p\u00fablico joven, \u00e1vido de referencias que los conectan con su identidad cultural. Las proyecciones en pantallas, el sonido vibrante de la m\u00fasica contempor\u00e1nea y las interacciones durante el desfile ofrecieron una experiencia inmersiva, haciendo que el p\u00fablico no solo fuera espectador, sino un participante activo en esta celebraci\u00f3n de moda.<\/p>\n<h4>Una Pasarela que Rompe Fronteras<\/h4>\n<p>La Volvo Fashion Week M\u00e9xico 2025 no solo se ha consolidado como un evento clave en el calendario internacional de la moda, sino que ha demostrado una capacidad inigualable para unir diferentes disciplinas art\u00edsticas. The Pepsi Club Collection ejemplifica c\u00f3mo la moda puede ser un veh\u00edculo para contar historias relevantes, resonando no solo en el \u00e1mbito est\u00e9tico, sino tambi\u00e9n en el emocional.<\/p>\n<h4>Mirando Hacia el Futuro<\/h4>\n<p>La presentaci\u00f3n de The Pepsi Club Collection es un claro ejemplo de que la moda no es solo un asunto de prendas, sino un di\u00e1logo con la cultura. Las propuestas audaces y reveladoras de esta colecci\u00f3n abren las puertas a un futuro en el que el arte y la vida cotidiana se entrelazan, asegurando que cada pasarela est\u00e9 impregnada de significado y conexi\u00f3n.<\/p>\n<p>Esta edici\u00f3n de la Volvo Fashion Week ha reafirmado la importancia de innovar y comunicar a trav\u00e9s de la moda, estableciendo un nuevo est\u00e1ndar que inspira a dise\u00f1adores, asistentes y amantes de la moda a no solo apreciar las prendas, sino a abrazar las historias detr\u00e1s de cada una de ellas. Con esta celebraci\u00f3n, el futuro de la moda empodera la individualidad y se eleva hacia una nueva era de expresi\u00f3n.<\/p>\n<p><em> &#8221; Fuentes www.vogue.mx &#8221; <\/em><\/p>\n","protected":false},"excerpt":{"rendered":"<p>La Conexi\u00f3n Perfecta entre Moda y Cultura Pop en la Volvo Fashion Week M\u00e9xico 2025 La reciente Volvo Fashion Week en M\u00e9xico ha dejado una impronta indeleble en el mundo de la moda, una fusi\u00f3n de creatividad, innovaci\u00f3n y referencias culturales que ha electrizado a los asistentes. En este marco, se destac\u00f3 la presentaci\u00f3n de [&hellip;]<\/p>\n","protected":false},"author":14,"featured_media":1067519,"comment_status":"open","ping_status":"closed","sticky":false,"template":"","format":"standard","meta":{"om_disable_all_campaigns":false,"jnews-multi-image_gallery":[],"jnews_single_post":[],"jnews_primary_category":[],"jnews_social_meta":[],"footnotes":""},"categories":[144872],"tags":[27305,7758,166,160411,221907,3154,769,27866,21328,2182,27205],"class_list":["post-1067518","post","type-post","status-publish","format-standard","has-post-thumbnail","hentry","category-fashion","tag-27305","tag-estilo","tag-fashion","tag-fashion-week","tag-fashion-week-mexico","tag-imagenes","tag-mexico","tag-nostalgia","tag-pasarela","tag-tendencias","tag-volvo"],"_links":{"self":[{"href":"https:\/\/dimensionturistica.com\/es\/wp-json\/wp\/v2\/posts\/1067518","targetHints":{"allow":["GET"]}}],"collection":[{"href":"https:\/\/dimensionturistica.com\/es\/wp-json\/wp\/v2\/posts"}],"about":[{"href":"https:\/\/dimensionturistica.com\/es\/wp-json\/wp\/v2\/types\/post"}],"author":[{"embeddable":true,"href":"https:\/\/dimensionturistica.com\/es\/wp-json\/wp\/v2\/users\/14"}],"replies":[{"embeddable":true,"href":"https:\/\/dimensionturistica.com\/es\/wp-json\/wp\/v2\/comments?post=1067518"}],"version-history":[{"count":1,"href":"https:\/\/dimensionturistica.com\/es\/wp-json\/wp\/v2\/posts\/1067518\/revisions"}],"predecessor-version":[{"id":1067520,"href":"https:\/\/dimensionturistica.com\/es\/wp-json\/wp\/v2\/posts\/1067518\/revisions\/1067520"}],"wp:featuredmedia":[{"embeddable":true,"href":"https:\/\/dimensionturistica.com\/es\/wp-json\/wp\/v2\/media\/1067519"}],"wp:attachment":[{"href":"https:\/\/dimensionturistica.com\/es\/wp-json\/wp\/v2\/media?parent=1067518"}],"wp:term":[{"taxonomy":"category","embeddable":true,"href":"https:\/\/dimensionturistica.com\/es\/wp-json\/wp\/v2\/categories?post=1067518"},{"taxonomy":"post_tag","embeddable":true,"href":"https:\/\/dimensionturistica.com\/es\/wp-json\/wp\/v2\/tags?post=1067518"}],"curies":[{"name":"wp","href":"https:\/\/api.w.org\/{rel}","templated":true}]}}