{"id":1067427,"date":"2025-10-28T00:28:39","date_gmt":"2025-10-28T00:28:39","guid":{"rendered":"https:\/\/dimensionturistica.com\/es\/?p=1067427"},"modified":"2025-10-28T00:28:39","modified_gmt":"2025-10-28T00:28:39","slug":"el-festival-hola-america-2025-la-migracion-como-una-oportunidad-de-transformacion-social","status":"publish","type":"post","link":"https:\/\/dimensionturistica.com\/es\/el-festival-hola-america-2025-la-migracion-como-una-oportunidad-de-transformacion-social\/","title":{"rendered":"El Festival Hola Am\u00e9rica 2025: la migraci\u00f3n como una oportunidad de transformaci\u00f3n social"},"content":{"rendered":"\n<p><\/p>\n\n\n\n<figure class=\"wp-block-gallery has-nested-images columns-default is-cropped wp-block-gallery-1 is-layout-flex wp-block-gallery-is-layout-flex\">\n<figure class=\"wp-block-image size-large\"><img decoding=\"async\" width=\"500\" height=\"408\" data-id=\"1067428\" src=\"https:\/\/dimensionturistica.com\/es\/wp-content\/uploads\/2025\/10\/1AMERTICA.jpg\" alt=\"\" class=\"wp-image-1067428\" srcset=\"https:\/\/dimensionturistica.com\/es\/wp-content\/uploads\/2025\/10\/1AMERTICA.jpg 500w, https:\/\/dimensionturistica.com\/es\/wp-content\/uploads\/2025\/10\/1AMERTICA-300x245.jpg 300w\" sizes=\"(max-width: 500px) 100vw, 500px\" \/><\/figure>\n<\/figure>\n\n\n\n<p>Ashoka, organizaci\u00f3n global l\u00edder en el apoyo a innovadores emprendedores sociales, que busca visibilizar soluciones sist\u00e9micas creadas por y para las personas migrantes en el continente, present\u00f3 hoy detalles del Festival Hola Am\u00e9rica. El encuentro se llevar\u00e1 a cabo los d\u00edas 5 y 6 de noviembre en la Ciudad de M\u00e9xico, y tiene como objetivo transformar la manera en la que las personas entienden la migraci\u00f3n, promovi\u00e9ndola como una fuente de innovaci\u00f3n social y desarrollo.<\/p>\n\n\n\n<figure class=\"wp-block-gallery has-nested-images columns-default is-cropped wp-block-gallery-2 is-layout-flex wp-block-gallery-is-layout-flex\">\n<figure class=\"wp-block-image size-large\"><img decoding=\"async\" width=\"500\" height=\"670\" data-id=\"1067441\" src=\"https:\/\/dimensionturistica.com\/es\/wp-content\/uploads\/2025\/10\/2AMERICA.jpg\" alt=\"\" class=\"wp-image-1067441\" srcset=\"https:\/\/dimensionturistica.com\/es\/wp-content\/uploads\/2025\/10\/2AMERICA.jpg 500w, https:\/\/dimensionturistica.com\/es\/wp-content\/uploads\/2025\/10\/2AMERICA-224x300.jpg 224w\" sizes=\"(max-width: 500px) 100vw, 500px\" \/><\/figure>\n<\/figure>\n\n\n\n<p>En la presentaci\u00f3n del Festival Hola Am\u00e9rica se cont\u00f3 con la presencia de Santiago Mej\u00eda, Director de Ecosistemas Sociales de Ashoka M\u00e9xico, Centroam\u00e9rica y el Caribe; Daniela Brito, L\u00edder de Sustentabilidad de IKEA M\u00e9xico; Marian Gabriela P\u00e9rez Guerra, Responsable de Educaci\u00f3n para la Inclusi\u00f3n de Casa Refugiados; Daniela Garc\u00eda Mart\u00ednez, Subdirectora de Asistencia Humanitaria y Dr. Carlos Javier Verduzco Reina, Jefe del Departamento de Bufete Jur\u00eddico de Asesor\u00eda Gratuita de la UNAM.<\/p>\n\n\n\n<figure class=\"wp-block-gallery has-nested-images columns-default is-cropped wp-block-gallery-3 is-layout-flex wp-block-gallery-is-layout-flex\">\n<figure class=\"wp-block-image size-large\"><img decoding=\"async\" width=\"500\" height=\"355\" data-id=\"1067442\" src=\"https:\/\/dimensionturistica.com\/es\/wp-content\/uploads\/2025\/10\/5AMERICA.jpg\" alt=\"\" class=\"wp-image-1067442\" srcset=\"https:\/\/dimensionturistica.com\/es\/wp-content\/uploads\/2025\/10\/5AMERICA.jpg 500w, https:\/\/dimensionturistica.com\/es\/wp-content\/uploads\/2025\/10\/5AMERICA-300x213.jpg 300w, https:\/\/dimensionturistica.com\/es\/wp-content\/uploads\/2025\/10\/5AMERICA-120x86.jpg 120w, https:\/\/dimensionturistica.com\/es\/wp-content\/uploads\/2025\/10\/5AMERICA-350x250.jpg 350w\" sizes=\"(max-width: 500px) 100vw, 500px\" \/><\/figure>\n<\/figure>\n\n\n\n<p>Bajo el lema \u201cUna regi\u00f3n en movimiento, sin fronteras para la innovaci\u00f3n\u201d, la cuarta edici\u00f3n regional de este festival, que por primera vez se realiza en M\u00e9xico, reunir\u00e1 a innovadores sociales, artistas, representantes de gobierno, sector privado, la academia y personas en movimiento de m\u00e1s de 15 pa\u00edses, que se dar\u00e1n cita en la Facultad de Derecho de la UNAM.<\/p>\n\n\n\n<figure class=\"wp-block-gallery has-nested-images columns-default is-cropped wp-block-gallery-4 is-layout-flex wp-block-gallery-is-layout-flex\">\n<figure class=\"wp-block-image size-large\"><img decoding=\"async\" width=\"500\" height=\"669\" data-id=\"1067443\" src=\"https:\/\/dimensionturistica.com\/es\/wp-content\/uploads\/2025\/10\/3AMERICA.jpg\" alt=\"\" class=\"wp-image-1067443\" srcset=\"https:\/\/dimensionturistica.com\/es\/wp-content\/uploads\/2025\/10\/3AMERICA.jpg 500w, https:\/\/dimensionturistica.com\/es\/wp-content\/uploads\/2025\/10\/3AMERICA-224x300.jpg 224w\" sizes=\"(max-width: 500px) 100vw, 500px\" \/><\/figure>\n<\/figure>\n\n\n\n<p>El evento fungir\u00e1 como una plataforma clave para escuchar y dialogar con referentes nacionales y regionales especializados en migraci\u00f3n y refugio, bajo ejes tem\u00e1ticos como empleo, democracia, narrativas, juventud, tecnolog\u00eda, g\u00e9nero y diversidad.<\/p>\n\n\n\n<p>Adem\u00e1s de las sesiones de debate, el programa est\u00e1 dise\u00f1ado para fomentar la interacci\u00f3n y el aprendizaje activo, incluyendo:<\/p>\n\n\n\n<p>\u25cf &nbsp;Paneles de innovaci\u00f3n social<\/p>\n\n\n\n<p>\u25cf &nbsp;Masterclasses y talleres<\/p>\n\n\n\n<p>\u25cf &nbsp;Actividades de networking<\/p>\n\n\n\n<figure class=\"wp-block-gallery has-nested-images columns-default is-cropped wp-block-gallery-5 is-layout-flex wp-block-gallery-is-layout-flex\">\n<figure class=\"wp-block-image size-large\"><img decoding=\"async\" width=\"500\" height=\"375\" data-id=\"1067444\" src=\"https:\/\/dimensionturistica.com\/es\/wp-content\/uploads\/2025\/10\/9AMERICA.jpg\" alt=\"\" class=\"wp-image-1067444\" srcset=\"https:\/\/dimensionturistica.com\/es\/wp-content\/uploads\/2025\/10\/9AMERICA.jpg 500w, https:\/\/dimensionturistica.com\/es\/wp-content\/uploads\/2025\/10\/9AMERICA-300x225.jpg 300w\" sizes=\"(max-width: 500px) 100vw, 500px\" \/><\/figure>\n<\/figure>\n\n\n\n<figure class=\"wp-block-gallery has-nested-images columns-default is-cropped wp-block-gallery-6 is-layout-flex wp-block-gallery-is-layout-flex\"><\/figure>\n\n\n\n<p>\u25cf &nbsp;Pl\u00e1ticas inspiradoras<\/p>\n\n\n\n<p>Complementariamente, los asistentes podr\u00e1n disfrutar de una rica oferta art\u00edstica y cultural, que incluir\u00e1 m\u00fasica y una muestra fotogr\u00e1fica.<\/p>\n\n\n\n<p>La designaci\u00f3n de M\u00e9xico como anfitri\u00f3n de Hola Am\u00e9rica 2025 no es casualidad; subraya la compleja y cr\u00edtica posici\u00f3n del pa\u00eds como naci\u00f3n de origen, tr\u00e1nsito y destino de flujos migratorios, al tiempo que lo consolida como un &#8220;nodo creativo&#8221; regional.<\/p>\n\n\n\n<p>Hola Am\u00e9rica 2025 adquiere relevancia al situarse en un contexto de intensa movilidad humana. A nivel global, m\u00e1s de 280 millones de personas se encuentran en movimiento (3.6% de la poblaci\u00f3n, seg\u00fan datos de la ONU). En el \u00e1mbito regional, las proyecciones indican que, para el a\u00f1o 2050, aproximadamente 3 millones de personas en territorio mexicano podr\u00edan ser desplazadas debido a los efectos del cambio clim\u00e1tico. Ante esta realidad, el pa\u00eds funciona como punto focal para analizar los desaf\u00edos humanitarios y las oportunidades creativas inherentes a los flujos migratorios del siglo XXI.<\/p>\n\n\n\n<p>En un momento de resurgimiento de discursos de miedo y exclusi\u00f3n, la propuesta del Festival Hola Am\u00e9rica busca abordar los desaf\u00edos de la migraci\u00f3n y el refugio desde el lente de la innovaci\u00f3n. \u201cProponemos un nuevo lente: ver la migraci\u00f3n no como una crisis ni como un problema, sino como una posibilidad de transformaci\u00f3n social \u00fanica. Cada persona en movimiento es un agente de cambio. Frente a la narrativa del miedo, proponemos una narrativa del futuro\u201d, afirm\u00f3 Santiago Mej\u00eda.<\/p>\n\n\n\n<p>Mej\u00eda tambi\u00e9n anunci\u00f3 una alianza estrat\u00e9gica con la Organizaci\u00f3n Internacional para las Migraciones (OIM) para catalizar la innovaci\u00f3n social en Ciudad de M\u00e9xico, Jalisco y Nuevo Le\u00f3n. Esta colaboraci\u00f3n implica el desarrollo de talleres, bootcamps y acompa\u00f1amiento especializado. El objetivo central es impulsar proyectos liderados por migrantes y comunidades de acogida, enfoc\u00e1ndose en la migraci\u00f3n como un motor econ\u00f3mico, social y cultural.<\/p>\n\n\n\n<p>Los organizadores enfatizaron que \u201cla migraci\u00f3n no es una crisis, sino que los sistemas est\u00e1n desactualizados\u201d, instando a gestionar la migraci\u00f3n desde la creatividad, como motor de desarrollo y no desde el miedo.<\/p>\n\n\n\n<p>El registro y la informaci\u00f3n detallada sobre el programa est\u00e1n disponibles en la p\u00e1gina oficial del evento: festivalholaamerica.org y www.instagram.com\/festivalholaamerica<\/p>\n","protected":false},"excerpt":{"rendered":"<p>Ashoka, organizaci\u00f3n global l\u00edder en el apoyo a innovadores emprendedores sociales, que busca visibilizar soluciones sist\u00e9micas creadas por y para las personas migrantes en el continente, present\u00f3 hoy detalles del Festival Hola Am\u00e9rica. El encuentro se llevar\u00e1 a cabo los d\u00edas 5 y 6 de noviembre en la Ciudad de M\u00e9xico, y tiene como objetivo [&hellip;]<\/p>\n","protected":false},"author":1,"featured_media":0,"comment_status":"open","ping_status":"closed","sticky":false,"template":"","format":"standard","meta":{"om_disable_all_campaigns":false,"jnews-multi-image_gallery":[],"jnews_single_post":{"format":"standard"},"jnews_primary_category":[],"jnews_social_meta":[],"footnotes":""},"categories":[40],"tags":[],"class_list":["post-1067427","post","type-post","status-publish","format-standard","hentry","category-industria"],"_links":{"self":[{"href":"https:\/\/dimensionturistica.com\/es\/wp-json\/wp\/v2\/posts\/1067427","targetHints":{"allow":["GET"]}}],"collection":[{"href":"https:\/\/dimensionturistica.com\/es\/wp-json\/wp\/v2\/posts"}],"about":[{"href":"https:\/\/dimensionturistica.com\/es\/wp-json\/wp\/v2\/types\/post"}],"author":[{"embeddable":true,"href":"https:\/\/dimensionturistica.com\/es\/wp-json\/wp\/v2\/users\/1"}],"replies":[{"embeddable":true,"href":"https:\/\/dimensionturistica.com\/es\/wp-json\/wp\/v2\/comments?post=1067427"}],"version-history":[{"count":1,"href":"https:\/\/dimensionturistica.com\/es\/wp-json\/wp\/v2\/posts\/1067427\/revisions"}],"predecessor-version":[{"id":1067448,"href":"https:\/\/dimensionturistica.com\/es\/wp-json\/wp\/v2\/posts\/1067427\/revisions\/1067448"}],"wp:attachment":[{"href":"https:\/\/dimensionturistica.com\/es\/wp-json\/wp\/v2\/media?parent=1067427"}],"wp:term":[{"taxonomy":"category","embeddable":true,"href":"https:\/\/dimensionturistica.com\/es\/wp-json\/wp\/v2\/categories?post=1067427"},{"taxonomy":"post_tag","embeddable":true,"href":"https:\/\/dimensionturistica.com\/es\/wp-json\/wp\/v2\/tags?post=1067427"}],"curies":[{"name":"wp","href":"https:\/\/api.w.org\/{rel}","templated":true}]}}