{"id":1067410,"date":"2025-10-27T23:38:55","date_gmt":"2025-10-27T23:38:55","guid":{"rendered":"https:\/\/dimensionturistica.com\/es\/?p=1067410"},"modified":"2025-10-27T23:38:55","modified_gmt":"2025-10-27T23:38:55","slug":"el-pueblo-magico-de-sayula-jalisco-se-prepara-para-el-11-festival-de-las-animas","status":"publish","type":"post","link":"https:\/\/dimensionturistica.com\/es\/el-pueblo-magico-de-sayula-jalisco-se-prepara-para-el-11-festival-de-las-animas\/","title":{"rendered":"El Pueblo M\u00e1gico de Sayula, Jalisco se prepara para el 11\u00b0 Festival de las \u00c1nimas"},"content":{"rendered":"\n<figure class=\"wp-block-gallery has-nested-images columns-default is-cropped wp-block-gallery-1 is-layout-flex wp-block-gallery-is-layout-flex\">\n<figure class=\"wp-block-image size-large\"><img decoding=\"async\" width=\"500\" height=\"156\" data-id=\"1067411\" src=\"https:\/\/dimensionturistica.com\/es\/wp-content\/uploads\/2025\/10\/1SAYU.jpg\" alt=\"\" class=\"wp-image-1067411\" srcset=\"https:\/\/dimensionturistica.com\/es\/wp-content\/uploads\/2025\/10\/1SAYU.jpg 500w, https:\/\/dimensionturistica.com\/es\/wp-content\/uploads\/2025\/10\/1SAYU-300x94.jpg 300w\" sizes=\"(max-width: 500px) 100vw, 500px\" \/><\/figure>\n<\/figure>\n\n\n\n<p>Con motivo a las celebraciones del D\u00eda de Muertos se llevar\u00e1 a cabo el 11\u00b0 Festival de las \u00c1nimas del 26 de octubre al 02 de noviembre en cuatro puntos del Pueblo M\u00e1gico de Sayula ubicado al sur del Estado de Jalisco: en el Centro Hist\u00f3rico y en las comunidades Usmajac, El Reparo y Tamaliagua, el cual promete traer este a\u00f1o muchas sorpresas, diversi\u00f3n y abundante gastronom\u00eda.<\/p>\n\n\n\n<figure class=\"wp-block-gallery has-nested-images columns-default is-cropped wp-block-gallery-2 is-layout-flex wp-block-gallery-is-layout-flex\">\n<figure class=\"wp-block-image size-large\"><img decoding=\"async\" width=\"1024\" height=\"683\" data-id=\"1067415\" src=\"https:\/\/dimensionturistica.com\/es\/wp-content\/uploads\/2025\/10\/unnamed-1-1-1024x683.jpg\" alt=\"\" class=\"wp-image-1067415\" srcset=\"https:\/\/dimensionturistica.com\/es\/wp-content\/uploads\/2025\/10\/unnamed-1-1-1024x683.jpg 1024w, https:\/\/dimensionturistica.com\/es\/wp-content\/uploads\/2025\/10\/unnamed-1-1-300x200.jpg 300w, https:\/\/dimensionturistica.com\/es\/wp-content\/uploads\/2025\/10\/unnamed-1-1-768x512.jpg 768w, https:\/\/dimensionturistica.com\/es\/wp-content\/uploads\/2025\/10\/unnamed-1-1-1536x1024.jpg 1536w, https:\/\/dimensionturistica.com\/es\/wp-content\/uploads\/2025\/10\/unnamed-1-1-2048x1365.jpg 2048w, https:\/\/dimensionturistica.com\/es\/wp-content\/uploads\/2025\/10\/unnamed-1-1-750x500.jpg 750w, https:\/\/dimensionturistica.com\/es\/wp-content\/uploads\/2025\/10\/unnamed-1-1-1140x760.jpg 1140w\" sizes=\"(max-width: 1024px) 100vw, 1024px\" \/><\/figure>\n<\/figure>\n\n\n\n<p>Con el objetivo de promover, preservar las tradiciones y honrar a los difuntos, durante una semana se realizar\u00e1n diversas actividades art\u00edsticas y culturales como: el desfile de mojigangas de calaveras, concursos de catrinas, de pan de muerto y de altares de muertos, exposiciones de artesan\u00edas, la caracter\u00edstica \u201ccallejoneada\u201d, que consiste en un recorrido nocturno de la Casa de Cultura al pante\u00f3n, \u201cnoches de leyendas\u201d en el pante\u00f3n, entre muchas sorpresas m\u00e1s.<\/p>\n\n\n\n<p>Adem\u00e1s encontrar\u00e1n una oferta gastron\u00f3mica muy diversa entre platillos t\u00edpicos locales exquisitos destacando las tortas ahogadas; sopitos que contienen carne deshebrada en salsa &nbsp;con cebolla, lechuga y queso en una tortilla de ma\u00edz dorada y la cuachala, guiso a base de pollo con chile cuachalo, mejor conocido como chile guajillo.<\/p>\n\n\n\n<figure class=\"wp-block-gallery has-nested-images columns-default is-cropped wp-block-gallery-3 is-layout-flex wp-block-gallery-is-layout-flex\">\n<figure class=\"wp-block-image size-large\"><img decoding=\"async\" width=\"500\" height=\"333\" data-id=\"1067419\" src=\"https:\/\/dimensionturistica.com\/es\/wp-content\/uploads\/2025\/10\/2SAYU.jpg\" alt=\"\" class=\"wp-image-1067419\" srcset=\"https:\/\/dimensionturistica.com\/es\/wp-content\/uploads\/2025\/10\/2SAYU.jpg 500w, https:\/\/dimensionturistica.com\/es\/wp-content\/uploads\/2025\/10\/2SAYU-300x200.jpg 300w\" sizes=\"(max-width: 500px) 100vw, 500px\" \/><\/figure>\n<\/figure>\n\n\n\n<p>Tambi\u00e9n encontrar\u00e1n comida tradicional como tamales, enchiladas, birria de carne de res y chivo, enchiladas acompa\u00f1ada de la bebida cl\u00e1sica de la regi\u00f3n, el ponche de granada. Y en cuesti\u00f3n de postres, al ser un destino l\u00edder en producci\u00f3n de cajeta predominar\u00e1n los dulces hechos de manera artesanal a base de leche de vaca, asimismo podr\u00e1n degustar las jericallas y &nbsp;las glorias. Mientras deleitan el paladar disfrutar\u00e1n de m\u00fasica en vivo.<\/p>\n\n\n\n<p>Como parte de la experiencia se recomienda conocer sus calles y los lugares m\u00e1s emblem\u00e1ticos del Pueblo M\u00e1gico de Sayula, joyas arquitect\u00f3nicas que destacan por su incre\u00edble historia, cultura, ya sea a pie o por medio de su ic\u00f3nico tranv\u00eda.<\/p>\n\n\n\n<figure class=\"wp-block-gallery has-nested-images columns-default is-cropped wp-block-gallery-4 is-layout-flex wp-block-gallery-is-layout-flex\">\n<figure class=\"wp-block-image size-large\"><img decoding=\"async\" width=\"500\" height=\"333\" data-id=\"1067420\" src=\"https:\/\/dimensionturistica.com\/es\/wp-content\/uploads\/2025\/10\/4SAYU.jpg\" alt=\"\" class=\"wp-image-1067420\" srcset=\"https:\/\/dimensionturistica.com\/es\/wp-content\/uploads\/2025\/10\/4SAYU.jpg 500w, https:\/\/dimensionturistica.com\/es\/wp-content\/uploads\/2025\/10\/4SAYU-300x200.jpg 300w\" sizes=\"(max-width: 500px) 100vw, 500px\" \/><\/figure>\n<\/figure>\n\n\n\n<p>Entre los sitios que no pueden dejar de visitar est\u00e1n: el imponente Templo de la Inmaculada Concepci\u00f3n, el Museo de Arte Sacro, la f\u00e1brica de los &nbsp;\u201cCuchillos Ojeda\u201d, un negocio familiar que ha pasado de generaci\u00f3n en generaci\u00f3n reconocidos por elaborar cuchillos con materiales ex\u00f3ticos, de alta calidad y por la creaci\u00f3n de piezas artesanales \u00fanicas, y la Laguna de Sayula, un espacio natural de gran belleza.<\/p>\n\n\n\n<figure class=\"wp-block-gallery has-nested-images columns-default is-cropped wp-block-gallery-5 is-layout-flex wp-block-gallery-is-layout-flex\">\n<figure class=\"wp-block-image size-large\"><img decoding=\"async\" width=\"500\" height=\"333\" data-id=\"1067421\" src=\"https:\/\/dimensionturistica.com\/es\/wp-content\/uploads\/2025\/10\/6SAYU.jpg\" alt=\"\" class=\"wp-image-1067421\" srcset=\"https:\/\/dimensionturistica.com\/es\/wp-content\/uploads\/2025\/10\/6SAYU.jpg 500w, https:\/\/dimensionturistica.com\/es\/wp-content\/uploads\/2025\/10\/6SAYU-300x200.jpg 300w\" sizes=\"(max-width: 500px) 100vw, 500px\" \/><\/figure>\n<\/figure>\n\n\n\n<p>Asimismo se puede visitar el Santuario de Guadalupe, el antiguo Convento Franciscano, la Capilla de San Roque y la Casa de Cultura Juan Rulfo, en honor al c\u00e9lebre escritor oriundo.<\/p>\n\n\n\n<p>Durante el recorrido una de las actividades que es obligatoria presenciar es la puesta en escena sat\u00edrica \u201cEl \u00e1nima de Sayula\u201d porque es una leyenda tradicional local que representa la identidad cultural del pueblo, adem\u00e1s de ser considerada como la madre del albur mexicano, la cual fue escrita a finales del siglo XIX por el poeta Te\u00f3filo Pedroza.<\/p>\n\n\n\n<figure class=\"wp-block-gallery has-nested-images columns-default is-cropped wp-block-gallery-6 is-layout-flex wp-block-gallery-is-layout-flex\">\n<figure class=\"wp-block-image size-large\"><img decoding=\"async\" width=\"500\" height=\"333\" data-id=\"1067422\" src=\"https:\/\/dimensionturistica.com\/es\/wp-content\/uploads\/2025\/10\/11SAYU.jpg\" alt=\"\" class=\"wp-image-1067422\" srcset=\"https:\/\/dimensionturistica.com\/es\/wp-content\/uploads\/2025\/10\/11SAYU.jpg 500w, https:\/\/dimensionturistica.com\/es\/wp-content\/uploads\/2025\/10\/11SAYU-300x200.jpg 300w\" sizes=\"(max-width: 500px) 100vw, 500px\" \/><\/figure>\n<\/figure>\n\n\n\n<p>Sin duda, Sayula es un destino ideal para celebrar nuestras tradiciones de D\u00eda de Muertos por su misticismo y por las leyendas que lo identifican, d\u00e9jense sorprender por su magia y su historia colonial.<\/p>\n\n\n\n<p>Mayor informaci\u00f3n<\/p>\n\n\n\n<figure class=\"wp-block-embed\"><div class=\"wp-block-embed__wrapper\">\nhttps:\/\/www.facebook.com\/GobiernodeSayulajalisco\n<\/div><\/figure>\n\n\n\n<p>@Jalisco.esmexico &nbsp;&nbsp;&nbsp;&nbsp;#AlEstiloJalisco<\/p>\n","protected":false},"excerpt":{"rendered":"<p>Con motivo a las celebraciones del D\u00eda de Muertos se llevar\u00e1 a cabo el 11\u00b0 Festival de las \u00c1nimas del 26 de octubre al 02 de noviembre en cuatro puntos del Pueblo M\u00e1gico de Sayula ubicado al sur del Estado de Jalisco: en el Centro Hist\u00f3rico y en las comunidades Usmajac, El Reparo y Tamaliagua, [&hellip;]<\/p>\n","protected":false},"author":1,"featured_media":0,"comment_status":"open","ping_status":"closed","sticky":false,"template":"","format":"standard","meta":{"om_disable_all_campaigns":false,"jnews-multi-image_gallery":[],"jnews_single_post":[],"jnews_primary_category":[],"jnews_social_meta":[],"footnotes":""},"categories":[39],"tags":[],"class_list":["post-1067410","post","type-post","status-publish","format-standard","hentry","category-viajes"],"_links":{"self":[{"href":"https:\/\/dimensionturistica.com\/es\/wp-json\/wp\/v2\/posts\/1067410","targetHints":{"allow":["GET"]}}],"collection":[{"href":"https:\/\/dimensionturistica.com\/es\/wp-json\/wp\/v2\/posts"}],"about":[{"href":"https:\/\/dimensionturistica.com\/es\/wp-json\/wp\/v2\/types\/post"}],"author":[{"embeddable":true,"href":"https:\/\/dimensionturistica.com\/es\/wp-json\/wp\/v2\/users\/1"}],"replies":[{"embeddable":true,"href":"https:\/\/dimensionturistica.com\/es\/wp-json\/wp\/v2\/comments?post=1067410"}],"version-history":[{"count":1,"href":"https:\/\/dimensionturistica.com\/es\/wp-json\/wp\/v2\/posts\/1067410\/revisions"}],"predecessor-version":[{"id":1067423,"href":"https:\/\/dimensionturistica.com\/es\/wp-json\/wp\/v2\/posts\/1067410\/revisions\/1067423"}],"wp:attachment":[{"href":"https:\/\/dimensionturistica.com\/es\/wp-json\/wp\/v2\/media?parent=1067410"}],"wp:term":[{"taxonomy":"category","embeddable":true,"href":"https:\/\/dimensionturistica.com\/es\/wp-json\/wp\/v2\/categories?post=1067410"},{"taxonomy":"post_tag","embeddable":true,"href":"https:\/\/dimensionturistica.com\/es\/wp-json\/wp\/v2\/tags?post=1067410"}],"curies":[{"name":"wp","href":"https:\/\/api.w.org\/{rel}","templated":true}]}}