{"id":1067382,"date":"2025-10-27T22:47:32","date_gmt":"2025-10-27T22:47:32","guid":{"rendered":"https:\/\/dimensionturistica.com\/es\/?p=1067382"},"modified":"2025-10-27T22:47:32","modified_gmt":"2025-10-27T22:47:32","slug":"el-piloto-charles-leclerc-destaca-la-riviera-nayarit-como-su-lugar-favorito-o-deseado-para-vacacionar-en-mexico","status":"publish","type":"post","link":"https:\/\/dimensionturistica.com\/es\/el-piloto-charles-leclerc-destaca-la-riviera-nayarit-como-su-lugar-favorito-o-deseado-para-vacacionar-en-mexico\/","title":{"rendered":"\u00a0El piloto Charles Leclerc destaca la Riviera Nayarit como su lugar favorito o deseado para vacacionar en M\u00e9xico."},"content":{"rendered":"\n<figure class=\"wp-block-gallery has-nested-images columns-default is-cropped wp-block-gallery-1 is-layout-flex wp-block-gallery-is-layout-flex\">\n<figure class=\"wp-block-image size-large\"><img decoding=\"async\" width=\"500\" height=\"150\" data-id=\"1067383\" src=\"https:\/\/dimensionturistica.com\/es\/wp-content\/uploads\/2025\/10\/1NAYAR-2.jpg\" alt=\"\" class=\"wp-image-1067383\" srcset=\"https:\/\/dimensionturistica.com\/es\/wp-content\/uploads\/2025\/10\/1NAYAR-2.jpg 500w, https:\/\/dimensionturistica.com\/es\/wp-content\/uploads\/2025\/10\/1NAYAR-2-300x90.jpg 300w\" sizes=\"(max-width: 500px) 100vw, 500px\" \/><\/figure>\n<\/figure>\n\n\n\n<p>Durante las actividades Gran Premio de la Ciudad de M\u00e9xico 2025, el piloto brit\u00e1nico Lando Norris \u2014reconocido por su pasi\u00f3n por los viajes \u2014 fue cuestionado sobre cu\u00e1l ser\u00eda su destino favorito o deseado para visitar en M\u00e9xico, por lo que su colega, el monegasco Charles Leclerc recomend\u00f3 uno de sus lugares preferidos en el pa\u00eds:  Riviera Nayarit. Este respaldo de figuras de la F\u00f3rmula 1 reafirma el creciente atractivo de la regi\u00f3n como destino vacacional de alto perfil.<\/p>\n\n\n\n<figure class=\"wp-block-gallery has-nested-images columns-default is-cropped wp-block-gallery-2 is-layout-flex wp-block-gallery-is-layout-flex\">\n<figure class=\"wp-block-image size-large\"><img decoding=\"async\" width=\"500\" height=\"333\" data-id=\"1067387\" src=\"https:\/\/dimensionturistica.com\/es\/wp-content\/uploads\/2025\/10\/1NAYA.jpg\" alt=\"\" class=\"wp-image-1067387\" srcset=\"https:\/\/dimensionturistica.com\/es\/wp-content\/uploads\/2025\/10\/1NAYA.jpg 500w, https:\/\/dimensionturistica.com\/es\/wp-content\/uploads\/2025\/10\/1NAYA-300x200.jpg 300w\" sizes=\"(max-width: 500px) 100vw, 500px\" \/><\/figure>\n<\/figure>\n\n\n\n<p>Riviera Nayarit se extiende a lo largo de la costa del Pac\u00edfico mexicano y ofrece una combinaci\u00f3n \u00fanica de playas cristalinas, selva tropical, pueblos costeros y lujo vacacional.<\/p>\n\n\n\n<p>En sus m\u00e1s de 300 kil\u00f3metros de litoral se encuentran playas de arena fina y dorada, como la de Playa Punta Mita o Playa La Lancha, ideales para quienes buscan descansar bajo el sol, surfear o practicar paddle board. Adem\u00e1s, la regi\u00f3n es hogar de bah\u00edas resguardadas y aguas tranquilas que invitan a actividades familiares y a escenarios irrepetibles para atardeceres junto al mar.<\/p>\n\n\n\n<figure class=\"wp-block-gallery has-nested-images columns-default is-cropped wp-block-gallery-3 is-layout-flex wp-block-gallery-is-layout-flex\">\n<figure class=\"wp-block-image size-large\"><img decoding=\"async\" width=\"500\" height=\"280\" data-id=\"1067388\" src=\"https:\/\/dimensionturistica.com\/es\/wp-content\/uploads\/2025\/10\/2NAYA.jpg\" alt=\"\" class=\"wp-image-1067388\" srcset=\"https:\/\/dimensionturistica.com\/es\/wp-content\/uploads\/2025\/10\/2NAYA.jpg 500w, https:\/\/dimensionturistica.com\/es\/wp-content\/uploads\/2025\/10\/2NAYA-300x168.jpg 300w\" sizes=\"(max-width: 500px) 100vw, 500px\" \/><\/figure>\n<\/figure>\n\n\n\n<p>El destino tambi\u00e9n brinda una oferta hotelera de primer nivel: resorts frente al mar con spas, villas exclusivas y servicios de nivel internacional. En la Riviera Nayarit se puede disfrutar desde complejos de lujo con todo incluido hasta boutique resorts ecoconscientes que respetan la naturaleza y convive con los paisajes.<\/p>\n\n\n\n<p>&nbsp;Los visitantes pueden combinar bienestar, gastronom\u00eda de alta cocina con ingredientes locales y experiencias de relajaci\u00f3n en ambientes paradis\u00edacos. Todo ello con la comodidad de alojarse en instalaciones dise\u00f1adas para el descanso, los negocios, el deporte o el entretenimiento familiar.<\/p>\n\n\n\n<figure class=\"wp-block-gallery has-nested-images columns-default is-cropped wp-block-gallery-4 is-layout-flex wp-block-gallery-is-layout-flex\">\n<figure class=\"wp-block-image size-large\"><img decoding=\"async\" width=\"500\" height=\"333\" data-id=\"1067389\" src=\"https:\/\/dimensionturistica.com\/es\/wp-content\/uploads\/2025\/10\/3NAYA.jpg\" alt=\"\" class=\"wp-image-1067389\" srcset=\"https:\/\/dimensionturistica.com\/es\/wp-content\/uploads\/2025\/10\/3NAYA.jpg 500w, https:\/\/dimensionturistica.com\/es\/wp-content\/uploads\/2025\/10\/3NAYA-300x200.jpg 300w\" sizes=\"(max-width: 500px) 100vw, 500px\" \/><\/figure>\n<\/figure>\n\n\n\n<p>M\u00e1s all\u00e1 de la playa y el resort, Riviera Nayarit propone paisajes espectaculares y actividades para todos los gustos. Los visitantes pueden adentrarse en la selva tropical para observar flora y fauna, realizar excursiones en kayak por manglares, navegar para avistar ballenas jorobadas \u2013 durante la temporada \u2013 &nbsp;o explorar pintorescos pueblos costeros como Sayulita, famoso por su ambiente surf bohemio y su artesan\u00eda. As\u00ed, la regi\u00f3n se posiciona como un destino integral de sol y mar, lujo y naturaleza, tranquilidad y aventura.<\/p>\n\n\n\n<figure class=\"wp-block-gallery has-nested-images columns-default is-cropped wp-block-gallery-5 is-layout-flex wp-block-gallery-is-layout-flex\">\n<figure class=\"wp-block-image size-large\"><img decoding=\"async\" width=\"500\" height=\"309\" data-id=\"1067390\" src=\"https:\/\/dimensionturistica.com\/es\/wp-content\/uploads\/2025\/10\/5NAYA-1.jpg\" alt=\"\" class=\"wp-image-1067390\" srcset=\"https:\/\/dimensionturistica.com\/es\/wp-content\/uploads\/2025\/10\/5NAYA-1.jpg 500w, https:\/\/dimensionturistica.com\/es\/wp-content\/uploads\/2025\/10\/5NAYA-1-300x185.jpg 300w\" sizes=\"(max-width: 500px) 100vw, 500px\" \/><\/figure>\n<\/figure>\n\n\n\n<p>Con el respaldo de personalidades internacionales del automovilismo, Riviera Nayarit est\u00e1 consolidando su imagen como destino deseado para quienes buscan experiencias de alto nivel en M\u00e9xico. Su combinaci\u00f3n de belleza natural, servicios tur\u00edsticos de calidad y ambiente relajado la convierte en una opci\u00f3n sobresaliente para vacacionar, ya sea en pareja, en familia o en viaje de descanso tras la adrenalina de una temporada en la F\u00f3rmula 1.<\/p>\n\n\n\n<p>Para m\u00e1s informaci\u00f3n visita:<\/p>\n\n\n\n<figure class=\"wp-block-embed is-type-wp-embed is-provider-visit-nayarit wp-block-embed-visit-nayarit\"><div class=\"wp-block-embed__wrapper\">\n<blockquote class=\"wp-embedded-content\" data-secret=\"sHuW7i3UNT\"><a href=\"https:\/\/visitnayarit.travel\/\">Inicio Visit Nayarit 2025<\/a><\/blockquote><iframe loading=\"lazy\" class=\"wp-embedded-content\" sandbox=\"allow-scripts\" security=\"restricted\" style=\"position: absolute; visibility: hidden;\" title=\"&#8220;Inicio Visit Nayarit 2025&#8221; &#8212; Visit Nayarit\" src=\"https:\/\/visitnayarit.travel\/embed\/#?secret=NYDUZMHKzk#?secret=sHuW7i3UNT\" data-secret=\"sHuW7i3UNT\" width=\"500\" height=\"282\" frameborder=\"0\" marginwidth=\"0\" marginheight=\"0\" scrolling=\"no\"><\/iframe>\n<\/div><\/figure>\n","protected":false},"excerpt":{"rendered":"<p>Durante las actividades Gran Premio de la Ciudad de M\u00e9xico 2025, el piloto brit\u00e1nico Lando Norris \u2014reconocido por su pasi\u00f3n por los viajes \u2014 fue cuestionado sobre cu\u00e1l ser\u00eda su destino favorito o deseado para visitar en M\u00e9xico, por lo que su colega, el monegasco Charles Leclerc recomend\u00f3 uno de sus lugares preferidos en el [&hellip;]<\/p>\n","protected":false},"author":1,"featured_media":0,"comment_status":"open","ping_status":"closed","sticky":false,"template":"","format":"standard","meta":{"om_disable_all_campaigns":false,"jnews-multi-image_gallery":[],"jnews_single_post":[],"jnews_primary_category":[],"jnews_social_meta":[],"footnotes":""},"categories":[39],"tags":[],"class_list":["post-1067382","post","type-post","status-publish","format-standard","hentry","category-viajes"],"_links":{"self":[{"href":"https:\/\/dimensionturistica.com\/es\/wp-json\/wp\/v2\/posts\/1067382","targetHints":{"allow":["GET"]}}],"collection":[{"href":"https:\/\/dimensionturistica.com\/es\/wp-json\/wp\/v2\/posts"}],"about":[{"href":"https:\/\/dimensionturistica.com\/es\/wp-json\/wp\/v2\/types\/post"}],"author":[{"embeddable":true,"href":"https:\/\/dimensionturistica.com\/es\/wp-json\/wp\/v2\/users\/1"}],"replies":[{"embeddable":true,"href":"https:\/\/dimensionturistica.com\/es\/wp-json\/wp\/v2\/comments?post=1067382"}],"version-history":[{"count":1,"href":"https:\/\/dimensionturistica.com\/es\/wp-json\/wp\/v2\/posts\/1067382\/revisions"}],"predecessor-version":[{"id":1067391,"href":"https:\/\/dimensionturistica.com\/es\/wp-json\/wp\/v2\/posts\/1067382\/revisions\/1067391"}],"wp:attachment":[{"href":"https:\/\/dimensionturistica.com\/es\/wp-json\/wp\/v2\/media?parent=1067382"}],"wp:term":[{"taxonomy":"category","embeddable":true,"href":"https:\/\/dimensionturistica.com\/es\/wp-json\/wp\/v2\/categories?post=1067382"},{"taxonomy":"post_tag","embeddable":true,"href":"https:\/\/dimensionturistica.com\/es\/wp-json\/wp\/v2\/tags?post=1067382"}],"curies":[{"name":"wp","href":"https:\/\/api.w.org\/{rel}","templated":true}]}}