{"id":1067345,"date":"2025-10-27T22:01:09","date_gmt":"2025-10-27T22:01:09","guid":{"rendered":"https:\/\/dimensionturistica.com\/es\/?p=1067345"},"modified":"2025-10-27T22:01:09","modified_gmt":"2025-10-27T22:01:09","slug":"la-secretaria-de-turismo-de-jalisco-recibira-un-premio-por-su-labor-en-la-promocion-del-estado-y-en-particular-por-el-posicionamiento-de-tequila-como-destino-imperdible-de-mexico","status":"publish","type":"post","link":"https:\/\/dimensionturistica.com\/es\/la-secretaria-de-turismo-de-jalisco-recibira-un-premio-por-su-labor-en-la-promocion-del-estado-y-en-particular-por-el-posicionamiento-de-tequila-como-destino-imperdible-de-mexico\/","title":{"rendered":"La Secretar\u00eda de Turismo de Jalisco recibir\u00e1 un premio por su labor en la promoci\u00f3n del estado y, en particular, por el posicionamiento de Tequila como Destino Imperdible de M\u00e9xico."},"content":{"rendered":"\n<figure class=\"wp-block-gallery has-nested-images columns-default is-cropped wp-block-gallery-1 is-layout-flex wp-block-gallery-is-layout-flex\">\n<figure class=\"wp-block-image size-large\"><img decoding=\"async\" width=\"500\" height=\"237\" data-id=\"1067349\" src=\"https:\/\/dimensionturistica.com\/es\/wp-content\/uploads\/2025\/10\/11TEQUIS.jpg\" alt=\"\" class=\"wp-image-1067349\" srcset=\"https:\/\/dimensionturistica.com\/es\/wp-content\/uploads\/2025\/10\/11TEQUIS.jpg 500w, https:\/\/dimensionturistica.com\/es\/wp-content\/uploads\/2025\/10\/11TEQUIS-300x142.jpg 300w\" sizes=\"(max-width: 500px) 100vw, 500px\" \/><\/figure>\n<\/figure>\n\n\n\n<p>Para fortalecer el liderazgo tur\u00edstico del estado y posicionarlo ante el mundo, Tequila, Jalisco, ser\u00e1 la sede oficial de la d\u00e9cima edici\u00f3n del certamen \u201c100 Imperdibles de M\u00e9xico\u201d, una iniciativa que impulsa y proyecta \u2014a nivel nacional e internacional\u2014 lo mejor del territorio. &nbsp;<\/p>\n\n\n\n<figure class=\"wp-block-gallery has-nested-images columns-default is-cropped wp-block-gallery-2 is-layout-flex wp-block-gallery-is-layout-flex\">\n<figure class=\"wp-block-image size-large\"><img decoding=\"async\" width=\"500\" height=\"333\" data-id=\"1067350\" src=\"https:\/\/dimensionturistica.com\/es\/wp-content\/uploads\/2025\/10\/1TEQUIS.jpg\" alt=\"\" class=\"wp-image-1067350\" srcset=\"https:\/\/dimensionturistica.com\/es\/wp-content\/uploads\/2025\/10\/1TEQUIS.jpg 500w, https:\/\/dimensionturistica.com\/es\/wp-content\/uploads\/2025\/10\/1TEQUIS-300x200.jpg 300w\" sizes=\"(max-width: 500px) 100vw, 500px\" \/><\/figure>\n<\/figure>\n\n\n\n<p>La celebraci\u00f3n, programada para el 26 de marzo de 2026, marcar\u00e1 una d\u00e9cada de trabajo continuo del concurso tur\u00edstico con mayor participaci\u00f3n en los \u00faltimos a\u00f1os, con un registro de m\u00e1s de 6 millones de votos.<\/p>\n\n\n\n<p>La finalidad de los \u201c100 imperdibles de M\u00e9xico\u201d, es trabajar en favor del turismo nacional al reconocer las experiencias m\u00e1s destacadas de M\u00e9xico en categor\u00edas, cuyos ganadores son elegidos por turistas nacionales e internacionales, quienes votan en los sitios oficiales del certamen y en la Gu\u00eda Nacional de Turismo Discovery Quest M\u00e9xico.<\/p>\n\n\n\n<p>Como parte del programa, l\u00edderes del sector, creadores, representantes de medios de comunicaci\u00f3n y figuras clave del turismo nacional, llegar\u00e1n a Tequila el jueves previo al evento, para participar en una cena tem\u00e1tica dedicada a la cultura mexicana.<\/p>\n\n\n\n<figure class=\"wp-block-gallery has-nested-images columns-default is-cropped wp-block-gallery-3 is-layout-flex wp-block-gallery-is-layout-flex\">\n<figure class=\"wp-block-image size-large\"><img decoding=\"async\" width=\"500\" height=\"333\" data-id=\"1067351\" src=\"https:\/\/dimensionturistica.com\/es\/wp-content\/uploads\/2025\/10\/8TEQUIS.jpg\" alt=\"\" class=\"wp-image-1067351\" srcset=\"https:\/\/dimensionturistica.com\/es\/wp-content\/uploads\/2025\/10\/8TEQUIS.jpg 500w, https:\/\/dimensionturistica.com\/es\/wp-content\/uploads\/2025\/10\/8TEQUIS-300x200.jpg 300w\" sizes=\"(max-width: 500px) 100vw, 500px\" \/><\/figure>\n<\/figure>\n\n\n\n<p>Durante la jornada se rendir\u00e1 homenaje a los ganadores de la edici\u00f3n 2025 y se conmemorar\u00e1 el d\u00e9cimo aniversario del certamen \u201c100 Imperdibles de M\u00e9xico\u201d.<\/p>\n\n\n\n<figure class=\"wp-block-gallery has-nested-images columns-default is-cropped wp-block-gallery-4 is-layout-flex wp-block-gallery-is-layout-flex\">\n<figure class=\"wp-block-image size-large\"><img decoding=\"async\" width=\"500\" height=\"332\" data-id=\"1067352\" src=\"https:\/\/dimensionturistica.com\/es\/wp-content\/uploads\/2025\/10\/3TEQQIS.jpg\" alt=\"\" class=\"wp-image-1067352\" srcset=\"https:\/\/dimensionturistica.com\/es\/wp-content\/uploads\/2025\/10\/3TEQQIS.jpg 500w, https:\/\/dimensionturistica.com\/es\/wp-content\/uploads\/2025\/10\/3TEQQIS-300x199.jpg 300w\" sizes=\"(max-width: 500px) 100vw, 500px\" \/><\/figure>\n<\/figure>\n\n\n\n<p>Se otorgar\u00e1 un reconocimiento especial a la Secretar\u00eda de Turismo de Jalisco por su labor en la promoci\u00f3n del estado y, en particular, por el posicionamiento de Tequila como Destino Imperdible de M\u00e9xico.<\/p>\n\n\n\n<p>El nombramiento se suma a la lista de sedes emblem\u00e1ticas del certamen, junto con San Miguel de Allende, Playa del Carmen y Quer\u00e9taro.<\/p>\n\n\n\n<figure class=\"wp-block-gallery has-nested-images columns-default is-cropped wp-block-gallery-5 is-layout-flex wp-block-gallery-is-layout-flex\">\n<figure class=\"wp-block-image size-large\"><img decoding=\"async\" width=\"500\" height=\"333\" data-id=\"1067353\" src=\"https:\/\/dimensionturistica.com\/es\/wp-content\/uploads\/2025\/10\/2TEQUIS.jpg\" alt=\"\" class=\"wp-image-1067353\" srcset=\"https:\/\/dimensionturistica.com\/es\/wp-content\/uploads\/2025\/10\/2TEQUIS.jpg 500w, https:\/\/dimensionturistica.com\/es\/wp-content\/uploads\/2025\/10\/2TEQUIS-300x200.jpg 300w\" sizes=\"(max-width: 500px) 100vw, 500px\" \/><\/figure>\n<\/figure>\n\n\n\n<p>El evento contar\u00e1 con el respaldo de Mundo Cuervo, anfitri\u00f3n de esta edici\u00f3n. La Hacienda El Centenario, fungir\u00e1 como sede principal, en un espacio que articula patrimonio, vocaci\u00f3n tur\u00edstica e infraestructura para eventos de alto nivel.<\/p>\n\n\n\n<p>Cada experiencia seleccionada como imperdible por esta iniciativa constituye una invitaci\u00f3n a valorar y preservar lo mejor del territorio nacional.<\/p>\n\n\n\n<figure class=\"wp-block-gallery has-nested-images columns-default is-cropped wp-block-gallery-6 is-layout-flex wp-block-gallery-is-layout-flex\">\n<figure class=\"wp-block-image size-large\"><img decoding=\"async\" width=\"500\" height=\"333\" data-id=\"1067354\" src=\"https:\/\/dimensionturistica.com\/es\/wp-content\/uploads\/2025\/10\/7TEQUIS-1.jpg\" alt=\"\" class=\"wp-image-1067354\" srcset=\"https:\/\/dimensionturistica.com\/es\/wp-content\/uploads\/2025\/10\/7TEQUIS-1.jpg 500w, https:\/\/dimensionturistica.com\/es\/wp-content\/uploads\/2025\/10\/7TEQUIS-1-300x200.jpg 300w\" sizes=\"(max-width: 500px) 100vw, 500px\" \/><\/figure>\n<\/figure>\n\n\n\n<p>M\u00e9xico ofrece una diversidad de propuestas que permiten vivir el turismo desde m\u00faltiples enfoques; a trav\u00e9s de este ejercicio, se presenta una muestra que conecta con los sentidos, la identidad y la memoria colectiva, con el prop\u00f3sito de fortalecer el v\u00ednculo entre el pa\u00eds, sus habitantes y quienes lo visitan.<\/p>\n\n\n\n<p>Aunque los detalles del programa se mantienen en reserva, el comit\u00e9 organizador adelant\u00f3 que los asistentes vivir\u00e1n una muestra excepcional de lo mejor de M\u00e9xico en un solo lugar, con experiencias, sabores y expresiones culturales que reflejan la grandeza del pa\u00eds.<\/p>\n\n\n\n<p>La Secretar\u00eda de Turismo de Jalisco, y el comit\u00e9 organizador del certamen, invita a todos los negocios tur\u00edsticos del pa\u00eds a postular sus experiencias para ser parte de esta gran celebraci\u00f3n.<\/p>\n\n\n\n<figure class=\"wp-block-gallery has-nested-images columns-default is-cropped wp-block-gallery-7 is-layout-flex wp-block-gallery-is-layout-flex\">\n<figure class=\"wp-block-image size-large\"><img decoding=\"async\" width=\"500\" height=\"333\" data-id=\"1067355\" src=\"https:\/\/dimensionturistica.com\/es\/wp-content\/uploads\/2025\/10\/6TQUIS.jpg\" alt=\"\" class=\"wp-image-1067355\" srcset=\"https:\/\/dimensionturistica.com\/es\/wp-content\/uploads\/2025\/10\/6TQUIS.jpg 500w, https:\/\/dimensionturistica.com\/es\/wp-content\/uploads\/2025\/10\/6TQUIS-300x200.jpg 300w\" sizes=\"(max-width: 500px) 100vw, 500px\" \/><\/figure>\n<\/figure>\n\n\n\n<p>Para saber m\u00e1s:<\/p>\n\n\n\n<p>El certamen \u201c100 Imperdibles de M\u00e9xico\u201d, tiene como finalidad reconocer las experiencias tur\u00edsticas m\u00e1s representativas del pa\u00eds, promover la conservaci\u00f3n del patrimonio cultural y natural, y contribuir al posicionamiento de M\u00e9xico como destino de referencia a nivel internacional.<\/p>\n\n\n\n<p>Las nominaciones est\u00e1n abiertas en el portal oficial:100imperdiblesmx.com<\/p>\n","protected":false},"excerpt":{"rendered":"<p>Para fortalecer el liderazgo tur\u00edstico del estado y posicionarlo ante el mundo, Tequila, Jalisco, ser\u00e1 la sede oficial de la d\u00e9cima edici\u00f3n del certamen \u201c100 Imperdibles de M\u00e9xico\u201d, una iniciativa que impulsa y proyecta \u2014a nivel nacional e internacional\u2014 lo mejor del territorio. &nbsp; La celebraci\u00f3n, programada para el 26 de marzo de 2026, marcar\u00e1 [&hellip;]<\/p>\n","protected":false},"author":1,"featured_media":0,"comment_status":"open","ping_status":"closed","sticky":false,"template":"","format":"standard","meta":{"om_disable_all_campaigns":false,"jnews-multi-image_gallery":[],"jnews_single_post":[],"jnews_primary_category":[],"jnews_social_meta":[],"footnotes":""},"categories":[40],"tags":[],"class_list":["post-1067345","post","type-post","status-publish","format-standard","hentry","category-industria"],"_links":{"self":[{"href":"https:\/\/dimensionturistica.com\/es\/wp-json\/wp\/v2\/posts\/1067345","targetHints":{"allow":["GET"]}}],"collection":[{"href":"https:\/\/dimensionturistica.com\/es\/wp-json\/wp\/v2\/posts"}],"about":[{"href":"https:\/\/dimensionturistica.com\/es\/wp-json\/wp\/v2\/types\/post"}],"author":[{"embeddable":true,"href":"https:\/\/dimensionturistica.com\/es\/wp-json\/wp\/v2\/users\/1"}],"replies":[{"embeddable":true,"href":"https:\/\/dimensionturistica.com\/es\/wp-json\/wp\/v2\/comments?post=1067345"}],"version-history":[{"count":1,"href":"https:\/\/dimensionturistica.com\/es\/wp-json\/wp\/v2\/posts\/1067345\/revisions"}],"predecessor-version":[{"id":1067356,"href":"https:\/\/dimensionturistica.com\/es\/wp-json\/wp\/v2\/posts\/1067345\/revisions\/1067356"}],"wp:attachment":[{"href":"https:\/\/dimensionturistica.com\/es\/wp-json\/wp\/v2\/media?parent=1067345"}],"wp:term":[{"taxonomy":"category","embeddable":true,"href":"https:\/\/dimensionturistica.com\/es\/wp-json\/wp\/v2\/categories?post=1067345"},{"taxonomy":"post_tag","embeddable":true,"href":"https:\/\/dimensionturistica.com\/es\/wp-json\/wp\/v2\/tags?post=1067345"}],"curies":[{"name":"wp","href":"https:\/\/api.w.org\/{rel}","templated":true}]}}