{"id":1067328,"date":"2025-10-27T21:33:05","date_gmt":"2025-10-27T21:33:05","guid":{"rendered":"https:\/\/dimensionturistica.com\/es\/?p=1067328"},"modified":"2025-10-27T21:33:05","modified_gmt":"2025-10-27T21:33:05","slug":"alpura-honra-la-dualidad-entre-la-vida-y-la-muerte-desde-el-diseno","status":"publish","type":"post","link":"https:\/\/dimensionturistica.com\/es\/alpura-honra-la-dualidad-entre-la-vida-y-la-muerte-desde-el-diseno\/","title":{"rendered":"Alpura honra la dualidad entre la vida y la muerte desde el dise\u00f1o"},"content":{"rendered":"\n<figure class=\"wp-block-gallery has-nested-images columns-default is-cropped wp-block-gallery-1 is-layout-flex wp-block-gallery-is-layout-flex\">\n<figure class=\"wp-block-image size-large\"><img decoding=\"async\" width=\"500\" height=\"451\" data-id=\"1067335\" src=\"https:\/\/dimensionturistica.com\/es\/wp-content\/uploads\/2025\/10\/7ALPU.jpg\" alt=\"\" class=\"wp-image-1067335\" srcset=\"https:\/\/dimensionturistica.com\/es\/wp-content\/uploads\/2025\/10\/7ALPU.jpg 500w, https:\/\/dimensionturistica.com\/es\/wp-content\/uploads\/2025\/10\/7ALPU-300x271.jpg 300w\" sizes=\"(max-width: 500px) 100vw, 500px\" \/><\/figure>\n<\/figure>\n\n\n\n<p>Alpura lanz\u00f3 una edici\u00f3n especial de empaques con motivo del D\u00eda de Muertos. La propuesta visual celebra la conexi\u00f3n eterna entre la vida y la muerte y rinde homenaje a quienes ya no est\u00e1n, sin perder la esencia de la marca: \u201cPura pasi\u00f3n por la leche, pura pasi\u00f3n por la vida\u201d.<\/p>\n\n\n\n<figure class=\"wp-block-gallery has-nested-images columns-default is-cropped wp-block-gallery-2 is-layout-flex wp-block-gallery-is-layout-flex\">\n<figure class=\"wp-block-image size-large\"><img decoding=\"async\" width=\"394\" height=\"1024\" data-id=\"1067336\" src=\"https:\/\/dimensionturistica.com\/es\/wp-content\/uploads\/2025\/10\/1ALPU-394x1024.jpg\" alt=\"\" class=\"wp-image-1067336\" srcset=\"https:\/\/dimensionturistica.com\/es\/wp-content\/uploads\/2025\/10\/1ALPU-394x1024.jpg 394w, https:\/\/dimensionturistica.com\/es\/wp-content\/uploads\/2025\/10\/1ALPU-115x300.jpg 115w, https:\/\/dimensionturistica.com\/es\/wp-content\/uploads\/2025\/10\/1ALPU.jpg 500w\" sizes=\"(max-width: 394px) 100vw, 394px\" \/><\/figure>\n<\/figure>\n\n\n\n<p>El resultado son dos dise\u00f1os diferentes, uno para Leche Cl\u00e1sica de 1 litro y otro para Leche Deslactosada de 1 litro, ambos disponibles en tiendas de autoservicio, de conveniencia, mayoristas y tienditas tradicionales en todo el pa\u00eds, con una producci\u00f3n total de 47 millones de empaques.<\/p>\n\n\n\n<p>El dise\u00f1o muestra la dualidad de los mundos de los vivos y los muertos a trav\u00e9s de una divisi\u00f3n crom\u00e1tica en el envase. Del lado izquierdo, los tonos c\u00e1lidos del paisaje natural evocan los ranchos de Alpura y el mundo de los vivos, mientras que del lado derecho, los azules profundos, las calaveras, flores y el pan de muerto representan el mundo espiritual.<\/p>\n\n\n\n<p>En el centro, la vaca Alpura se convierte en un puente simb\u00f3lico entre ambos mundos. Su cuerpo decorado con flores y colores transmite la uni\u00f3n entre lo tangible y lo trascendente, recordando que la vida y la muerte forman parte de un mismo ciclo. Con la frase \u201cVivieron con pasi\u00f3n, los celebramos con pasi\u00f3n\u201d, Alpura busca reconocer a quienes vivieron intensamente y contin\u00faan inspirando a hacerlo.<\/p>\n\n\n\n<figure class=\"wp-block-gallery has-nested-images columns-default is-cropped wp-block-gallery-3 is-layout-flex wp-block-gallery-is-layout-flex\">\n<figure class=\"wp-block-image size-large\"><img decoding=\"async\" width=\"391\" height=\"1024\" data-id=\"1067337\" src=\"https:\/\/dimensionturistica.com\/es\/wp-content\/uploads\/2025\/10\/5ALPU-391x1024.jpg\" alt=\"\" class=\"wp-image-1067337\" srcset=\"https:\/\/dimensionturistica.com\/es\/wp-content\/uploads\/2025\/10\/5ALPU-391x1024.jpg 391w, https:\/\/dimensionturistica.com\/es\/wp-content\/uploads\/2025\/10\/5ALPU-115x300.jpg 115w, https:\/\/dimensionturistica.com\/es\/wp-content\/uploads\/2025\/10\/5ALPU.jpg 500w\" sizes=\"(max-width: 391px) 100vw, 391px\" \/><\/figure>\n<\/figure>\n\n\n\n<p>La marca quiso mantener un equilibrio entre el respeto por la tradici\u00f3n y su identidad visual contempor\u00e1nea, integrando elementos como la flor de cempas\u00fachil, que gu\u00eda el camino de las almas, y las flores azules, que representan la frescura y calidad que la caracterizan.<\/p>\n\n\n\n<p>Adri\u00e1n Alcal\u00e1 \u201cLarusso\u201d, gerente creativo de Alpura, explica que este dise\u00f1o es una declaraci\u00f3n de intenciones desde el anaquel. \u201cEstamos poniendo como punto central a nuestra vaquita, el origen de nuestra esencia, pero adapt\u00e1ndola con c\u00f3digos visuales que se entienden al instante\u201d.<\/p>\n\n\n\n<p>Para Alpura, este ejercicio de dise\u00f1o y storytelling visual refuerza el prop\u00f3sito de la marca, que es conectar emocionalmente desde la cotidianidad, a trav\u00e9s de empaques que invitan a recordar, celebrar y compartir.<\/p>\n\n\n\n<p>De esta manera, Alpura traslada su mensaje a millones de hogares mexicanos, uni\u00e9ndose a una tradici\u00f3n que celebra la memoria y el cari\u00f1o que permanece incluso despu\u00e9s de la muerte.<\/p>\n","protected":false},"excerpt":{"rendered":"<p>Alpura lanz\u00f3 una edici\u00f3n especial de empaques con motivo del D\u00eda de Muertos. La propuesta visual celebra la conexi\u00f3n eterna entre la vida y la muerte y rinde homenaje a quienes ya no est\u00e1n, sin perder la esencia de la marca: \u201cPura pasi\u00f3n por la leche, pura pasi\u00f3n por la vida\u201d. El resultado son dos [&hellip;]<\/p>\n","protected":false},"author":1,"featured_media":0,"comment_status":"open","ping_status":"closed","sticky":false,"template":"","format":"standard","meta":{"om_disable_all_campaigns":false,"jnews-multi-image_gallery":[],"jnews_single_post":[],"jnews_primary_category":[],"jnews_social_meta":[],"footnotes":""},"categories":[43],"tags":[],"class_list":["post-1067328","post","type-post","status-publish","format-standard","hentry","category-gourmet"],"_links":{"self":[{"href":"https:\/\/dimensionturistica.com\/es\/wp-json\/wp\/v2\/posts\/1067328","targetHints":{"allow":["GET"]}}],"collection":[{"href":"https:\/\/dimensionturistica.com\/es\/wp-json\/wp\/v2\/posts"}],"about":[{"href":"https:\/\/dimensionturistica.com\/es\/wp-json\/wp\/v2\/types\/post"}],"author":[{"embeddable":true,"href":"https:\/\/dimensionturistica.com\/es\/wp-json\/wp\/v2\/users\/1"}],"replies":[{"embeddable":true,"href":"https:\/\/dimensionturistica.com\/es\/wp-json\/wp\/v2\/comments?post=1067328"}],"version-history":[{"count":1,"href":"https:\/\/dimensionturistica.com\/es\/wp-json\/wp\/v2\/posts\/1067328\/revisions"}],"predecessor-version":[{"id":1067338,"href":"https:\/\/dimensionturistica.com\/es\/wp-json\/wp\/v2\/posts\/1067328\/revisions\/1067338"}],"wp:attachment":[{"href":"https:\/\/dimensionturistica.com\/es\/wp-json\/wp\/v2\/media?parent=1067328"}],"wp:term":[{"taxonomy":"category","embeddable":true,"href":"https:\/\/dimensionturistica.com\/es\/wp-json\/wp\/v2\/categories?post=1067328"},{"taxonomy":"post_tag","embeddable":true,"href":"https:\/\/dimensionturistica.com\/es\/wp-json\/wp\/v2\/tags?post=1067328"}],"curies":[{"name":"wp","href":"https:\/\/api.w.org\/{rel}","templated":true}]}}