{"id":1066767,"date":"2025-10-26T16:11:09","date_gmt":"2025-10-26T16:11:09","guid":{"rendered":"https:\/\/dimensionturistica.com\/es\/?p=1066767"},"modified":"2025-10-26T16:11:09","modified_gmt":"2025-10-26T16:11:09","slug":"la-cruz-roja-e-ibero-impulsan-consorcio-para-uso-etico-de-ia-en-la-busqueda-de-personas-desaparecidas","status":"publish","type":"post","link":"https:\/\/dimensionturistica.com\/es\/la-cruz-roja-e-ibero-impulsan-consorcio-para-uso-etico-de-ia-en-la-busqueda-de-personas-desaparecidas\/","title":{"rendered":"La Cruz Roja e IBERO Impulsan Consorcio para Uso \u00c9tico de IA en la B\u00fasqueda de Personas Desaparecidas"},"content":{"rendered":"\n<figure class=\"wp-block-gallery has-nested-images columns-default is-cropped wp-block-gallery-1 is-layout-flex wp-block-gallery-is-layout-flex\">\n<figure class=\"wp-block-image size-large\"><img decoding=\"async\" width=\"500\" height=\"214\" data-id=\"1066768\" src=\"https:\/\/dimensionturistica.com\/es\/wp-content\/uploads\/2025\/10\/1ibero.jpg\" alt=\"\" class=\"wp-image-1066768\" srcset=\"https:\/\/dimensionturistica.com\/es\/wp-content\/uploads\/2025\/10\/1ibero.jpg 500w, https:\/\/dimensionturistica.com\/es\/wp-content\/uploads\/2025\/10\/1ibero-300x128.jpg 300w\" sizes=\"(max-width: 500px) 100vw, 500px\" \/><\/figure>\n<\/figure>\n\n\n\n<p>Especialistas nacionales e internacionales se reunieron en la Ciudad de M\u00e9xico para participar en mesas de trabajo convocadas por el Comit\u00e9 Internacional de la Cruz Roja (CICR) y el Programa de Derechos Humanos (PDH) de la Universidad Iberoamericana, con el objetivo de conformar un consorcio para la tecnificaci\u00f3n de la b\u00fasqueda de personas desaparecidas. El encuentro reuni\u00f3 a instituciones acad\u00e9micas, organizaciones de la sociedad civil y laboratorios tecnol\u00f3gicos con el prop\u00f3sito de reflexionar sobre el uso responsable de la inteligencia artificial (IA) y los grandes modelos ling\u00fc\u00edsticos (LLM) en la b\u00fasqueda de personas desaparecidas.<\/p>\n\n\n\n<p>El encuentro parti\u00f3 de una premisa clara: la b\u00fasqueda y la identificaci\u00f3n forman un continuo inseparable cuyo objetivo \u00faltimo es restituir la identidad y la verdad sobre el paradero de una persona desaparecida. Frente al enorme volumen de informaci\u00f3n que contienen las carpetas de investigaci\u00f3n \u2014m\u00e1s de 130,000 en todo el pa\u00eds\u2014, las personas participantes analizaron c\u00f3mo la IA puede convertirse en una herramienta para procesar grandes cantidades de datos, establecer patrones y generar hip\u00f3tesis \u00fatiles para la investigaci\u00f3n y la localizaci\u00f3n.<\/p>\n\n\n\n<figure class=\"wp-block-gallery has-nested-images columns-default is-cropped wp-block-gallery-2 is-layout-flex wp-block-gallery-is-layout-flex\">\n<figure class=\"wp-block-image size-large\"><img decoding=\"async\" width=\"500\" height=\"243\" data-id=\"1066769\" src=\"https:\/\/dimensionturistica.com\/es\/wp-content\/uploads\/2025\/10\/2ibero.jpg\" alt=\"\" class=\"wp-image-1066769\" srcset=\"https:\/\/dimensionturistica.com\/es\/wp-content\/uploads\/2025\/10\/2ibero.jpg 500w, https:\/\/dimensionturistica.com\/es\/wp-content\/uploads\/2025\/10\/2ibero-300x146.jpg 300w\" sizes=\"(max-width: 500px) 100vw, 500px\" \/><\/figure>\n<\/figure>\n\n\n\n<p>A lo largo de las sesiones, se abordaron temas como la clasificaci\u00f3n automatizada de documentos, el reconocimiento facial en contextos forenses e hist\u00f3ricos, el uso de OCR y bases de datos ontol\u00f3gicas para an\u00e1lisis de expedientes, y la reconstrucci\u00f3n de im\u00e1genes mediante aprendizaje profundo. Se presentaron experiencias comparadas de pa\u00edses como Siria, Colombia y Chile, as\u00ed como resultados preliminares de proyectos desarrollados en M\u00e9xico, entre ellos el proyecto Angelus y herramientas de IA para identificaci\u00f3n humana a trav\u00e9s de tatuajes.<\/p>\n\n\n\n<p>Entre los ponentes destacaron representantes del International Information Management Program (IIMP), Guernica 37, AnarCoop, Lab-Co, INSA Toulouse, la Universidad Cat\u00f3lica de Chile y Data C\u00edvica quienes aportaron enfoques t\u00e9cnicos, \u00e9ticos y metodol\u00f3gicos para fortalecer las capacidades institucionales en materia de b\u00fasqueda.<\/p>\n\n\n\n<p>El encuentro concluy\u00f3 con una presentaci\u00f3n p\u00fablica el 17 de octubre en las instalaciones del Comit\u00e9 Internacional de la Cruz Roja (CICR), en el que se presentaron las l\u00edneas de trabajo propuestas por el consorcio. En su participaci\u00f3n, Andrea Horcasitas Mart\u00ednez y Antonio Trejo S\u00e1nchez, del equipo del Programa de Derechos Humanos de la IBERO, reafirmaron la importancia de articular el \u201cqu\u00e9\u201d \u2013las obligaciones estatales establecidas en el marco normativo\u2013 con el \u201cc\u00f3mo\u201d \u2013las metodolog\u00edas y tecnolog\u00edas necesarias\u2013 para garantizar el derecho de las familias a saber la suerte y el paradero de sus seres queridos.<\/p>\n\n\n\n<figure class=\"wp-block-gallery has-nested-images columns-default is-cropped wp-block-gallery-3 is-layout-flex wp-block-gallery-is-layout-flex\">\n<figure class=\"wp-block-image size-large\"><img decoding=\"async\" width=\"500\" height=\"285\" data-id=\"1066770\" src=\"https:\/\/dimensionturistica.com\/es\/wp-content\/uploads\/2025\/10\/6ibero.jpg\" alt=\"\" class=\"wp-image-1066770\" srcset=\"https:\/\/dimensionturistica.com\/es\/wp-content\/uploads\/2025\/10\/6ibero.jpg 500w, https:\/\/dimensionturistica.com\/es\/wp-content\/uploads\/2025\/10\/6ibero-300x171.jpg 300w\" sizes=\"(max-width: 500px) 100vw, 500px\" \/><\/figure>\n<\/figure>\n\n\n\n<p>En la presentaci\u00f3n participaron autoridades de la Ciudad de M\u00e9xico \u2013entre ellas la Fiscal\u00eda, la Comisi\u00f3n de b\u00fasqueda y la Agencia Digital de Innovaci\u00f3n P\u00fablica\u2013, as\u00ed como organizaciones de la sociedad civil y representantes de colectivos de distintos estados del pa\u00eds. &nbsp;<\/p>\n\n\n\n<p>Este consorcio es un esfuerzo m\u00e1s por parte de la Universidad Iberoamericana, a trav\u00e9s de su Programa de Derechos Humanos, de trabajar de forma conjunta con autoridades, academia, organizaciones de la sociedad civil y v\u00edctimas para atender los principales problemas que atraviesan de forma dolorosa al pa\u00eds. &nbsp;<\/p>\n","protected":false},"excerpt":{"rendered":"<p>Especialistas nacionales e internacionales se reunieron en la Ciudad de M\u00e9xico para participar en mesas de trabajo convocadas por el Comit\u00e9 Internacional de la Cruz Roja (CICR) y el Programa de Derechos Humanos (PDH) de la Universidad Iberoamericana, con el objetivo de conformar un consorcio para la tecnificaci\u00f3n de la b\u00fasqueda de personas desaparecidas. El [&hellip;]<\/p>\n","protected":false},"author":1,"featured_media":0,"comment_status":"open","ping_status":"closed","sticky":false,"template":"","format":"standard","meta":{"om_disable_all_campaigns":false,"jnews-multi-image_gallery":[],"jnews_single_post":[],"jnews_primary_category":[],"jnews_social_meta":[],"footnotes":""},"categories":[40],"tags":[],"class_list":["post-1066767","post","type-post","status-publish","format-standard","hentry","category-industria"],"_links":{"self":[{"href":"https:\/\/dimensionturistica.com\/es\/wp-json\/wp\/v2\/posts\/1066767","targetHints":{"allow":["GET"]}}],"collection":[{"href":"https:\/\/dimensionturistica.com\/es\/wp-json\/wp\/v2\/posts"}],"about":[{"href":"https:\/\/dimensionturistica.com\/es\/wp-json\/wp\/v2\/types\/post"}],"author":[{"embeddable":true,"href":"https:\/\/dimensionturistica.com\/es\/wp-json\/wp\/v2\/users\/1"}],"replies":[{"embeddable":true,"href":"https:\/\/dimensionturistica.com\/es\/wp-json\/wp\/v2\/comments?post=1066767"}],"version-history":[{"count":1,"href":"https:\/\/dimensionturistica.com\/es\/wp-json\/wp\/v2\/posts\/1066767\/revisions"}],"predecessor-version":[{"id":1066771,"href":"https:\/\/dimensionturistica.com\/es\/wp-json\/wp\/v2\/posts\/1066767\/revisions\/1066771"}],"wp:attachment":[{"href":"https:\/\/dimensionturistica.com\/es\/wp-json\/wp\/v2\/media?parent=1066767"}],"wp:term":[{"taxonomy":"category","embeddable":true,"href":"https:\/\/dimensionturistica.com\/es\/wp-json\/wp\/v2\/categories?post=1066767"},{"taxonomy":"post_tag","embeddable":true,"href":"https:\/\/dimensionturistica.com\/es\/wp-json\/wp\/v2\/tags?post=1066767"}],"curies":[{"name":"wp","href":"https:\/\/api.w.org\/{rel}","templated":true}]}}