{"id":1066756,"date":"2025-10-26T15:56:47","date_gmt":"2025-10-26T15:56:47","guid":{"rendered":"https:\/\/dimensionturistica.com\/es\/?p=1066756"},"modified":"2025-10-26T15:56:47","modified_gmt":"2025-10-26T15:56:47","slug":"fortalece-sectur-coordinacion-con-los-estados-en-reunion-con-las-y-los-secretarios-de-turismo-de-las-entidades","status":"publish","type":"post","link":"https:\/\/dimensionturistica.com\/es\/fortalece-sectur-coordinacion-con-los-estados-en-reunion-con-las-y-los-secretarios-de-turismo-de-las-entidades\/","title":{"rendered":"Fortalece Sectur coordinaci\u00f3n con los estados en reuni\u00f3n con las y los secretarios de Turismo de las entidades"},"content":{"rendered":"\n<p><\/p>\n\n\n\n<figure class=\"wp-block-gallery has-nested-images columns-default is-cropped wp-block-gallery-1 is-layout-flex wp-block-gallery-is-layout-flex\">\n<figure class=\"wp-block-image size-large\"><img decoding=\"async\" width=\"500\" height=\"71\" data-id=\"1066758\" src=\"https:\/\/dimensionturistica.com\/es\/wp-content\/uploads\/2025\/10\/1sectur.jpg\" alt=\"\" class=\"wp-image-1066758\" srcset=\"https:\/\/dimensionturistica.com\/es\/wp-content\/uploads\/2025\/10\/1sectur.jpg 500w, https:\/\/dimensionturistica.com\/es\/wp-content\/uploads\/2025\/10\/1sectur-300x43.jpg 300w\" sizes=\"(max-width: 500px) 100vw, 500px\" \/><\/figure>\n<\/figure>\n\n\n\n<p>Con el prop\u00f3sito de fortalecer la coordinaci\u00f3n entre los gobiernos estatales y el federal, y consolidar una visi\u00f3n conjunta para el desarrollo del turismo en el pa\u00eds como un generador de Prosperidad Compartida, la secretaria de Turismo del Gobierno de M\u00e9xico, Josefina Rodr\u00edguez Zamora, sostuvo una reuni\u00f3n de trabajo con las y los secretarios de Turismo del pa\u00eds.<\/p>\n\n\n\n<figure class=\"wp-block-gallery has-nested-images columns-default is-cropped wp-block-gallery-2 is-layout-flex wp-block-gallery-is-layout-flex\">\n<figure class=\"wp-block-image size-large\"><img decoding=\"async\" width=\"500\" height=\"333\" data-id=\"1066761\" src=\"https:\/\/dimensionturistica.com\/es\/wp-content\/uploads\/2025\/10\/8sectur.jpg\" alt=\"\" class=\"wp-image-1066761\" srcset=\"https:\/\/dimensionturistica.com\/es\/wp-content\/uploads\/2025\/10\/8sectur.jpg 500w, https:\/\/dimensionturistica.com\/es\/wp-content\/uploads\/2025\/10\/8sectur-300x200.jpg 300w\" sizes=\"(max-width: 500px) 100vw, 500px\" \/><\/figure>\n<\/figure>\n\n\n\n<p>Durante el encuentro se abordaron los principales temas de la agenda tur\u00edstica nacional, con la finalidad de alinear estrategias, consolidar acciones conjuntas que impulsen un turismo sostenible, competitivo e incluyente y compartir experiencias del sector.<\/p>\n\n\n\n<p>En su intervenci\u00f3n, la titular de la Secretar\u00eda de Turismo agradeci\u00f3 la participaci\u00f3n de las y los titulares estatales del ramo y destac\u00f3 que estas reuniones reflejan la uni\u00f3n y el compromiso del sector.<\/p>\n\n\n\n<p>\u201cAgradezco a todas y todos por su compromiso y por sumar esfuerzos en esta gran tarea de mostrar al mundo la riqueza de M\u00e9xico. Hoy reafirmamos que, trabajando en unidad, el turismo es una fuente de bienestar, orgullo y Prosperidad Compartida para nuestras comunidades\u201d, expres\u00f3.<\/p>\n\n\n\n<figure class=\"wp-block-gallery has-nested-images columns-default is-cropped wp-block-gallery-3 is-layout-flex wp-block-gallery-is-layout-flex\">\n<figure class=\"wp-block-image size-large\"><img decoding=\"async\" width=\"500\" height=\"333\" data-id=\"1066762\" src=\"https:\/\/dimensionturistica.com\/es\/wp-content\/uploads\/2025\/10\/2sectur.jpg\" alt=\"\" class=\"wp-image-1066762\" srcset=\"https:\/\/dimensionturistica.com\/es\/wp-content\/uploads\/2025\/10\/2sectur.jpg 500w, https:\/\/dimensionturistica.com\/es\/wp-content\/uploads\/2025\/10\/2sectur-300x200.jpg 300w\" sizes=\"(max-width: 500px) 100vw, 500px\" \/><\/figure>\n<\/figure>\n\n\n\n<p>Por su parte, el presidente de la Asociaci\u00f3n de Secretarios de Turismo (Asetur), Bernardo Cueto Riestra, subray\u00f3 el valor del trabajo conjunto entre las entidades federativas y la Federaci\u00f3n para consolidar al turismo como una prioridad nacional.<\/p>\n\n\n\n<p>\u201cDesde la Asetur hemos asumido con plena convicci\u00f3n la tarea de articular esfuerzos y representar la voz de los estados en esta gran estrategia nacional. Asetur es hoy un espacio de coordinaci\u00f3n t\u00e9cnica y pol\u00edtica que promueve el intercambio de experiencias y la construcci\u00f3n de soluciones compartidas frente a los desaf\u00edos del turismo moderno\u201d, se\u00f1al\u00f3.<\/p>\n\n\n\n<p>Entre los temas tratados durante la jornada destac\u00f3 la presentaci\u00f3n del Programa Sectorial de Turismo 2025\u20132030 (Prosectur), instrumento rector que alinea los esfuerzos de los gobiernos federal y estatales para impulsar el desarrollo regional, la atracci\u00f3n de inversiones, la gobernanza tur\u00edstica, la innovaci\u00f3n, la sostenibilidad y la diversificaci\u00f3n de mercados.<\/p>\n\n\n\n<p>Asimismo, se analiz\u00f3 la Reforma a la Ley General de Turismo, que busca actualizar el marco normativo del sector para alinearlo con el Plan Nacional de Desarrollo, bajo un enfoque de turismo social y comunitario que contribuya a la Prosperidad Compartida, la equidad y el desarrollo regional.<\/p>\n\n\n\n<figure class=\"wp-block-gallery has-nested-images columns-default is-cropped wp-block-gallery-4 is-layout-flex wp-block-gallery-is-layout-flex\">\n<figure class=\"wp-block-image size-large\"><img decoding=\"async\" width=\"500\" height=\"333\" data-id=\"1066763\" src=\"https:\/\/dimensionturistica.com\/es\/wp-content\/uploads\/2025\/10\/3sectur.jpg\" alt=\"\" class=\"wp-image-1066763\" srcset=\"https:\/\/dimensionturistica.com\/es\/wp-content\/uploads\/2025\/10\/3sectur.jpg 500w, https:\/\/dimensionturistica.com\/es\/wp-content\/uploads\/2025\/10\/3sectur-300x200.jpg 300w\" sizes=\"(max-width: 500px) 100vw, 500px\" \/><\/figure>\n<\/figure>\n\n\n\n<p>Durante la sesi\u00f3n se presentaron los preparativos para la participaci\u00f3n de M\u00e9xico como Pa\u00eds Invitado en la Feria Internacional de Turismo (FITUR 2026), que se llevar\u00e1 a cabo del 21 al 25 de enero en IFEMA Madrid, con la presencia de los 32 estados y una amplia agenda de actividades de promoci\u00f3n que incluir\u00e1 muestras gastron\u00f3micas, exposiciones, desfiles de moda, experiencias inmersivas y seminarios especializados.<\/p>\n\n\n\n<p>Tambi\u00e9n se dieron a conocer los avances del Tianguis Tur\u00edstico 2026, que tendr\u00e1 lugar en Acapulco, Guerrero, as\u00ed como los lineamientos para la participaci\u00f3n de los estados y la actualizaci\u00f3n de los Reconocimientos a la Innovaci\u00f3n del Producto Tur\u00edstico Mexicano.<\/p>\n\n\n\n<p>En el marco de las giras de promoci\u00f3n internacional, se invit\u00f3 a las y los representantes estatales a compartir sus prioridades para el pr\u00f3ximo a\u00f1o. Adem\u00e1s, se presentaron los proyectos especiales como M\u00e9xico de mis Sabores, que se realizar\u00e1 en Campo Marte durante la copa del Mundo, y Casa M\u00e9xico Los \u00c1ngeles 2026, espacio de diplomacia tur\u00edstica y cultural para promover a M\u00e9xico en el extranjero.<\/p>\n\n\n\n<figure class=\"wp-block-gallery has-nested-images columns-default is-cropped wp-block-gallery-5 is-layout-flex wp-block-gallery-is-layout-flex\">\n<figure class=\"wp-block-image size-large\"><img decoding=\"async\" width=\"500\" height=\"333\" data-id=\"1066764\" src=\"https:\/\/dimensionturistica.com\/es\/wp-content\/uploads\/2025\/10\/6sectuyr.jpg\" alt=\"\" class=\"wp-image-1066764\" srcset=\"https:\/\/dimensionturistica.com\/es\/wp-content\/uploads\/2025\/10\/6sectuyr.jpg 500w, https:\/\/dimensionturistica.com\/es\/wp-content\/uploads\/2025\/10\/6sectuyr-300x200.jpg 300w\" sizes=\"(max-width: 500px) 100vw, 500px\" \/><\/figure>\n<\/figure>\n\n\n\n<p>Asimismo, se anunciaron nuevos espacios de promoci\u00f3n tur\u00edstica como Punto M\u00e9xico, el Servicio Postal Mexicano (Sepomex) y Odisea M\u00e9xico, adem\u00e1s de los centros culturales de Cuba y Turqu\u00eda, los cuales permitir\u00e1n dar a conocer la riqueza artesanal, gastron\u00f3mica y cultural del pa\u00eds.<\/p>\n\n\n\n<p>Otro de los proyectos destacados fue Correos Clic, plataforma digital del Servicio Postal Mexicano que facilita la comercializaci\u00f3n de productos artesanales nacionales, fortaleciendo la econom\u00eda local y ampliando el alcance internacional de las y los creadores mexicanos.<\/p>\n\n\n\n<p>Finalmente, se acord\u00f3 impulsar campa\u00f1as de promoci\u00f3n y acciones solidarias en apoyo a los Pueblos M\u00e1gicos afectados por las recientes lluvias, con el objetivo de fortalecer su recuperaci\u00f3n econ\u00f3mica y social a trav\u00e9s del turismo.<\/p>\n\n\n\n<p>Con esta reuni\u00f3n, la Secretar\u00eda de Turismo refrenda su compromiso de trabajar de manera coordinada con las entidades federativas para fortalecer la unidad del sector e impulsar la innovaci\u00f3n, la sostenibilidad y la Prosperidad Compartida de las comunidades en todo el pa\u00eds.<\/p>\n\n\n\n<figure class=\"wp-block-gallery has-nested-images columns-default is-cropped wp-block-gallery-6 is-layout-flex wp-block-gallery-is-layout-flex\">\n<figure class=\"wp-block-image size-large\"><img decoding=\"async\" width=\"500\" height=\"333\" data-id=\"1066765\" src=\"https:\/\/dimensionturistica.com\/es\/wp-content\/uploads\/2025\/10\/5sectur.jpg\" alt=\"\" class=\"wp-image-1066765\" srcset=\"https:\/\/dimensionturistica.com\/es\/wp-content\/uploads\/2025\/10\/5sectur.jpg 500w, https:\/\/dimensionturistica.com\/es\/wp-content\/uploads\/2025\/10\/5sectur-300x200.jpg 300w\" sizes=\"(max-width: 500px) 100vw, 500px\" \/><\/figure>\n<\/figure>\n\n\n\n<p>Al encuentro asistieron los secretarios y secretarias de Turismo de: Baja California, Zaida Luz L\u00f3pez S\u00e1nchez; Chihuahua, Felipe Edibray G\u00f3mez Gallegos; Ciudad de M\u00e9xico, Alejandra Frausto Guerrero; Durango, Elisa Mar\u00eda Haro Ru\u00edz; Estado de M\u00e9xico, Nelly Minerva Carrasco God\u00ednez; Guanajuato, Mar\u00eda Guadalupe Robles Le\u00f3n; Guerrero, Sim\u00f3n Qui\u00f1ones Orozco; Michoac\u00e1n, Roberto Enrique Monroy Garc\u00eda; Morelos, Daniel Altafi Valladares; Nayarit, Juan Enrique Suarez Del Real Tostado; Puebla, Karla L\u00f3pez-Malo Viilal\u00f3n; San Luis Potos\u00ed, Yolanda Josefina Cepeda Echavarr\u00eda; Sinaloa, Mireya Sosa Osuna; Sonora, Roberto Gradillas Pineda; Tamaulipas, Benjam\u00edn Hern\u00e1ndez Rodr\u00edguez; Tlaxcala, Fabricio Mena Rodr\u00edguez; Veracruz, Igor Roji L\u00f3pez; Zacatecas, Le Roy Barrag\u00e1n Ocampo y el subsecretario de Turismo de Colima, Jorge Padilla Castillo; as\u00ed como representantes de los estados de Aguascalientes, Baja California Sur, Hidalgo, Jalisco, Nuevo Le\u00f3n, Oaxaca, Quer\u00e9taro, Tabasco y Yucat\u00e1n.<\/p>\n","protected":false},"excerpt":{"rendered":"<p>Con el prop\u00f3sito de fortalecer la coordinaci\u00f3n entre los gobiernos estatales y el federal, y consolidar una visi\u00f3n conjunta para el desarrollo del turismo en el pa\u00eds como un generador de Prosperidad Compartida, la secretaria de Turismo del Gobierno de M\u00e9xico, Josefina Rodr\u00edguez Zamora, sostuvo una reuni\u00f3n de trabajo con las y los secretarios de [&hellip;]<\/p>\n","protected":false},"author":1,"featured_media":0,"comment_status":"open","ping_status":"closed","sticky":false,"template":"","format":"standard","meta":{"om_disable_all_campaigns":false,"jnews-multi-image_gallery":[],"jnews_single_post":[],"jnews_primary_category":[],"jnews_social_meta":[],"footnotes":""},"categories":[39],"tags":[],"class_list":["post-1066756","post","type-post","status-publish","format-standard","hentry","category-viajes"],"_links":{"self":[{"href":"https:\/\/dimensionturistica.com\/es\/wp-json\/wp\/v2\/posts\/1066756","targetHints":{"allow":["GET"]}}],"collection":[{"href":"https:\/\/dimensionturistica.com\/es\/wp-json\/wp\/v2\/posts"}],"about":[{"href":"https:\/\/dimensionturistica.com\/es\/wp-json\/wp\/v2\/types\/post"}],"author":[{"embeddable":true,"href":"https:\/\/dimensionturistica.com\/es\/wp-json\/wp\/v2\/users\/1"}],"replies":[{"embeddable":true,"href":"https:\/\/dimensionturistica.com\/es\/wp-json\/wp\/v2\/comments?post=1066756"}],"version-history":[{"count":1,"href":"https:\/\/dimensionturistica.com\/es\/wp-json\/wp\/v2\/posts\/1066756\/revisions"}],"predecessor-version":[{"id":1066766,"href":"https:\/\/dimensionturistica.com\/es\/wp-json\/wp\/v2\/posts\/1066756\/revisions\/1066766"}],"wp:attachment":[{"href":"https:\/\/dimensionturistica.com\/es\/wp-json\/wp\/v2\/media?parent=1066756"}],"wp:term":[{"taxonomy":"category","embeddable":true,"href":"https:\/\/dimensionturistica.com\/es\/wp-json\/wp\/v2\/categories?post=1066756"},{"taxonomy":"post_tag","embeddable":true,"href":"https:\/\/dimensionturistica.com\/es\/wp-json\/wp\/v2\/tags?post=1066756"}],"curies":[{"name":"wp","href":"https:\/\/api.w.org\/{rel}","templated":true}]}}