{"id":1066748,"date":"2025-10-26T15:27:47","date_gmt":"2025-10-26T15:27:47","guid":{"rendered":"https:\/\/dimensionturistica.com\/es\/?p=1066748"},"modified":"2025-10-26T15:27:47","modified_gmt":"2025-10-26T15:27:47","slug":"la-perla-tapatia-recibe-el-premio-como-mejor-destino-de-ciudad-2025-en-mexico-por-pricetravel-holding","status":"publish","type":"post","link":"https:\/\/dimensionturistica.com\/es\/la-perla-tapatia-recibe-el-premio-como-mejor-destino-de-ciudad-2025-en-mexico-por-pricetravel-holding\/","title":{"rendered":"La Perla Tapat\u00eda recibe el premio como \u201cMejor destino de ciudad 2025\u201d en M\u00e9xico por PriceTravel Holding."},"content":{"rendered":"\n<figure class=\"wp-block-gallery has-nested-images columns-default is-cropped wp-block-gallery-1 is-layout-flex wp-block-gallery-is-layout-flex\">\n<figure class=\"wp-block-image size-large\"><img decoding=\"async\" width=\"378\" height=\"169\" data-id=\"1066749\" src=\"https:\/\/dimensionturistica.com\/es\/wp-content\/uploads\/2025\/10\/1GUADA-2.jpg\" alt=\"\" class=\"wp-image-1066749\" srcset=\"https:\/\/dimensionturistica.com\/es\/wp-content\/uploads\/2025\/10\/1GUADA-2.jpg 378w, https:\/\/dimensionturistica.com\/es\/wp-content\/uploads\/2025\/10\/1GUADA-2-300x134.jpg 300w\" sizes=\"(max-width: 378px) 100vw, 378px\" \/><\/figure>\n<\/figure>\n\n\n\n<p>La Perla Tapat\u00eda se consolida como un \u00edcono del turismo global. Guadalajara ha sido galardonada con el prestigioso reconocimiento de &#8220;Mejor Destino de Ciudad 2025&#8221; en los EVM Awards, los premios anuales organizados por PriceTravel Holding que reconocen la excelencia y a los principales impulsores de la industria tur\u00edstica.<\/p>\n\n\n\n<p>PriceTravel Holding, uno de los grupos tur\u00edsticos m\u00e1s importantes de Latinoam\u00e9rica y Estados Unidos, otorga esta distinci\u00f3n como testimonio del atractivo inigualable de la capital jalisciense, su riqueza cultural, su vibrante oferta gastron\u00f3mica, de entretenimiento y un compromiso puntual de la ciudad con la calidad en el servicio y la experiencia del viajero.<\/p>\n\n\n\n<figure class=\"wp-block-gallery has-nested-images columns-default is-cropped wp-block-gallery-2 is-layout-flex wp-block-gallery-is-layout-flex\">\n<figure class=\"wp-block-image size-large\"><img decoding=\"async\" width=\"500\" height=\"333\" data-id=\"1066750\" src=\"https:\/\/dimensionturistica.com\/es\/wp-content\/uploads\/2025\/10\/2GUADA-1.jpg\" alt=\"\" class=\"wp-image-1066750\" srcset=\"https:\/\/dimensionturistica.com\/es\/wp-content\/uploads\/2025\/10\/2GUADA-1.jpg 500w, https:\/\/dimensionturistica.com\/es\/wp-content\/uploads\/2025\/10\/2GUADA-1-300x200.jpg 300w\" sizes=\"(max-width: 500px) 100vw, 500px\" \/><\/figure>\n<\/figure>\n\n\n\n<p>Esta celebraci\u00f3n tuvo lugar en Canc\u00fan, en el marco del Canc\u00fan Travel Mart, y premi\u00f3 a los principales hoteles, cadenas hoteleras, operadores tur\u00edsticos y destinos que se destacaron en categor\u00edas como Mejor Complejo Todo Incluido, Hoteles para Familias, Hoteles Solo Adultos, Hoteles de Playa, Hoteles de Ciudad, entre otras; as\u00ed como a las Top Cadenas Hoteleras y Mejores Campa\u00f1as de Marketing de destino.<\/p>\n\n\n\n<figure class=\"wp-block-gallery has-nested-images columns-default is-cropped wp-block-gallery-3 is-layout-flex wp-block-gallery-is-layout-flex\">\n<figure class=\"wp-block-image size-large\"><img decoding=\"async\" width=\"500\" height=\"223\" data-id=\"1066751\" src=\"https:\/\/dimensionturistica.com\/es\/wp-content\/uploads\/2025\/10\/9GUADA-1.jpg\" alt=\"\" class=\"wp-image-1066751\" srcset=\"https:\/\/dimensionturistica.com\/es\/wp-content\/uploads\/2025\/10\/9GUADA-1.jpg 500w, https:\/\/dimensionturistica.com\/es\/wp-content\/uploads\/2025\/10\/9GUADA-1-300x134.jpg 300w\" sizes=\"(max-width: 500px) 100vw, 500px\" \/><\/figure>\n<\/figure>\n\n\n\n<p>Un reconocimiento al impulso tur\u00edstico y cultural<\/p>\n\n\n\n<p>Esta distinci\u00f3n en los EVM Awards reafirma a Guadalajara como un referente tur\u00edstico, destacando su capacidad para fusionar la tradici\u00f3n del mariachi y el tequila con la modernidad de una metr\u00f3polis cosmopolita. Tambi\u00e9n es un reflejo de los esfuerzos conjuntos entre el gobierno estatal, las autoridades municipales y la iniciativa privada para fortalecer la infraestructura tur\u00edstica, la conectividad y la promoci\u00f3n de la diversidad de atractivos de la regi\u00f3n, con m\u00faltiples acciones de marketing y relaciones p\u00fablicas que muestran la riqueza, diversidad y dinamismo de un destino ganador.<\/p>\n\n\n\n<p>&#8220;Haber recibido el EVM Award como mejor campa\u00f1a de marketing en M\u00e9xico reafirma nuestro compromiso de trabajo en conjunto con una admirada y responsable organizaci\u00f3n como lo es Price Travel. Jalisco es M\u00e9xico y Guadalajara la ciudad m\u00e1s mexicana, el sitio ideal para sentir la mexicanidad en toda su extensi\u00f3n.<\/p>\n\n\n\n<figure class=\"wp-block-gallery has-nested-images columns-default is-cropped wp-block-gallery-4 is-layout-flex wp-block-gallery-is-layout-flex\">\n<figure class=\"wp-block-image size-large\"><img decoding=\"async\" width=\"500\" height=\"331\" data-id=\"1066753\" src=\"https:\/\/dimensionturistica.com\/es\/wp-content\/uploads\/2025\/10\/4GUADA-1.jpg\" alt=\"\" class=\"wp-image-1066753\" srcset=\"https:\/\/dimensionturistica.com\/es\/wp-content\/uploads\/2025\/10\/4GUADA-1.jpg 500w, https:\/\/dimensionturistica.com\/es\/wp-content\/uploads\/2025\/10\/4GUADA-1-300x199.jpg 300w\" sizes=\"(max-width: 500px) 100vw, 500px\" \/><\/figure>\n<\/figure>\n\n\n\n<p>Celebro nuestra alianza estrat\u00e9gica y continua con Price Travel y BTC tanto en el leisure como en la industria de reuniones, Guadalajara\/ Price Travel forman un extraordinario equipo. \u00a1Que viva M\u00e9xico!&#8221; expres\u00f3 con orgullo y satisfacci\u00f3n, Gustavo Staufert, Director General de la Oficina de Visitantes y Convenciones de Guadalajara.<\/p>\n\n\n\n<figure class=\"wp-block-gallery has-nested-images columns-default is-cropped wp-block-gallery-5 is-layout-flex wp-block-gallery-is-layout-flex\">\n<figure class=\"wp-block-image size-large\"><img decoding=\"async\" width=\"500\" height=\"553\" data-id=\"1066752\" src=\"https:\/\/dimensionturistica.com\/es\/wp-content\/uploads\/2025\/10\/7GUADA-2.jpg\" alt=\"\" class=\"wp-image-1066752\" srcset=\"https:\/\/dimensionturistica.com\/es\/wp-content\/uploads\/2025\/10\/7GUADA-2.jpg 500w, https:\/\/dimensionturistica.com\/es\/wp-content\/uploads\/2025\/10\/7GUADA-2-271x300.jpg 271w\" sizes=\"(max-width: 500px) 100vw, 500px\" \/><\/figure>\n<\/figure>\n\n\n\n<p>Para mayor informaci\u00f3n:<\/p>\n\n\n\n<figure class=\"wp-block-embed is-type-wp-embed is-provider-guadalajara wp-block-embed-guadalajara\"><div class=\"wp-block-embed__wrapper\">\n<blockquote class=\"wp-embedded-content\" data-secret=\"8mA5qyWlFs\"><a href=\"https:\/\/visitagdl.com\/ofvc\/\">OFVC<\/a><\/blockquote><iframe loading=\"lazy\" class=\"wp-embedded-content\" sandbox=\"allow-scripts\" security=\"restricted\" style=\"position: absolute; visibility: hidden;\" title=\"\u00abOFVC\u00bb \u2014 Guadalajara\" src=\"https:\/\/visitagdl.com\/ofvc\/embed\/#?secret=roDz8xXxll#?secret=8mA5qyWlFs\" data-secret=\"8mA5qyWlFs\" width=\"500\" height=\"282\" frameborder=\"0\" marginwidth=\"0\" marginheight=\"0\" scrolling=\"no\"><\/iframe>\n<\/div><\/figure>\n","protected":false},"excerpt":{"rendered":"<p>La Perla Tapat\u00eda se consolida como un \u00edcono del turismo global. Guadalajara ha sido galardonada con el prestigioso reconocimiento de &#8220;Mejor Destino de Ciudad 2025&#8221; en los EVM Awards, los premios anuales organizados por PriceTravel Holding que reconocen la excelencia y a los principales impulsores de la industria tur\u00edstica. PriceTravel Holding, uno de los grupos [&hellip;]<\/p>\n","protected":false},"author":1,"featured_media":0,"comment_status":"open","ping_status":"closed","sticky":false,"template":"","format":"standard","meta":{"om_disable_all_campaigns":false,"jnews-multi-image_gallery":[],"jnews_single_post":[],"jnews_primary_category":[],"jnews_social_meta":[],"footnotes":""},"categories":[39],"tags":[],"class_list":["post-1066748","post","type-post","status-publish","format-standard","hentry","category-viajes"],"_links":{"self":[{"href":"https:\/\/dimensionturistica.com\/es\/wp-json\/wp\/v2\/posts\/1066748","targetHints":{"allow":["GET"]}}],"collection":[{"href":"https:\/\/dimensionturistica.com\/es\/wp-json\/wp\/v2\/posts"}],"about":[{"href":"https:\/\/dimensionturistica.com\/es\/wp-json\/wp\/v2\/types\/post"}],"author":[{"embeddable":true,"href":"https:\/\/dimensionturistica.com\/es\/wp-json\/wp\/v2\/users\/1"}],"replies":[{"embeddable":true,"href":"https:\/\/dimensionturistica.com\/es\/wp-json\/wp\/v2\/comments?post=1066748"}],"version-history":[{"count":1,"href":"https:\/\/dimensionturistica.com\/es\/wp-json\/wp\/v2\/posts\/1066748\/revisions"}],"predecessor-version":[{"id":1066754,"href":"https:\/\/dimensionturistica.com\/es\/wp-json\/wp\/v2\/posts\/1066748\/revisions\/1066754"}],"wp:attachment":[{"href":"https:\/\/dimensionturistica.com\/es\/wp-json\/wp\/v2\/media?parent=1066748"}],"wp:term":[{"taxonomy":"category","embeddable":true,"href":"https:\/\/dimensionturistica.com\/es\/wp-json\/wp\/v2\/categories?post=1066748"},{"taxonomy":"post_tag","embeddable":true,"href":"https:\/\/dimensionturistica.com\/es\/wp-json\/wp\/v2\/tags?post=1066748"}],"curies":[{"name":"wp","href":"https:\/\/api.w.org\/{rel}","templated":true}]}}