{"id":1066737,"date":"2025-10-26T15:07:12","date_gmt":"2025-10-26T15:07:12","guid":{"rendered":"https:\/\/dimensionturistica.com\/es\/?p=1066737"},"modified":"2025-10-26T15:07:12","modified_gmt":"2025-10-26T15:07:12","slug":"laelia-una-tradicion-que-trasciende-a-traves-del-destilado","status":"publish","type":"post","link":"https:\/\/dimensionturistica.com\/es\/laelia-una-tradicion-que-trasciende-a-traves-del-destilado\/","title":{"rendered":"Laelia: una tradici\u00f3n que trasciende a trav\u00e9s del destilado"},"content":{"rendered":"\n<figure class=\"wp-block-gallery has-nested-images columns-default is-cropped wp-block-gallery-1 is-layout-flex wp-block-gallery-is-layout-flex\">\n<figure class=\"wp-block-image size-large\"><img decoding=\"async\" width=\"500\" height=\"473\" data-id=\"1066738\" src=\"https:\/\/dimensionturistica.com\/es\/wp-content\/uploads\/2025\/10\/1LAELIA.jpg\" alt=\"\" class=\"wp-image-1066738\" srcset=\"https:\/\/dimensionturistica.com\/es\/wp-content\/uploads\/2025\/10\/1LAELIA.jpg 500w, https:\/\/dimensionturistica.com\/es\/wp-content\/uploads\/2025\/10\/1LAELIA-300x284.jpg 300w\" sizes=\"(max-width: 500px) 100vw, 500px\" \/><\/figure>\n<\/figure>\n\n\n\n<p>En Jalisco, el tiempo no solo pasa, se destila. Las manos que trabajan la tierra, los colores que iluminan los altares y el sonido de los mariachis en las calles son herencia viva de una regi\u00f3n donde cada gesto tiene memoria.<\/p>\n\n\n\n<p>En los pueblos agaveros, la tradici\u00f3n del D\u00eda de Muertos se entrelaza con una identidad colectiva que honra la vida a trav\u00e9s de los sentidos: la m\u00fasica, la tierra y el sabor. En este paisaje cultural, el tequila ocupa un lugar simb\u00f3lico, no solo como bebida, sino como herencia. Su proceso artesanal, del agave al destilado, representa el ciclo de transformaci\u00f3n que define al pueblo mexicano.<\/p>\n\n\n\n<figure class=\"wp-block-gallery has-nested-images columns-default is-cropped wp-block-gallery-2 is-layout-flex wp-block-gallery-is-layout-flex\">\n<figure class=\"wp-block-image size-large\"><img decoding=\"async\" width=\"500\" height=\"624\" data-id=\"1066739\" src=\"https:\/\/dimensionturistica.com\/es\/wp-content\/uploads\/2025\/10\/3LAELIA.jpg\" alt=\"\" class=\"wp-image-1066739\" srcset=\"https:\/\/dimensionturistica.com\/es\/wp-content\/uploads\/2025\/10\/3LAELIA.jpg 500w, https:\/\/dimensionturistica.com\/es\/wp-content\/uploads\/2025\/10\/3LAELIA-240x300.jpg 240w\" sizes=\"(max-width: 500px) 100vw, 500px\" \/><\/figure>\n<\/figure>\n\n\n\n<p>En esta regi\u00f3n donde el tequila naci\u00f3, las manos que trabajan la tierra tambi\u00e9n guardan historias. Durante generaciones, familias enteras han cultivado agave como un legado que se hereda m\u00e1s all\u00e1 de la t\u00e9cnica: una forma de vida donde el respeto por la tierra se convierte en tributo a los antepasados.<\/p>\n\n\n\n<figure class=\"wp-block-gallery has-nested-images columns-default is-cropped wp-block-gallery-3 is-layout-flex wp-block-gallery-is-layout-flex\">\n<figure class=\"wp-block-image size-large\"><img decoding=\"async\" width=\"500\" height=\"624\" data-id=\"1066740\" src=\"https:\/\/dimensionturistica.com\/es\/wp-content\/uploads\/2025\/10\/4LAELIA.jpg\" alt=\"\" class=\"wp-image-1066740\" srcset=\"https:\/\/dimensionturistica.com\/es\/wp-content\/uploads\/2025\/10\/4LAELIA.jpg 500w, https:\/\/dimensionturistica.com\/es\/wp-content\/uploads\/2025\/10\/4LAELIA-240x300.jpg 240w\" sizes=\"(max-width: 500px) 100vw, 500px\" \/><\/figure>\n<\/figure>\n\n\n\n<p>As\u00ed ocurre con la familia P\u00e9rez Ontiveros, guardianes del agave por cuatro generaciones, cuya experiencia y respeto por el ciclo natural inspiran el esp\u00edritu de Laelia. Esa herencia, preservada bajo la gu\u00eda del Maestro Tequilero Carlos R. Huizar, se traduce en un acto casi ritual: transformar el fruto de la tierra en un destilado que honra la memoria, la paciencia y la devoci\u00f3n.<\/p>\n\n\n\n<figure class=\"wp-block-gallery has-nested-images columns-default is-cropped wp-block-gallery-4 is-layout-flex wp-block-gallery-is-layout-flex\">\n<figure class=\"wp-block-image size-large\"><img decoding=\"async\" width=\"500\" height=\"749\" data-id=\"1066741\" src=\"https:\/\/dimensionturistica.com\/es\/wp-content\/uploads\/2025\/10\/8LAELIA.jpg\" alt=\"\" class=\"wp-image-1066741\" srcset=\"https:\/\/dimensionturistica.com\/es\/wp-content\/uploads\/2025\/10\/8LAELIA.jpg 500w, https:\/\/dimensionturistica.com\/es\/wp-content\/uploads\/2025\/10\/8LAELIA-200x300.jpg 200w\" sizes=\"(max-width: 500px) 100vw, 500px\" \/><\/figure>\n<\/figure>\n\n\n\n<p>Inspirada en las ra\u00edces culturales de su origen, Laelia encuentra en el D\u00eda de Muertos una expresi\u00f3n natural de su esencia: un tributo a lo que trasciende. Con su nombre tomado de una flor silvestre mexicana, la marca evoca la belleza de lo ef\u00edmero y la conexi\u00f3n entre naturaleza, arte y memoria.<\/p>\n\n\n\n<figure class=\"wp-block-gallery has-nested-images columns-default is-cropped wp-block-gallery-5 is-layout-flex wp-block-gallery-is-layout-flex\">\n<figure class=\"wp-block-image size-large\"><img decoding=\"async\" width=\"500\" height=\"333\" data-id=\"1066742\" src=\"https:\/\/dimensionturistica.com\/es\/wp-content\/uploads\/2025\/10\/2LAELIA.jpg\" alt=\"\" class=\"wp-image-1066742\" srcset=\"https:\/\/dimensionturistica.com\/es\/wp-content\/uploads\/2025\/10\/2LAELIA.jpg 500w, https:\/\/dimensionturistica.com\/es\/wp-content\/uploads\/2025\/10\/2LAELIA-300x200.jpg 300w\" sizes=\"(max-width: 500px) 100vw, 500px\" \/><\/figure>\n<\/figure>\n\n\n\n<p>\u201cEl D\u00eda de Muertos nos recuerda que lo que amamos permanece. En cada cosecha, en cada horno y en cada gota de tequila, celebramos nuestras tradiciones\u201d, comparte Fernando P\u00e9rez Ontiveros, fundador de Laelia.<\/p>\n\n\n\n<p>Este mes, Laelia invita a mirar el D\u00eda de Muertos m\u00e1s all\u00e1 de la tradici\u00f3n: como una oportunidad para reconectar con nuestras ra\u00edces y con los s\u00edmbolos que hacen de M\u00e9xico una cultura que honra el pasado mientras celebra el presente.<\/p>\n\n\n\n<figure class=\"wp-block-gallery has-nested-images columns-default is-cropped wp-block-gallery-6 is-layout-flex wp-block-gallery-is-layout-flex\">\n<figure class=\"wp-block-image size-large\"><img decoding=\"async\" width=\"500\" height=\"750\" data-id=\"1066743\" src=\"https:\/\/dimensionturistica.com\/es\/wp-content\/uploads\/2025\/10\/5LAELIA.jpg\" alt=\"\" class=\"wp-image-1066743\" srcset=\"https:\/\/dimensionturistica.com\/es\/wp-content\/uploads\/2025\/10\/5LAELIA.jpg 500w, https:\/\/dimensionturistica.com\/es\/wp-content\/uploads\/2025\/10\/5LAELIA-200x300.jpg 200w\" sizes=\"(max-width: 500px) 100vw, 500px\" \/><\/figure>\n<\/figure>\n\n\n\n<p>\u00a1Laelia, una tradici\u00f3n que se destila en la memoria!<\/p>\n","protected":false},"excerpt":{"rendered":"<p>En Jalisco, el tiempo no solo pasa, se destila. Las manos que trabajan la tierra, los colores que iluminan los altares y el sonido de los mariachis en las calles son herencia viva de una regi\u00f3n donde cada gesto tiene memoria. En los pueblos agaveros, la tradici\u00f3n del D\u00eda de Muertos se entrelaza con una [&hellip;]<\/p>\n","protected":false},"author":1,"featured_media":0,"comment_status":"open","ping_status":"closed","sticky":false,"template":"","format":"standard","meta":{"om_disable_all_campaigns":false,"jnews-multi-image_gallery":[],"jnews_single_post":[],"jnews_primary_category":[],"jnews_social_meta":[],"footnotes":""},"categories":[43],"tags":[],"class_list":["post-1066737","post","type-post","status-publish","format-standard","hentry","category-gourmet"],"_links":{"self":[{"href":"https:\/\/dimensionturistica.com\/es\/wp-json\/wp\/v2\/posts\/1066737","targetHints":{"allow":["GET"]}}],"collection":[{"href":"https:\/\/dimensionturistica.com\/es\/wp-json\/wp\/v2\/posts"}],"about":[{"href":"https:\/\/dimensionturistica.com\/es\/wp-json\/wp\/v2\/types\/post"}],"author":[{"embeddable":true,"href":"https:\/\/dimensionturistica.com\/es\/wp-json\/wp\/v2\/users\/1"}],"replies":[{"embeddable":true,"href":"https:\/\/dimensionturistica.com\/es\/wp-json\/wp\/v2\/comments?post=1066737"}],"version-history":[{"count":1,"href":"https:\/\/dimensionturistica.com\/es\/wp-json\/wp\/v2\/posts\/1066737\/revisions"}],"predecessor-version":[{"id":1066744,"href":"https:\/\/dimensionturistica.com\/es\/wp-json\/wp\/v2\/posts\/1066737\/revisions\/1066744"}],"wp:attachment":[{"href":"https:\/\/dimensionturistica.com\/es\/wp-json\/wp\/v2\/media?parent=1066737"}],"wp:term":[{"taxonomy":"category","embeddable":true,"href":"https:\/\/dimensionturistica.com\/es\/wp-json\/wp\/v2\/categories?post=1066737"},{"taxonomy":"post_tag","embeddable":true,"href":"https:\/\/dimensionturistica.com\/es\/wp-json\/wp\/v2\/tags?post=1066737"}],"curies":[{"name":"wp","href":"https:\/\/api.w.org\/{rel}","templated":true}]}}