{"id":1066549,"date":"2025-10-25T22:49:33","date_gmt":"2025-10-25T22:49:33","guid":{"rendered":"https:\/\/dimensionturistica.com\/es\/?p=1066549"},"modified":"2025-10-25T22:49:33","modified_gmt":"2025-10-25T22:49:33","slug":"5-estilos-de-outfits-con-jeans-negros-para-llevar-botas-marrones-en-otono-invierno-2025","status":"publish","type":"post","link":"https:\/\/dimensionturistica.com\/es\/5-estilos-de-outfits-con-jeans-negros-para-llevar-botas-marrones-en-otono-invierno-2025\/","title":{"rendered":"5 Estilos de Outfits con Jeans Negros para Llevar Botas Marrones en Oto\u00f1o-Invierno 2025"},"content":{"rendered":"<h3>La Combinaci\u00f3n Perfecta: Jeans Negros y Botas Caf\u00e9 para Oto\u00f1o-Invierno 2025<\/h3>\n<p>A medida que las temperaturas comienzan a descender, el armario se convierte en un lienzo donde se fusionan estilos, texturas y colores. Este a\u00f1o, una de las combinaciones m\u00e1s llamativas y vers\u00e1tiles que est\u00e1 acaparando la atenci\u00f3n es la de los jeans negros con botas caf\u00e9. Este d\u00fao no solo es ideal para lograr looks sofisticados, sino que tambi\u00e9n es perfecto para la temporada, aportando un aire c\u00e1lido y acogedor a cualquier conjunto.<\/p>\n<h4>1. <strong>La Base Perfecta: Jeans Negros<\/strong><\/h4>\n<p>Los jeans negros son un elemento esencial en cualquier guardarropa. Su versatilidad permite combinarlos con pr\u00e1cticamente cualquier prenda, desde blusas elegantes hasta sudaderas informales. Para esta temporada, opta por cortes que resalten la figura, como los skinny o los de pierna recta, que favorecen una silueta estilizada. Si buscas un toque moderno, considera los jeans con detalles rasgados o desgastes, que aportan un aire desenfadado al look.<\/p>\n<h4>2. <strong>Botas Caf\u00e9: El Complemento Ideal<\/strong><\/h4>\n<p>Las botas caf\u00e9, en sus diversas tonalidades desde el marr\u00f3n claro hasta el chocolate oscuro, son el complemento perfecto para los jeans negros. Este contraste no solo es visualmente atractivo, sino que tambi\u00e9n aporta un equilibrio que se traduce en un estilo audaz y sofisticado. Optar por botas de combate o de tac\u00f3n puede elevar el conjunto, convirti\u00e9ndolo en una opci\u00f3n elegante para una salida nocturna o una reuni\u00f3n de trabajo.<\/p>\n<h4>3. <strong>Texturas que Marcan la Diferencia<\/strong><\/h4>\n<p>La elecci\u00f3n de las texturas puede transformar completamente el look. Para el oto\u00f1o-invierno, combinar los jeans con un su\u00e9ter de lana gruesa o una chaqueta de cuero puede crear un equilibrio perfecto entre calidez y estilo. Los tejidos suaves como el cashmere o el algod\u00f3n org\u00e1nico no solo aportan confort, sino que tambi\u00e9n se alinean con las tendencias actuales de sostenibilidad en la moda.<\/p>\n<h4>4. <strong>Accesorios: La Cereza del Pastel<\/strong><\/h4>\n<p>Los accesorios son fundamentales para elevar cualquier atuendo. Un cintur\u00f3n de cuero grueso en tonos tierras complementa las botas mientras define la cintura, brindando una silueta m\u00e1s estilizada. No olvides considerar una bufanda de tejido ligero o un sombrero que agregue un toque personal al look. Los bolsos de mano en tonalidades neutras o en contraste tambi\u00e9n jugar\u00e1n un papel clave, ofreciendo funcionalidad y estilo.<\/p>\n<h4>5. <strong>Looks Adaptables para Diferentes Ocasiones<\/strong><\/h4>\n<p>La combinaci\u00f3n de jeans negros y botas caf\u00e9 es incre\u00edblemente adaptable. Para un d\u00eda casual, un top b\u00e1sico y una chaqueta oversized son opciones ideales. Para un evento m\u00e1s formal, agrega una camisa blanca y una blazer ajustada; el resultado es un conjunto perfecto tanto para la oficina como para una cena despu\u00e9s del trabajo.<\/p>\n<p>Con la llegada del oto\u00f1o-invierno 2025, la combinaci\u00f3n de jeans negros y botas caf\u00e9 se presenta como una opci\u00f3n infalible que combina estilo, confort y versatilidad. Es una elecci\u00f3n elegante y pr\u00e1ctica que se adapta a cualquier ocasi\u00f3n, asegurando que, sin importar el clima, la moda nunca pase desapercibida. Atr\u00e9vete a explorar y personalizar esta tendencia que seguramente no pasar\u00e1 desapercibida esta temporada.<\/p>\n<p><em> &#8221; Fuentes www.vogue.mx &#8221; <\/em><\/p>\n","protected":false},"excerpt":{"rendered":"<p>La Combinaci\u00f3n Perfecta: Jeans Negros y Botas Caf\u00e9 para Oto\u00f1o-Invierno 2025 A medida que las temperaturas comienzan a descender, el armario se convierte en un lienzo donde se fusionan estilos, texturas y colores. Este a\u00f1o, una de las combinaciones m\u00e1s llamativas y vers\u00e1tiles que est\u00e1 acaparando la atenci\u00f3n es la de los jeans negros con [&hellip;]<\/p>\n","protected":false},"author":14,"featured_media":1066550,"comment_status":"open","ping_status":"closed","sticky":false,"template":"","format":"standard","meta":{"om_disable_all_campaigns":false,"jnews-multi-image_gallery":[],"jnews_single_post":[],"jnews_primary_category":[],"jnews_social_meta":[],"footnotes":""},"categories":[144872],"tags":[27305,11710,216156,13061,5713,16596,215427,14971,659,4330,2182],"class_list":["post-1066549","post","type-post","status-publish","format-standard","has-post-thumbnail","hentry","category-fashion","tag-27305","tag-botas","tag-botas-cafe","tag-estilos","tag-invierno","tag-jeans","tag-jeans-negros","tag-looks","tag-moda","tag-otono","tag-tendencias"],"_links":{"self":[{"href":"https:\/\/dimensionturistica.com\/es\/wp-json\/wp\/v2\/posts\/1066549","targetHints":{"allow":["GET"]}}],"collection":[{"href":"https:\/\/dimensionturistica.com\/es\/wp-json\/wp\/v2\/posts"}],"about":[{"href":"https:\/\/dimensionturistica.com\/es\/wp-json\/wp\/v2\/types\/post"}],"author":[{"embeddable":true,"href":"https:\/\/dimensionturistica.com\/es\/wp-json\/wp\/v2\/users\/14"}],"replies":[{"embeddable":true,"href":"https:\/\/dimensionturistica.com\/es\/wp-json\/wp\/v2\/comments?post=1066549"}],"version-history":[{"count":1,"href":"https:\/\/dimensionturistica.com\/es\/wp-json\/wp\/v2\/posts\/1066549\/revisions"}],"predecessor-version":[{"id":1066551,"href":"https:\/\/dimensionturistica.com\/es\/wp-json\/wp\/v2\/posts\/1066549\/revisions\/1066551"}],"wp:featuredmedia":[{"embeddable":true,"href":"https:\/\/dimensionturistica.com\/es\/wp-json\/wp\/v2\/media\/1066550"}],"wp:attachment":[{"href":"https:\/\/dimensionturistica.com\/es\/wp-json\/wp\/v2\/media?parent=1066549"}],"wp:term":[{"taxonomy":"category","embeddable":true,"href":"https:\/\/dimensionturistica.com\/es\/wp-json\/wp\/v2\/categories?post=1066549"},{"taxonomy":"post_tag","embeddable":true,"href":"https:\/\/dimensionturistica.com\/es\/wp-json\/wp\/v2\/tags?post=1066549"}],"curies":[{"name":"wp","href":"https:\/\/api.w.org\/{rel}","templated":true}]}}