{"id":1066158,"date":"2025-10-24T23:18:54","date_gmt":"2025-10-24T23:18:54","guid":{"rendered":"https:\/\/dimensionturistica.com\/es\/?p=1066158"},"modified":"2025-10-24T23:18:54","modified_gmt":"2025-10-24T23:18:54","slug":"el-sendero-de-las-animas-2025-una-noche-de-fuego-mezcal-y-alta-cocina-oaxaquena","status":"publish","type":"post","link":"https:\/\/dimensionturistica.com\/es\/el-sendero-de-las-animas-2025-una-noche-de-fuego-mezcal-y-alta-cocina-oaxaquena\/","title":{"rendered":"El Sendero de las \u00c1nimas 2025 una noche de fuego, mezcal y alta cocina oaxaque\u00f1a"},"content":{"rendered":"\n<figure class=\"wp-block-gallery has-nested-images columns-default is-cropped wp-block-gallery-1 is-layout-flex wp-block-gallery-is-layout-flex\">\n<figure class=\"wp-block-image size-large\"><img decoding=\"async\" width=\"1024\" height=\"768\" data-id=\"1066159\" src=\"https:\/\/dimensionturistica.com\/es\/wp-content\/uploads\/2025\/10\/5f193365-0631-477c-8dd5-4ffc3fded7cb-1024x768.jpg\" alt=\"\" class=\"wp-image-1066159\" srcset=\"https:\/\/dimensionturistica.com\/es\/wp-content\/uploads\/2025\/10\/5f193365-0631-477c-8dd5-4ffc3fded7cb-1024x768.jpg 1024w, https:\/\/dimensionturistica.com\/es\/wp-content\/uploads\/2025\/10\/5f193365-0631-477c-8dd5-4ffc3fded7cb-300x225.jpg 300w, https:\/\/dimensionturistica.com\/es\/wp-content\/uploads\/2025\/10\/5f193365-0631-477c-8dd5-4ffc3fded7cb-768x576.jpg 768w, https:\/\/dimensionturistica.com\/es\/wp-content\/uploads\/2025\/10\/5f193365-0631-477c-8dd5-4ffc3fded7cb-750x563.jpg 750w, https:\/\/dimensionturistica.com\/es\/wp-content\/uploads\/2025\/10\/5f193365-0631-477c-8dd5-4ffc3fded7cb-1140x855.jpg 1140w, https:\/\/dimensionturistica.com\/es\/wp-content\/uploads\/2025\/10\/5f193365-0631-477c-8dd5-4ffc3fded7cb.jpg 1280w\" sizes=\"(max-width: 1024px) 100vw, 1024px\" \/><\/figure>\n<\/figure>\n\n\n\n<p>El restaurante Sendero celebra la tradici\u00f3n del D\u00eda de Muertos con el regreso de Sendero de \u00c1nimas, una experiencia multisensorial que envuelve cocina, m\u00fasica y artes textiles inspiradas en Oaxaca y su legado. En una cena a seis manos con maridaje de destilados de agave por Mezcal Oro de Oaxaca, convergen tradici\u00f3n, creatividad y brasas de la mano de tres talentos:<\/p>\n\n\n\n<figure class=\"wp-block-gallery has-nested-images columns-default is-cropped wp-block-gallery-2 is-layout-flex wp-block-gallery-is-layout-flex\">\n<figure class=\"wp-block-image size-large\"><img decoding=\"async\" width=\"500\" height=\"877\" data-id=\"1066160\" src=\"https:\/\/dimensionturistica.com\/es\/wp-content\/uploads\/2025\/10\/4SENDERO.jpg\" alt=\"\" class=\"wp-image-1066160\" srcset=\"https:\/\/dimensionturistica.com\/es\/wp-content\/uploads\/2025\/10\/4SENDERO.jpg 500w, https:\/\/dimensionturistica.com\/es\/wp-content\/uploads\/2025\/10\/4SENDERO-171x300.jpg 171w\" sizes=\"(max-width: 500px) 100vw, 500px\" \/><\/figure>\n<\/figure>\n\n\n\n<p>Charito Cruz, cocinera tradicional oaxaque\u00f1a, portadora de saberes ancestrales transmitidos de generaci\u00f3n en generaci\u00f3n.<\/p>\n\n\n\n<p>Pako Cort\u00e9s, chef de Cobarde, reconocido por su visi\u00f3n innovadora y respeto por el producto local.<\/p>\n\n\n\n<p>Rodrigo S\u00e1nchez, chef ejecutivo de Sendero, anfitri\u00f3n de la velada, que transforma la ra\u00edz mexicana en presente a trav\u00e9s del poder del fuego.<\/p>\n\n\n\n<figure class=\"wp-block-gallery has-nested-images columns-default is-cropped wp-block-gallery-3 is-layout-flex wp-block-gallery-is-layout-flex\">\n<figure class=\"wp-block-image size-large\"><img decoding=\"async\" width=\"500\" height=\"297\" data-id=\"1066161\" src=\"https:\/\/dimensionturistica.com\/es\/wp-content\/uploads\/2025\/10\/1SENDERO.jpg\" alt=\"\" class=\"wp-image-1066161\" srcset=\"https:\/\/dimensionturistica.com\/es\/wp-content\/uploads\/2025\/10\/1SENDERO.jpg 500w, https:\/\/dimensionturistica.com\/es\/wp-content\/uploads\/2025\/10\/1SENDERO-300x178.jpg 300w\" sizes=\"(max-width: 500px) 100vw, 500px\" \/><\/figure>\n<\/figure>\n\n\n\n<p>Seis tiempos, seis destilados. Cada pase del men\u00fa dialogar\u00e1 con expresiones de agave de Mezcal Oro de Oaxaca, resaltando complejidad, elegancia y diversidad de la bebida emblema del sur. La atm\u00f3sfera se elevar\u00e1 con m\u00fasica en vivo de Mar\u00eda Reyna, soprano mixe, cuya voz viaja de lo ancestral a lo contempor\u00e1neo en un mismo canto.<\/p>\n\n\n\n<p>\u201cEn Sendero de \u00c1nimas honramos a quienes nos preceden con fuego, ma\u00edz y mezcal. Es una celebraci\u00f3n viva donde la memoria se saborea y el arte se viste de cocina\u201d, comparte Rodrigo S\u00e1nchez, chef de Sendero.<\/p>\n\n\n\n<figure class=\"wp-block-gallery has-nested-images columns-default is-cropped wp-block-gallery-4 is-layout-flex wp-block-gallery-is-layout-flex\">\n<figure class=\"wp-block-image size-large\"><img decoding=\"async\" width=\"500\" height=\"862\" data-id=\"1066163\" src=\"https:\/\/dimensionturistica.com\/es\/wp-content\/uploads\/2025\/10\/5SENDERO.jpg\" alt=\"\" class=\"wp-image-1066163\" srcset=\"https:\/\/dimensionturistica.com\/es\/wp-content\/uploads\/2025\/10\/5SENDERO.jpg 500w, https:\/\/dimensionturistica.com\/es\/wp-content\/uploads\/2025\/10\/5SENDERO-174x300.jpg 174w\" sizes=\"(max-width: 500px) 100vw, 500px\" \/><\/figure>\n<\/figure>\n\n\n\n<p>Arte que se teje en tiempo real. El recorrido sensorial contin\u00faa con la obra de Nicandro L\u00f3pez, dise\u00f1ador oaxaque\u00f1o que teje identidad en hilos, colores y fibras naturales. Sus piezas dar\u00e1n vida a una \u201cCatrina Viva\u201d elaborada con petates oaxaque\u00f1os, s\u00edmbolo de tradici\u00f3n y misticismo. En paralelo, Mayra Mor\u00e1n ( Maia Hats ) intervendr\u00e1 sombreros en vivo inspirados en Oaxaca y la celebraci\u00f3n de Muertos, integrando moda a la experiencia.<\/p>\n\n\n\n<figure class=\"wp-block-gallery has-nested-images columns-default is-cropped wp-block-gallery-5 is-layout-flex wp-block-gallery-is-layout-flex\">\n<figure class=\"wp-block-image size-large\"><img decoding=\"async\" width=\"500\" height=\"500\" data-id=\"1066165\" src=\"https:\/\/dimensionturistica.com\/es\/wp-content\/uploads\/2025\/10\/6SENDERO.jpg\" alt=\"\" class=\"wp-image-1066165\" srcset=\"https:\/\/dimensionturistica.com\/es\/wp-content\/uploads\/2025\/10\/6SENDERO.jpg 500w, https:\/\/dimensionturistica.com\/es\/wp-content\/uploads\/2025\/10\/6SENDERO-300x300.jpg 300w, https:\/\/dimensionturistica.com\/es\/wp-content\/uploads\/2025\/10\/6SENDERO-150x150.jpg 150w, https:\/\/dimensionturistica.com\/es\/wp-content\/uploads\/2025\/10\/6SENDERO-75x75.jpg 75w, https:\/\/dimensionturistica.com\/es\/wp-content\/uploads\/2025\/10\/6SENDERO-350x350.jpg 350w\" sizes=\"(max-width: 500px) 100vw, 500px\" \/><\/figure>\n<\/figure>\n\n\n\n<p>Altar que nombra la memoria. En Sendero y la mezcaler\u00eda Tahona se presenta un altar de D\u00eda de Muertos dedicado a Mar\u00eda Sabina \u2014sabia mazateca y guardiana del conocimiento ancestral\u2014 y a Francisco Toledo, artista mayor que preserv\u00f3 el patrimonio cultural oaxaque\u00f1o. La instalaci\u00f3n se complementa con piezas del maestro ceramista Vicente Hern\u00e1ndez, cuyas formas fusionan tradici\u00f3n y contemporaneidad para envolver el espacio en luz, arte y ra\u00edz.<\/p>\n\n\n\n<p>Datos del evento<\/p>\n\n\n\n<figure class=\"wp-block-gallery has-nested-images columns-default is-cropped wp-block-gallery-6 is-layout-flex wp-block-gallery-is-layout-flex\">\n<figure class=\"wp-block-image size-large\"><img decoding=\"async\" width=\"500\" height=\"652\" data-id=\"1066167\" src=\"https:\/\/dimensionturistica.com\/es\/wp-content\/uploads\/2025\/10\/7SENDERO.jpg\" alt=\"\" class=\"wp-image-1066167\" srcset=\"https:\/\/dimensionturistica.com\/es\/wp-content\/uploads\/2025\/10\/7SENDERO.jpg 500w, https:\/\/dimensionturistica.com\/es\/wp-content\/uploads\/2025\/10\/7SENDERO-230x300.jpg 230w\" sizes=\"(max-width: 500px) 100vw, 500px\" \/><\/figure>\n<\/figure>\n\n\n\n<p>Fecha: 29 de octubre, 19:00 hrs<\/p>\n\n\n\n<p>Precio: $2,900 MXN por persona (incluye maridaje de mezcales)<\/p>\n\n\n\n<p>Reservaciones: Fever \u2022 OpenTable \u2022 Recepci\u00f3n de Sendero en JW Marriott Mexico City Polanco o al 55 59 99 00 66<\/p>\n\n\n\n<p>M\u00fasica en vivo: Mar\u00eda Reyna, soprano mixe<\/p>\n\n\n\n<p>Arte textil: Nicandro L\u00f3pez y Silvia Su\u00e1rez<\/p>\n\n\n\n<p>Intervenci\u00f3n en vivo: Sombreros de Mayra Mor\u00e1n (Maia Hats)<\/p>\n\n\n\n<figure class=\"wp-block-gallery has-nested-images columns-default is-cropped wp-block-gallery-7 is-layout-flex wp-block-gallery-is-layout-flex\">\n<figure class=\"wp-block-image size-large\"><img decoding=\"async\" width=\"500\" height=\"666\" data-id=\"1066168\" src=\"https:\/\/dimensionturistica.com\/es\/wp-content\/uploads\/2025\/10\/8SENDERO.jpg\" alt=\"\" class=\"wp-image-1066168\" srcset=\"https:\/\/dimensionturistica.com\/es\/wp-content\/uploads\/2025\/10\/8SENDERO.jpg 500w, https:\/\/dimensionturistica.com\/es\/wp-content\/uploads\/2025\/10\/8SENDERO-225x300.jpg 225w\" sizes=\"(max-width: 500px) 100vw, 500px\" \/><\/figure>\n<\/figure>\n\n\n\n<p>Instagram: @sendero.mexicocity<\/p>\n\n\n\n<p>Hashtag: #SenderoDeAnimas<\/p>\n\n\n\n<p>\u201cCada plato es memoria encendida y cada sorbo un rezo de agave. Oaxaca habita esta mesa, entre copal, canto y tejido.\u201d<\/p>\n\n\n\n<p>Compra tus lugares: Fever \u2022 OpenTable<\/p>\n\n\n\n<p>Sendero es una experiencia culinaria y art\u00edstica que celebra la gastronom\u00eda de M\u00e9xico y Am\u00e9rica Latina desde el coraz\u00f3n de Polanco. Bajo la visi\u00f3n del chef Rodrigo S\u00e1nchez, el men\u00fa entreteje tradici\u00f3n y contemporaneidad con ingredientes aut\u00e9nticos y t\u00e9cnica al fuego, en un viaje sensorial guiado por historia local y excelencia culinaria. JW Marriott, marca de lujo de Marriott International, ofrece retiros de bienestar hol\u00edstico que invitan a estar presentes en mente, nutridos en cuerpo y revitalizados en esp\u00edritu. Con m\u00e1s de 100 hoteles en 35+ pa\u00edses, participa en Marriott Bonvoy\u00ae, el programa global que brinda noches de cortes\u00eda y beneficios Elite. Conoce m\u00e1s en sus canales oficiales.<\/p>\n\n\n\n<p>IG: @sendero.mexicocity<\/p>\n\n\n\n<p>#D\u00edaDeMuertos #Oaxaca #Mezcal #CocinaMexicana #AltaCocina #Polanco #CDMX #Mar\u00edaReyna #ArteTextil #MaiaHats #MezcalOroDeOaxaca #JWMarriott #Sendero #SenderoDeAnimas<\/p>\n","protected":false},"excerpt":{"rendered":"<p>El restaurante Sendero celebra la tradici\u00f3n del D\u00eda de Muertos con el regreso de Sendero de \u00c1nimas, una experiencia multisensorial que envuelve cocina, m\u00fasica y artes textiles inspiradas en Oaxaca y su legado. En una cena a seis manos con maridaje de destilados de agave por Mezcal Oro de Oaxaca, convergen tradici\u00f3n, creatividad y brasas [&hellip;]<\/p>\n","protected":false},"author":1,"featured_media":0,"comment_status":"open","ping_status":"closed","sticky":false,"template":"","format":"standard","meta":{"om_disable_all_campaigns":false,"jnews-multi-image_gallery":[],"jnews_single_post":[],"jnews_primary_category":[],"jnews_social_meta":[],"footnotes":""},"categories":[43],"tags":[],"class_list":["post-1066158","post","type-post","status-publish","format-standard","hentry","category-gourmet"],"_links":{"self":[{"href":"https:\/\/dimensionturistica.com\/es\/wp-json\/wp\/v2\/posts\/1066158","targetHints":{"allow":["GET"]}}],"collection":[{"href":"https:\/\/dimensionturistica.com\/es\/wp-json\/wp\/v2\/posts"}],"about":[{"href":"https:\/\/dimensionturistica.com\/es\/wp-json\/wp\/v2\/types\/post"}],"author":[{"embeddable":true,"href":"https:\/\/dimensionturistica.com\/es\/wp-json\/wp\/v2\/users\/1"}],"replies":[{"embeddable":true,"href":"https:\/\/dimensionturistica.com\/es\/wp-json\/wp\/v2\/comments?post=1066158"}],"version-history":[{"count":1,"href":"https:\/\/dimensionturistica.com\/es\/wp-json\/wp\/v2\/posts\/1066158\/revisions"}],"predecessor-version":[{"id":1066169,"href":"https:\/\/dimensionturistica.com\/es\/wp-json\/wp\/v2\/posts\/1066158\/revisions\/1066169"}],"wp:attachment":[{"href":"https:\/\/dimensionturistica.com\/es\/wp-json\/wp\/v2\/media?parent=1066158"}],"wp:term":[{"taxonomy":"category","embeddable":true,"href":"https:\/\/dimensionturistica.com\/es\/wp-json\/wp\/v2\/categories?post=1066158"},{"taxonomy":"post_tag","embeddable":true,"href":"https:\/\/dimensionturistica.com\/es\/wp-json\/wp\/v2\/tags?post=1066158"}],"curies":[{"name":"wp","href":"https:\/\/api.w.org\/{rel}","templated":true}]}}