{"id":1066143,"date":"2025-10-24T22:49:23","date_gmt":"2025-10-24T22:49:23","guid":{"rendered":"https:\/\/dimensionturistica.com\/es\/?p=1066143"},"modified":"2025-10-24T22:49:23","modified_gmt":"2025-10-24T22:49:23","slug":"el-museo-del-axolote-celebra-la-7a-noche-del-axolotl-con-tradicion-arte-y-conciencia-ambiental","status":"publish","type":"post","link":"https:\/\/dimensionturistica.com\/es\/el-museo-del-axolote-celebra-la-7a-noche-del-axolotl-con-tradicion-arte-y-conciencia-ambiental\/","title":{"rendered":"El Museo del Axolote celebra la 7\u00aa Noche del Axolotl: con tradici\u00f3n, arte y conciencia ambiental"},"content":{"rendered":"\n<figure class=\"wp-block-gallery has-nested-images columns-default is-cropped wp-block-gallery-1 is-layout-flex wp-block-gallery-is-layout-flex\">\n<figure class=\"wp-block-image size-large\"><img decoding=\"async\" width=\"477\" height=\"447\" data-id=\"1066146\" src=\"https:\/\/dimensionturistica.com\/es\/wp-content\/uploads\/2025\/10\/1AJO.jpg\" alt=\"\" class=\"wp-image-1066146\" srcset=\"https:\/\/dimensionturistica.com\/es\/wp-content\/uploads\/2025\/10\/1AJO.jpg 477w, https:\/\/dimensionturistica.com\/es\/wp-content\/uploads\/2025\/10\/1AJO-300x281.jpg 300w\" sizes=\"(max-width: 477px) 100vw, 477px\" \/><\/figure>\n<\/figure>\n\n\n\n<p>El Museo del Axolote invita a vivir la magia de la 7\u00aa edici\u00f3n de la Noche del Axolotl, un evento que une la riqueza de la cultura mexicana con la protecci\u00f3n del emblem\u00e1tico ajolote, especie end\u00e9mica de Xochimilco y s\u00edmbolo de la biodiversidad nacional. La cita ser\u00e1 los d\u00edas 1 y 2 de noviembre, de 12:00 a 20:00 horas, en Casa Jaime Sabines, en el coraz\u00f3n de San \u00c1ngel, con entrada gratuita.<\/p>\n\n\n\n<figure class=\"wp-block-gallery has-nested-images columns-default is-cropped wp-block-gallery-2 is-layout-flex wp-block-gallery-is-layout-flex\">\n<figure class=\"wp-block-image size-large\"><img decoding=\"async\" width=\"500\" height=\"333\" data-id=\"1066150\" src=\"https:\/\/dimensionturistica.com\/es\/wp-content\/uploads\/2025\/10\/2AJO.jpg\" alt=\"\" class=\"wp-image-1066150\" srcset=\"https:\/\/dimensionturistica.com\/es\/wp-content\/uploads\/2025\/10\/2AJO.jpg 500w, https:\/\/dimensionturistica.com\/es\/wp-content\/uploads\/2025\/10\/2AJO-300x200.jpg 300w\" sizes=\"(max-width: 500px) 100vw, 500px\" \/><\/figure>\n<\/figure>\n\n\n\n<p>Durante esta celebraci\u00f3n, que coincide con el D\u00eda de Muertos, los visitantes podr\u00e1n sumergirse en un recorrido cultural y educativo donde el arte, la m\u00fasica, el teatro y la conciencia ambiental se entrelazan. Las familias disfrutar\u00e1n de talleres para pintar alcanc\u00edas de axolotes y decorar m\u00e1scaras con AJOLOTIUS, mientras exposiciones y montajes esc\u00e9nicos rinden homenaje a nuestras tradiciones.<\/p>\n\n\n\n<p>La programaci\u00f3n incluye m\u00fasica de Mitotiah Wave y MOCRE, presentaciones del Ensamble La Salle Pachuca y un concierto de trova, adem\u00e1s de la entra\u00f1able obra de teatro \u201cCalaveritas de az\u00facar\u201d a cargo de la compa\u00f1\u00eda IXACHI, que combina humor, reflexi\u00f3n y memoria colectiva.<\/p>\n\n\n\n<figure class=\"wp-block-gallery has-nested-images columns-default is-cropped wp-block-gallery-3 is-layout-flex wp-block-gallery-is-layout-flex\">\n<figure class=\"wp-block-image size-large\"><img decoding=\"async\" width=\"500\" height=\"625\" data-id=\"1066152\" src=\"https:\/\/dimensionturistica.com\/es\/wp-content\/uploads\/2025\/10\/4AJO.jpg\" alt=\"\" class=\"wp-image-1066152\" srcset=\"https:\/\/dimensionturistica.com\/es\/wp-content\/uploads\/2025\/10\/4AJO.jpg 500w, https:\/\/dimensionturistica.com\/es\/wp-content\/uploads\/2025\/10\/4AJO-240x300.jpg 240w\" sizes=\"(max-width: 500px) 100vw, 500px\" \/><\/figure>\n<\/figure>\n\n\n\n<p>Uno de los momentos m\u00e1s esperados ser\u00e1 la participaci\u00f3n de botargas de Gordita la Axolotita, dos ajolotes rosas, Josecito el axolotito y el carism\u00e1tico Dr. Simi, quienes acompa\u00f1ar\u00e1n a los asistentes en una experiencia llena de color y diversi\u00f3n, ideal para toda la familia.<\/p>\n\n\n\n<p>Este a\u00f1o, la ofrenda comunitaria honra a los hermanos palestinos, as\u00ed como a los reconocidos activistas Jane Goodall, Elena Larrea y Homero G\u00f3mez, junto con todas las vidas que han partido, como un s\u00edmbolo de empat\u00eda y uni\u00f3n entre los pueblos. Tambi\u00e9n invita a recordar a seres queridos y mascotas, fortaleciendo el esp\u00edritu de comunidad y solidaridad que caracteriza al evento.<\/p>\n\n\n\n<p>Adem\u00e1s, se presentar\u00e1n proyecciones y charlas que acercan al p\u00fablico al fascinante mundo del ajolote y la ciencia detr\u00e1s de su conservaci\u00f3n, entre ellas:<\/p>\n\n\n\n<p>\u00b7 \u201cAXOLOTITL\u00c1N: Encuentros de resiliencia y regeneraci\u00f3n\u201d, producido por el Museo del Axolote y RappiCard.<\/p>\n\n\n\n<p>\u00b7 \u201cBATSI el Ajolote y su Reflejo\u201d, documental de Ernesto Anaya.<\/p>\n\n\n\n<p>\u00b7 \u201cAhora soy un Axolote\u201d, realizado por la Universidad Iberoamericana.<\/p>\n\n\n\n<p>\u00b7 \u201cMonstruo de Agua\u201d, animaci\u00f3n de Kotik Villel.<\/p>\n\n\n\n<p>\u00b7 \u201cSalvar al axolote desde su ADN: gen\u00e9tica para la conservaci\u00f3n\u201d, charla impartida por Er\u00e9ndira Arana, bi\u00f3loga y estudiante de la Maestr\u00eda en Ciencias Biol\u00f3gicas en la UNAM.<\/p>\n\n\n\n<p>\u00b7 Presentaci\u00f3n del libro para colorear \u201cAJOLOTEANDO\u201d creado por el Museo del Axolote como una herramienta l\u00fadica que acerca a los ni\u00f1os y las familias al conocimiento y amor por esta especie. El libro tendr\u00e1 un costo simb\u00f3lico de $100 pesos, y todo lo recaudado ser\u00e1 destinado a la conservaci\u00f3n del ajolote.<\/p>\n\n\n\n<figure class=\"wp-block-gallery has-nested-images columns-default is-cropped wp-block-gallery-4 is-layout-flex wp-block-gallery-is-layout-flex\">\n<figure class=\"wp-block-image size-large\"><img decoding=\"async\" width=\"500\" height=\"333\" data-id=\"1066153\" src=\"https:\/\/dimensionturistica.com\/es\/wp-content\/uploads\/2025\/10\/3AJP.jpg\" alt=\"\" class=\"wp-image-1066153\" srcset=\"https:\/\/dimensionturistica.com\/es\/wp-content\/uploads\/2025\/10\/3AJP.jpg 500w, https:\/\/dimensionturistica.com\/es\/wp-content\/uploads\/2025\/10\/3AJP-300x200.jpg 300w\" sizes=\"(max-width: 500px) 100vw, 500px\" \/><\/figure>\n<\/figure>\n\n\n\n<p>Un libro para colorear, aprender y ayudar: cada trazo se convierte en un peque\u00f1o gesto por la vida del ajolote.<\/p>\n\n\n\n<p>Cada una de las actividades busca transmitir un mensaje claro: la preservaci\u00f3n de nuestra biodiversidad y el respeto por el patrimonio cultural van de la mano.<\/p>\n\n\n\n<p>\u201cEstamos emocionados de celebrar esta edici\u00f3n en este recinto y de ofrecer un programa que mezcla tradici\u00f3n, arte y educaci\u00f3n ambiental. Queremos que cada visitante se lleve un mensaje de cuidado hacia nuestro patrimonio natural y cultural\u201d, expres\u00f3 Pamela Valencia, fundadora del Museo del Axolote.<\/p>\n\n\n\n<p>El ajolote (Ambystoma mexicanum), conocido por su extraordinaria capacidad de regeneraci\u00f3n y su profundo v\u00ednculo con la identidad mexicana, contin\u00faa en peligro de extinci\u00f3n. La Noche del Axolotl no solo celebra la vida y las tradiciones mexicanas, sino que tambi\u00e9n busca inspirar a las nuevas generaciones a convertirse en guardianes de la naturaleza.<\/p>\n\n\n\n<p>Detalles del evento:<\/p>\n\n\n\n<p>\u00b7 Fechas: 1 y 2 de noviembre de 2025<\/p>\n\n\n\n<figure class=\"wp-block-gallery has-nested-images columns-default is-cropped wp-block-gallery-5 is-layout-flex wp-block-gallery-is-layout-flex\">\n<figure class=\"wp-block-image size-large\"><img decoding=\"async\" width=\"500\" height=\"621\" data-id=\"1066151\" src=\"https:\/\/dimensionturistica.com\/es\/wp-content\/uploads\/2025\/10\/7AJO.jpg\" alt=\"\" class=\"wp-image-1066151\" srcset=\"https:\/\/dimensionturistica.com\/es\/wp-content\/uploads\/2025\/10\/7AJO.jpg 500w, https:\/\/dimensionturistica.com\/es\/wp-content\/uploads\/2025\/10\/7AJO-242x300.jpg 242w\" sizes=\"(max-width: 500px) 100vw, 500px\" \/><\/figure>\n<\/figure>\n\n\n\n<p>\u00b7 Horario: 12:00 p.m. a 8:00 p.m.<\/p>\n\n\n\n<p>\u00b7 Lugar: Casa Jaime Sabines, Av. Revoluci\u00f3n 1747, San \u00c1ngel, \u00c1lvaro Obreg\u00f3n, CDMX<\/p>\n\n\n\n<p>\u00b7 Entrada: Gratuita<\/p>\n\n\n\n<p>\u00b7 Contacto: contacto@axolotitlan.mx | 5620 1100 35<\/p>\n\n\n\n<p>Para m\u00e1s informaci\u00f3n, visita museodelaxolote.org.mx o sigue las redes oficiales del Museo del Axolote.<\/p>\n","protected":false},"excerpt":{"rendered":"<p>El Museo del Axolote invita a vivir la magia de la 7\u00aa edici\u00f3n de la Noche del Axolotl, un evento que une la riqueza de la cultura mexicana con la protecci\u00f3n del emblem\u00e1tico ajolote, especie end\u00e9mica de Xochimilco y s\u00edmbolo de la biodiversidad nacional. La cita ser\u00e1 los d\u00edas 1 y 2 de noviembre, de [&hellip;]<\/p>\n","protected":false},"author":1,"featured_media":0,"comment_status":"open","ping_status":"closed","sticky":false,"template":"","format":"standard","meta":{"om_disable_all_campaigns":false,"jnews-multi-image_gallery":[],"jnews_single_post":[],"jnews_primary_category":[],"jnews_social_meta":[],"footnotes":""},"categories":[144872],"tags":[],"class_list":["post-1066143","post","type-post","status-publish","format-standard","hentry","category-fashion"],"_links":{"self":[{"href":"https:\/\/dimensionturistica.com\/es\/wp-json\/wp\/v2\/posts\/1066143","targetHints":{"allow":["GET"]}}],"collection":[{"href":"https:\/\/dimensionturistica.com\/es\/wp-json\/wp\/v2\/posts"}],"about":[{"href":"https:\/\/dimensionturistica.com\/es\/wp-json\/wp\/v2\/types\/post"}],"author":[{"embeddable":true,"href":"https:\/\/dimensionturistica.com\/es\/wp-json\/wp\/v2\/users\/1"}],"replies":[{"embeddable":true,"href":"https:\/\/dimensionturistica.com\/es\/wp-json\/wp\/v2\/comments?post=1066143"}],"version-history":[{"count":1,"href":"https:\/\/dimensionturistica.com\/es\/wp-json\/wp\/v2\/posts\/1066143\/revisions"}],"predecessor-version":[{"id":1066154,"href":"https:\/\/dimensionturistica.com\/es\/wp-json\/wp\/v2\/posts\/1066143\/revisions\/1066154"}],"wp:attachment":[{"href":"https:\/\/dimensionturistica.com\/es\/wp-json\/wp\/v2\/media?parent=1066143"}],"wp:term":[{"taxonomy":"category","embeddable":true,"href":"https:\/\/dimensionturistica.com\/es\/wp-json\/wp\/v2\/categories?post=1066143"},{"taxonomy":"post_tag","embeddable":true,"href":"https:\/\/dimensionturistica.com\/es\/wp-json\/wp\/v2\/tags?post=1066143"}],"curies":[{"name":"wp","href":"https:\/\/api.w.org\/{rel}","templated":true}]}}