{"id":1066123,"date":"2025-10-24T22:18:25","date_gmt":"2025-10-24T22:18:25","guid":{"rendered":"https:\/\/dimensionturistica.com\/es\/?p=1066123"},"modified":"2025-10-24T22:18:25","modified_gmt":"2025-10-24T22:18:25","slug":"los-paises-de-america-latina-se-preparan-para-la-conferencia-de-las-partes-cop11-en-ginebra-suiza-de-tabaco-2025","status":"publish","type":"post","link":"https:\/\/dimensionturistica.com\/es\/los-paises-de-america-latina-se-preparan-para-la-conferencia-de-las-partes-cop11-en-ginebra-suiza-de-tabaco-2025\/","title":{"rendered":"Los Pa\u00edses de Am\u00e9rica Latina se preparan para la Conferencia de las Partes (COP11) en Ginebra \u2013 Suiza de Tabaco 2025"},"content":{"rendered":"\n<figure class=\"wp-block-gallery has-nested-images columns-default is-cropped wp-block-gallery-1 is-layout-flex wp-block-gallery-is-layout-flex\">\n<figure class=\"wp-block-image size-large\"><img decoding=\"async\" width=\"500\" height=\"280\" data-id=\"1066136\" src=\"https:\/\/dimensionturistica.com\/es\/wp-content\/uploads\/2025\/10\/2taba.jpg\" alt=\"\" class=\"wp-image-1066136\" srcset=\"https:\/\/dimensionturistica.com\/es\/wp-content\/uploads\/2025\/10\/2taba.jpg 500w, https:\/\/dimensionturistica.com\/es\/wp-content\/uploads\/2025\/10\/2taba-300x168.jpg 300w\" sizes=\"(max-width: 500px) 100vw, 500px\" \/><\/figure>\n<\/figure>\n\n\n\n<p>Representes de la sociedad civil de Am\u00e9rica Latina hacen un llamado a maximizar la transparencia y a no tolerar la interferencia de la industria tabacalera. Regi\u00f3n de Am\u00e9rica Latina a 24 de octubre de 2025. Recientemente se llev\u00f3 a cabo la Pre Conferencia de las Partes de Tabaco 2025 (Pre COP) en la cual participaron representantes de los estados Partes del Convenio Marco de la OMS para el control del Tabaco (CMCT), del el Protocolo para la Eliminaci\u00f3n del Comercio Il\u00edcito de los Productos de Tabaco (Protocolo) y, representantes de la sociedad civil de Am\u00e9rica Latina. Esta reuni\u00f3n fue organizada por el Secretariado del CMCT y la Organizaci\u00f3n Panamericana de la Salud.<\/p>\n\n\n\n<p>Durante la Pre COP se analizaron temas clave para la agenda de la Und\u00e9cima Conferencia de las Partes, 2025 (COP 11) y la Cuarta sesi\u00f3n de la Reuni\u00f3n de las Partes en el Protocolo (MOP4), que se llevar\u00e1n a cabo del 17 al 26 de noviembre del 2025 en Ginebra, Suiza. Durante la reuni\u00f3n, que se aclararon dudas, discutieron posibles posiciones comunes, se comunicaron iniciativas regionales, y documentos t\u00e9cnicos\/log\u00edsticos que est\u00e1n en el sitio web de la COP11 y de la MOP4.<\/p>\n\n\n\n<p>En la reuni\u00f3n de la &nbsp;Pre-COP se hizo presente la sociedad civil de la regi\u00f3n de Am\u00e9rica Latina donde su mensaje se centr\u00f3 en la \u201cmaximizaci\u00f3n de la transparencia\u201d la cual implica que todo el proceso sea libre de interferencia de la industria tabacalera y se hizo un llamado a todos los pa\u00edses a que dentro de sus delegaciones no se abra las puertas a representantes de la industria dentro de la COP 11 \u201cno se tolerar\u00e1 ninguna interferencia de la industria tabacalera\u201d \u2013fue uno de los llamados puntales de la reuni\u00f3n (m\u00e1s informaci\u00f3n puede consultarse en la Gu\u00eda para delegados COP11 y MOP4).<\/p>\n\n\n\n<p>\u201cLa PreCOP de las Am\u00e9ricas reafirm\u00f3 el compromiso con la transparencia y la integridad del proceso de la COP y MOP, llamando a fortalecer la aplicaci\u00f3n del Art\u00edculo 5.3 del CMCT, movilizar el Art\u00edculo 19 sobre la responsabilidad jur\u00eddica de la industria tabacalera y mantener la vigilancia ante las estrategias de la industria \u2014desde la supuesta \u2018reducci\u00f3n de da\u00f1os\u2019 y \u2018transformaci\u00f3n\u2019 hasta sus renovadas t\u00e1cticas de publicidad y relaciones p\u00fablicas alrededor de los producto de tabaco y nicotina como los cigarrillos electr\u00f3nicos, productos de tabaco calentado, entre otros\u201d se\u00f1al\u00f3 Daniel Dorado de Corporate Accountability<\/p>\n\n\n\n<figure class=\"wp-block-gallery has-nested-images columns-default is-cropped wp-block-gallery-2 is-layout-flex wp-block-gallery-is-layout-flex\">\n<figure class=\"wp-block-image size-large\"><img decoding=\"async\" width=\"600\" height=\"425\" data-id=\"1066137\" src=\"https:\/\/dimensionturistica.com\/es\/wp-content\/uploads\/2025\/10\/1taba.jpg\" alt=\"\" class=\"wp-image-1066137\" srcset=\"https:\/\/dimensionturistica.com\/es\/wp-content\/uploads\/2025\/10\/1taba.jpg 600w, https:\/\/dimensionturistica.com\/es\/wp-content\/uploads\/2025\/10\/1taba-300x213.jpg 300w, https:\/\/dimensionturistica.com\/es\/wp-content\/uploads\/2025\/10\/1taba-120x86.jpg 120w\" sizes=\"(max-width: 600px) 100vw, 600px\" \/><\/figure>\n<\/figure>\n\n\n\n<p>Finalmente se hizo un llamado a que m\u00e1s partes se adhieran al Protocolo para la Eliminaci\u00f3n del Comercio Il\u00edcito ya que a la fecha solo 6 pa\u00edses de la regi\u00f3n son Parte.<\/p>\n\n\n\n<p>Registro a la COP y MOP<\/p>\n\n\n\n<p>Los corresponsales que deseen cubrir la COP11 y\/o MOP4 deben estar acreditados.<\/p>\n\n\n\n<p>De conformidad con las pol\u00edticas actuales de las Naciones Unidas para la acreditaci\u00f3n de los medios de comunicaci\u00f3n ante la Asamblea Mundial de la Salud, y de conformidad con las decisiones de la COP y la MOP FCTC\/COP8(12) y el FCTC\/MOP1(15).<\/p>\n\n\n\n<p>Inscripci\u00f3n para la COP11<\/p>\n\n\n\n<p>Inscripci\u00f3n para MOP4<\/p>\n\n\n\n<p>Se debe tener en cuenta que los periodistas deber\u00e1n proporcionar la siguiente informaci\u00f3n para completar su registro:<\/p>\n\n\n\n<p>Una carta firmada por su editor en jefe o supervisor equivalente, indicando el motivo de la acreditaci\u00f3n y las fechas solicitadas;<\/p>\n\n\n\n<p>Fotocopias de credenciales de prensa (credencial de prensa);<\/p>\n\n\n\n<p>Una copia de su pasaporte nacional.<\/p>\n\n\n\n<p>Una lista de tres de sus art\u00edculos publicados m\u00e1s recientes. Env\u00edelos a mediafctc@who.int.<\/p>\n\n\n\n<p>La inscripci\u00f3n de medios para la COP y la MOP cerrar\u00e1 el 3 de noviembre de 2025.<\/p>\n\n\n\n<p>Para cualquier consulta sobre la acreditaci\u00f3n de medios, p\u00f3ngase en contacto con mediafctc@who.int . Para obtener m\u00e1s informaci\u00f3n sobre el registro de medios, haga clic aqu\u00ed .<\/p>\n","protected":false},"excerpt":{"rendered":"<p>Representes de la sociedad civil de Am\u00e9rica Latina hacen un llamado a maximizar la transparencia y a no tolerar la interferencia de la industria tabacalera. Regi\u00f3n de Am\u00e9rica Latina a 24 de octubre de 2025. Recientemente se llev\u00f3 a cabo la Pre Conferencia de las Partes de Tabaco 2025 (Pre COP) en la cual participaron [&hellip;]<\/p>\n","protected":false},"author":1,"featured_media":0,"comment_status":"open","ping_status":"closed","sticky":false,"template":"","format":"standard","meta":{"om_disable_all_campaigns":false,"jnews-multi-image_gallery":[],"jnews_single_post":[],"jnews_primary_category":[],"jnews_social_meta":[],"footnotes":""},"categories":[40],"tags":[],"class_list":["post-1066123","post","type-post","status-publish","format-standard","hentry","category-industria"],"_links":{"self":[{"href":"https:\/\/dimensionturistica.com\/es\/wp-json\/wp\/v2\/posts\/1066123","targetHints":{"allow":["GET"]}}],"collection":[{"href":"https:\/\/dimensionturistica.com\/es\/wp-json\/wp\/v2\/posts"}],"about":[{"href":"https:\/\/dimensionturistica.com\/es\/wp-json\/wp\/v2\/types\/post"}],"author":[{"embeddable":true,"href":"https:\/\/dimensionturistica.com\/es\/wp-json\/wp\/v2\/users\/1"}],"replies":[{"embeddable":true,"href":"https:\/\/dimensionturistica.com\/es\/wp-json\/wp\/v2\/comments?post=1066123"}],"version-history":[{"count":1,"href":"https:\/\/dimensionturistica.com\/es\/wp-json\/wp\/v2\/posts\/1066123\/revisions"}],"predecessor-version":[{"id":1066138,"href":"https:\/\/dimensionturistica.com\/es\/wp-json\/wp\/v2\/posts\/1066123\/revisions\/1066138"}],"wp:attachment":[{"href":"https:\/\/dimensionturistica.com\/es\/wp-json\/wp\/v2\/media?parent=1066123"}],"wp:term":[{"taxonomy":"category","embeddable":true,"href":"https:\/\/dimensionturistica.com\/es\/wp-json\/wp\/v2\/categories?post=1066123"},{"taxonomy":"post_tag","embeddable":true,"href":"https:\/\/dimensionturistica.com\/es\/wp-json\/wp\/v2\/tags?post=1066123"}],"curies":[{"name":"wp","href":"https:\/\/api.w.org\/{rel}","templated":true}]}}