{"id":1066049,"date":"2025-10-24T18:19:38","date_gmt":"2025-10-24T18:19:38","guid":{"rendered":"https:\/\/dimensionturistica.com\/es\/?p=1066049"},"modified":"2025-10-24T18:19:38","modified_gmt":"2025-10-24T18:19:38","slug":"la-cumbre-internacional-de-organizaciones-de-agencias-de-turismo-se-llevara-a-cabo-en-jaen","status":"publish","type":"post","link":"https:\/\/dimensionturistica.com\/es\/la-cumbre-internacional-de-organizaciones-de-agencias-de-turismo-se-llevara-a-cabo-en-jaen\/","title":{"rendered":"La cumbre internacional de organizaciones de agencias de turismo se llevar\u00e1 a cabo en Ja\u00e9n."},"content":{"rendered":"<h3>Ja\u00e9n, un Epicentro Global de Turismo en 2024<\/h3>\n<p>El pr\u00f3ximo a\u00f1o, Ja\u00e9n se convertir\u00e1 en el foco de atenci\u00f3n mundial del turismo al albergar la Cumbre Mundial de Asociaciones de Agencias de Viajes. Este evento, que reunir\u00e1 a expertos, l\u00edderes y agentes del sector tur\u00edstico, promete ser un punto de inflexi\u00f3n no solo para la ciudad, sino tambi\u00e9n para la industria en su conjunto.<\/p>\n<h4>Un Escenario Natural y Cultural<\/h4>\n<p>Ja\u00e9n, ubicada en el coraz\u00f3n de Andaluc\u00eda, no solo ofrece un entorno impresionante, con paisajes que evocan la belleza de la naturaleza, sino que tambi\u00e9n cuenta con un rico patrimonio cultural. Ciudades hist\u00f3ricas, castillos y una gastronom\u00eda excepcional hacen de esta provincia un destino atractivo para asistentes de todo el mundo. La combinaci\u00f3n de aceite de oliva de calidad y una variada oferta de tapas son solo algunas de las delicias que esperan a los visitantes.<\/p>\n<h4>Oportunidades de Networking<\/h4>\n<p>La cumbre ser\u00e1 una excelente plataforma para que profesionales del turismo se conecten, intercambien ideas y establezcan colaboraciones. Compa\u00f1\u00edas de diversos rincones del planeta se dar\u00e1n cita para discutir las tendencias del sector, la sostenibilidad en el turismo y las innovaciones tecnol\u00f3gicas que est\u00e1n transformando la forma en que viajamos. Esta interacci\u00f3n no solo beneficiar\u00e1 a los asistentes, sino que tambi\u00e9n impulsar\u00e1 el desarrollo tur\u00edstico en Ja\u00e9n y sus alrededores.<\/p>\n<h4>El Impacto en la Comunidad Local<\/h4>\n<p>El evento no solo impactar\u00e1 a quienes trabajan en la industria del turismo. La llegada de miles de visitantes y expertos generar\u00e1 un efecto positivo en la econom\u00eda local. Restaurantes, hoteles y comercios tendr\u00e1n una oportunidad dorada para mostrar su oferta e incrementar su visibilidad a nivel internacional. Adem\u00e1s, programas de bienvenida y actividades culturales enriquecer\u00e1n la experiencia de los visitantes, dejando una huella positiva en la comunidad.<\/p>\n<h4>La Sostenibilidad como Eje Central<\/h4>\n<p>En tiempos en los que la sostenibilidad se convierte en un pilar fundamental del turismo, la cumbre abordar\u00e1 este tema crucial. La promoci\u00f3n de pr\u00e1cticas responsables y el desarrollo de un turismo que respete el medio ambiente ser\u00e1n ejes claves de las discusiones. Esto no solo es crucial para el planeta, sino que tambi\u00e9n es un atractivo creciente para los viajeros conscientes de su impacto.<\/p>\n<h4>Ja\u00e9n en el Camino del Futuro<\/h4>\n<p>A medida que nos acercamos a este evento, es evidente que la Cumbre Mundial de Asociaciones de Agencias de Viajes en Ja\u00e9n no solo ser\u00e1 un evento significativo en la agenda tur\u00edstica mundial, sino que tambi\u00e9n servir\u00e1 para colocar a esta provincia en el mapa global como un destino de gran potencial. Con su rica historia, su cultura vibrante, y un compromiso con la sostenibilidad, Ja\u00e9n est\u00e1 destinada a convertirse en un referente del turismo en el futuro cercano.<\/p>\n<p>Acomp\u00e1\u00f1anos en este emocionante viaje hacia el 2024, donde Ja\u00e9n recibir\u00e1 a los m\u00e1s grandes protagonistas del turismo mundial. Si eres un amante de los viajes o un profesional del sector, este es un evento que no te querr\u00e1s perder. \u00a1Prep\u00e1rate para ser parte de la historia del turismo en la ciudad de los olivos!<\/p>\n<p><em> &#8221; Sources extrajaen.com &#8221; <\/em><\/p>\n","protected":false},"excerpt":{"rendered":"<p>Ja\u00e9n, un Epicentro Global de Turismo en 2024 El pr\u00f3ximo a\u00f1o, Ja\u00e9n se convertir\u00e1 en el foco de atenci\u00f3n mundial del turismo al albergar la Cumbre Mundial de Asociaciones de Agencias de Viajes. Este evento, que reunir\u00e1 a expertos, l\u00edderes y agentes del sector tur\u00edstico, promete ser un punto de inflexi\u00f3n no solo para la [&hellip;]<\/p>\n","protected":false},"author":4,"featured_media":1066050,"comment_status":"open","ping_status":"closed","sticky":false,"template":"","format":"standard","meta":{"om_disable_all_campaigns":false,"jnews-multi-image_gallery":[],"jnews_single_post":[],"jnews_primary_category":[],"jnews_social_meta":[],"footnotes":""},"categories":[40],"tags":[569,4510,511,9587,1453,19889,544,545],"class_list":["post-1066049","post","type-post","status-publish","format-standard","has-post-thumbnail","hentry","category-industria","tag-agencias-de-viajes","tag-asociaciones","tag-conferencia","tag-cumbre-mundial","tag-industria-del-turismo","tag-jaen","tag-turismo","tag-viajes"],"_links":{"self":[{"href":"https:\/\/dimensionturistica.com\/es\/wp-json\/wp\/v2\/posts\/1066049","targetHints":{"allow":["GET"]}}],"collection":[{"href":"https:\/\/dimensionturistica.com\/es\/wp-json\/wp\/v2\/posts"}],"about":[{"href":"https:\/\/dimensionturistica.com\/es\/wp-json\/wp\/v2\/types\/post"}],"author":[{"embeddable":true,"href":"https:\/\/dimensionturistica.com\/es\/wp-json\/wp\/v2\/users\/4"}],"replies":[{"embeddable":true,"href":"https:\/\/dimensionturistica.com\/es\/wp-json\/wp\/v2\/comments?post=1066049"}],"version-history":[{"count":1,"href":"https:\/\/dimensionturistica.com\/es\/wp-json\/wp\/v2\/posts\/1066049\/revisions"}],"predecessor-version":[{"id":1066051,"href":"https:\/\/dimensionturistica.com\/es\/wp-json\/wp\/v2\/posts\/1066049\/revisions\/1066051"}],"wp:featuredmedia":[{"embeddable":true,"href":"https:\/\/dimensionturistica.com\/es\/wp-json\/wp\/v2\/media\/1066050"}],"wp:attachment":[{"href":"https:\/\/dimensionturistica.com\/es\/wp-json\/wp\/v2\/media?parent=1066049"}],"wp:term":[{"taxonomy":"category","embeddable":true,"href":"https:\/\/dimensionturistica.com\/es\/wp-json\/wp\/v2\/categories?post=1066049"},{"taxonomy":"post_tag","embeddable":true,"href":"https:\/\/dimensionturistica.com\/es\/wp-json\/wp\/v2\/tags?post=1066049"}],"curies":[{"name":"wp","href":"https:\/\/api.w.org\/{rel}","templated":true}]}}