{"id":1065924,"date":"2025-10-24T14:33:32","date_gmt":"2025-10-24T14:33:32","guid":{"rendered":"https:\/\/dimensionturistica.com\/es\/?p=1065924"},"modified":"2025-10-24T14:33:32","modified_gmt":"2025-10-24T14:33:32","slug":"el-diputado-ricardo-monreal-menciono-haberse-reunido-con-las-tabacaleras-y-eso-viola-la-ley","status":"publish","type":"post","link":"https:\/\/dimensionturistica.com\/es\/el-diputado-ricardo-monreal-menciono-haberse-reunido-con-las-tabacaleras-y-eso-viola-la-ley\/","title":{"rendered":"El Diputado Ricardo Monreal mencion\u00f3 haberse reunido con las tabacaleras y eso viola la ley."},"content":{"rendered":"\n<figure class=\"wp-block-gallery has-nested-images columns-default is-cropped wp-block-gallery-1 is-layout-flex wp-block-gallery-is-layout-flex\">\n<figure class=\"wp-block-image size-large\"><img decoding=\"async\" width=\"500\" height=\"186\" data-id=\"1065928\" src=\"https:\/\/dimensionturistica.com\/es\/wp-content\/uploads\/2025\/10\/1SALUD.jpg\" alt=\"\" class=\"wp-image-1065928\" srcset=\"https:\/\/dimensionturistica.com\/es\/wp-content\/uploads\/2025\/10\/1SALUD.jpg 500w, https:\/\/dimensionturistica.com\/es\/wp-content\/uploads\/2025\/10\/1SALUD-300x112.jpg 300w\" sizes=\"(max-width: 500px) 100vw, 500px\" \/><\/figure>\n<\/figure>\n\n\n\n<p>A trav\u00e9s de un comunicado representantes de la sociedad civil advirtieron a las senadoras y senadores no reunirse con la industria tabacalera para negociar la Ley del IEPS ya que esto estar\u00eda violando el art\u00edculo 5.3 del Convenio Marco de la OMS para el control del tabaco (CMCT) ratificado por M\u00e9xico desde hace m\u00e1s de veinte a\u00f1os.<\/p>\n\n\n\n<p>Recientemente durante las negociaciones sobre la Ley del IEPS y los impuestos saludables, en una conferencia de prensa, el diputado Ricardo Monreal mencion\u00f3 haberse reunido con las tabacaleras lo cual es una omisi\u00f3n al CMCT ya que ning\u00fan funcionario del gobierno puede reunirse con esa industria. \u201cLa salud debe prevalecer por encima de cualquier inter\u00e9s comercial\u201d, mencionan en el comunicado.<\/p>\n\n\n\n<p>Erick Antonio Ochoa de Salud Justa Mx sostuvo \u201cHacemos un llamado a que las senadoras y senadores no se re\u00fanan con la industria tabacalera ya que los intereses de \u00e9sta nunca van a ser compatibles con la salud da la poblaci\u00f3n. La industria tabacalera mata a la mitad de sus consumidores y nuestros legisladores no pueden ser c\u00f3mplices de esto, nuestra salud no se negocia, se defiende\u201d.<\/p>\n\n\n\n<figure class=\"wp-block-gallery has-nested-images columns-default is-cropped wp-block-gallery-2 is-layout-flex wp-block-gallery-is-layout-flex\">\n<figure class=\"wp-block-image size-large\"><img decoding=\"async\" width=\"500\" height=\"869\" data-id=\"1065929\" src=\"https:\/\/dimensionturistica.com\/es\/wp-content\/uploads\/2025\/10\/2SALUD.jpg\" alt=\"\" class=\"wp-image-1065929\" srcset=\"https:\/\/dimensionturistica.com\/es\/wp-content\/uploads\/2025\/10\/2SALUD.jpg 500w, https:\/\/dimensionturistica.com\/es\/wp-content\/uploads\/2025\/10\/2SALUD-173x300.jpg 173w\" sizes=\"(max-width: 500px) 100vw, 500px\" \/><\/figure>\n<\/figure>\n\n\n\n<p>Por su parte, Juan N\u00fa\u00f1ez Guadarrama de la Coalici\u00f3n M\u00e9xico SaludHable dijo \u201cSeg\u00fan la OMS subir el impuesto al tabaco es una de las medidas m\u00e1s costo efectivas para reducir el tabaquismo y la recomendaci\u00f3n para generar un impacto en la salud de la poblaci\u00f3n son 3 pesos por cigarro, por tal motivo solicitamos a nuestros legisladores que sigan estas recomendaciones internacionales y libres de conflicto de inter\u00e9s\u201d.<\/p>\n\n\n\n<p>En M\u00e9xico mueren anualmente m\u00e1s de 63 mil personas a causar del consumo del tabaco. Por tal motivo la OMS recomienda una pol\u00edtica fiscal para reducir la prevalencia del tabaquismo.<\/p>\n\n\n\n<p>El Convenio Marco para el Control del Tabaco (CMCT) es el primer tratado internacional de salud p\u00fablica negociado bajo los auspicios de la Organizaci\u00f3n Mundial de la Salud (OMS), adoptado en 2003. Su objetivo principal es proteger a las personas de los efectos sanitarios y econ\u00f3micos del tabaco mediante medidas que incluyen el aumento de impuestos, la protecci\u00f3n contra el humo de segunda mano, prohibiciones de publicidad y el uso de advertencias sanitarias en los paquetes. M\u00e9xico firm\u00f3 y ratific\u00f3 este tratado desde 2004.<\/p>\n\n\n\n<p>Video sobre conflicto de inter\u00e9s y el Dip. Ricardo Monreal<\/p>\n","protected":false},"excerpt":{"rendered":"<p>A trav\u00e9s de un comunicado representantes de la sociedad civil advirtieron a las senadoras y senadores no reunirse con la industria tabacalera para negociar la Ley del IEPS ya que esto estar\u00eda violando el art\u00edculo 5.3 del Convenio Marco de la OMS para el control del tabaco (CMCT) ratificado por M\u00e9xico desde hace m\u00e1s de [&hellip;]<\/p>\n","protected":false},"author":1,"featured_media":0,"comment_status":"open","ping_status":"closed","sticky":false,"template":"","format":"standard","meta":{"om_disable_all_campaigns":false,"jnews-multi-image_gallery":[],"jnews_single_post":{"format":"standard"},"jnews_primary_category":[],"jnews_social_meta":[],"footnotes":""},"categories":[40],"tags":[],"class_list":["post-1065924","post","type-post","status-publish","format-standard","hentry","category-industria"],"_links":{"self":[{"href":"https:\/\/dimensionturistica.com\/es\/wp-json\/wp\/v2\/posts\/1065924","targetHints":{"allow":["GET"]}}],"collection":[{"href":"https:\/\/dimensionturistica.com\/es\/wp-json\/wp\/v2\/posts"}],"about":[{"href":"https:\/\/dimensionturistica.com\/es\/wp-json\/wp\/v2\/types\/post"}],"author":[{"embeddable":true,"href":"https:\/\/dimensionturistica.com\/es\/wp-json\/wp\/v2\/users\/1"}],"replies":[{"embeddable":true,"href":"https:\/\/dimensionturistica.com\/es\/wp-json\/wp\/v2\/comments?post=1065924"}],"version-history":[{"count":1,"href":"https:\/\/dimensionturistica.com\/es\/wp-json\/wp\/v2\/posts\/1065924\/revisions"}],"predecessor-version":[{"id":1065930,"href":"https:\/\/dimensionturistica.com\/es\/wp-json\/wp\/v2\/posts\/1065924\/revisions\/1065930"}],"wp:attachment":[{"href":"https:\/\/dimensionturistica.com\/es\/wp-json\/wp\/v2\/media?parent=1065924"}],"wp:term":[{"taxonomy":"category","embeddable":true,"href":"https:\/\/dimensionturistica.com\/es\/wp-json\/wp\/v2\/categories?post=1065924"},{"taxonomy":"post_tag","embeddable":true,"href":"https:\/\/dimensionturistica.com\/es\/wp-json\/wp\/v2\/tags?post=1065924"}],"curies":[{"name":"wp","href":"https:\/\/api.w.org\/{rel}","templated":true}]}}