{"id":1065549,"date":"2025-10-23T21:44:27","date_gmt":"2025-10-23T21:44:27","guid":{"rendered":"https:\/\/dimensionturistica.com\/es\/?p=1065549"},"modified":"2025-10-23T21:44:27","modified_gmt":"2025-10-23T21:44:27","slug":"para-el-gran-premio-de-mexico-2025-las-busquedas-de-viajeros-hacia-la-ciudad-de-mexico-subieron-5-86-y-las-estancias-de-7-a-27-noches-aumentaron-un-21-5","status":"publish","type":"post","link":"https:\/\/dimensionturistica.com\/es\/para-el-gran-premio-de-mexico-2025-las-busquedas-de-viajeros-hacia-la-ciudad-de-mexico-subieron-5-86-y-las-estancias-de-7-a-27-noches-aumentaron-un-21-5\/","title":{"rendered":"Para el Gran Premio de M\u00e9xico 2025, las b\u00fasquedas de viajeros hacia la Ciudad de M\u00e9xico subieron 5.86% y las estancias de 7 a 27 noches aumentaron un 21.5%."},"content":{"rendered":"\n<figure class=\"wp-block-gallery has-nested-images columns-default is-cropped wp-block-gallery-1 is-layout-flex wp-block-gallery-is-layout-flex\">\n<figure class=\"wp-block-image size-large\"><img decoding=\"async\" width=\"500\" height=\"156\" data-id=\"1065550\" src=\"https:\/\/dimensionturistica.com\/es\/wp-content\/uploads\/2025\/10\/1AIR.jpg\" alt=\"\" class=\"wp-image-1065550\" srcset=\"https:\/\/dimensionturistica.com\/es\/wp-content\/uploads\/2025\/10\/1AIR.jpg 500w, https:\/\/dimensionturistica.com\/es\/wp-content\/uploads\/2025\/10\/1AIR-300x94.jpg 300w\" sizes=\"(max-width: 500px) 100vw, 500px\" \/><\/figure>\n<\/figure>\n\n\n\n<p>La Ciudad de M\u00e9xico se prepara para recibir a miles de aficionados y turistas nacionales e internacionales con motivo del Gran Premio de M\u00e9xico 2025, consolid\u00e1ndose como uno de los eventos deportivos m\u00e1s relevantes y esperados del pa\u00eds. La pasi\u00f3n, la adrenalina y el rugido de los motores no solo llenan de energ\u00eda vibrante al Aut\u00f3dromo Hermanos Rodr\u00edguez, sino que tambi\u00e9n generan un impacto indiscutible en la econom\u00eda y el turismo de la capital.<\/p>\n\n\n\n<p>Seg\u00fan datos de la Secretar\u00eda de Turismo (SECTUR), en 2024 el Gran Premio de M\u00e9xico gener\u00f3 una derrama econ\u00f3mica superior a 19 mil millones de pesos, un incremento del 13.8% respecto al a\u00f1o anterior. M\u00e1s all\u00e1 del espect\u00e1culo automovil\u00edstico, el evento se ha convertido en un poderoso motor de atracci\u00f3n tur\u00edstica para la capital.<\/p>\n\n\n\n<p>El turismo del el Gran Premio de M\u00e9xico acelera m\u00e1s all\u00e1 del Aut\u00f3dromo<\/p>\n\n\n\n<p>Un estudio conjunto de Ipsos y Airbnb revela que alrededor del 40% de los mexicanos se ve motivado a viajar para asistir a alg\u00fan evento, y el 18% indica un inter\u00e9s espec\u00edfico en viajes motivados por eventos deportivos. De estos viajeros, el 89% tiene previsto explorar otros lugares durante su visita, lo que significa que quienes llegan a la Ciudad de M\u00e9xico por el Gran Premio de M\u00e9xico, no se limitan al circuito donde tiene lugar el evento, sino que recorren barrios, mercados y atractivos locales, generando beneficios econ\u00f3micos en zonas que tradicionalmente no est\u00e1n directamente vinculadas al evento. No obstante, la proximidad a la sede del evento es determinante para el 90% de los visitantes al elegir su alojamiento, &nbsp;favoreciendo directamente a los anfitriones locales y su actividad econ\u00f3mica.<\/p>\n\n\n\n<p>Esta tendencia coincide con un crecimiento de estancias de 7 a 27 noches (+21.5%), reflejando que los visitantes buscan experiencias m\u00e1s profundas, sumergi\u00e9ndose en la cultura local y extendiendo su visita m\u00e1s all\u00e1 del circuito y las fechas del evento.<\/p>\n\n\n\n<p>Un p\u00fablico joven que viaja y se queda m\u00e1s tiempo<\/p>\n\n\n\n<figure class=\"wp-block-gallery has-nested-images columns-default is-cropped wp-block-gallery-2 is-layout-flex wp-block-gallery-is-layout-flex\">\n<figure class=\"wp-block-image size-large\"><img decoding=\"async\" width=\"500\" height=\"333\" data-id=\"1065551\" src=\"https:\/\/dimensionturistica.com\/es\/wp-content\/uploads\/2025\/10\/2FORMULA.jpg\" alt=\"\" class=\"wp-image-1065551\" srcset=\"https:\/\/dimensionturistica.com\/es\/wp-content\/uploads\/2025\/10\/2FORMULA.jpg 500w, https:\/\/dimensionturistica.com\/es\/wp-content\/uploads\/2025\/10\/2FORMULA-300x200.jpg 300w\" sizes=\"(max-width: 500px) 100vw, 500px\" \/><\/figure>\n<\/figure>\n\n\n\n<p>Datos internos de Airbnb revelan que las b\u00fasquedas hacia la Ciudad de M\u00e9xico para las fechas del Gran Premio de M\u00e9xico 2025 crecieron un 5.86% respecto al mismo periodo del a\u00f1o anterior. El inter\u00e9s m\u00e1s notable proviene de los j\u00f3venes de 18 a 24 a\u00f1os (+42%) y de 25 a 29 a\u00f1os (+13.6%), mientras que los grupos mayores muestran una ligera disminuci\u00f3n, especialmente quienes tienen entre 60 y 90 a\u00f1os (-29%).<\/p>\n\n\n\n<p>El Gran Premio de M\u00e9xico 2025 atrae turistas tanto de M\u00e9xico como del extranjero: Monterrey y Guadalajara lideran las b\u00fasquedas de viajeros nacionales hacia la capital, mientras que a nivel internacional se destacan Los \u00c1ngeles, Vancouver y Phoenix en Estados Unidos, as\u00ed como Bogot\u00e1 en Colombia, consolidando el evento como un verdadero im\u00e1n para el turismo en la Ciudad de M\u00e9xico.<\/p>\n\n\n\n<p>Hospitalidad a toda velocidad: anfitriones locales y tarifas competitivas<\/p>\n\n\n\n<figure class=\"wp-block-gallery has-nested-images columns-default is-cropped wp-block-gallery-3 is-layout-flex wp-block-gallery-is-layout-flex\">\n<figure class=\"wp-block-image size-large\"><img decoding=\"async\" width=\"500\" height=\"281\" data-id=\"1065553\" src=\"https:\/\/dimensionturistica.com\/es\/wp-content\/uploads\/2025\/10\/6AIR.jpg\" alt=\"\" class=\"wp-image-1065553\" srcset=\"https:\/\/dimensionturistica.com\/es\/wp-content\/uploads\/2025\/10\/6AIR.jpg 500w, https:\/\/dimensionturistica.com\/es\/wp-content\/uploads\/2025\/10\/6AIR-300x169.jpg 300w\" sizes=\"(max-width: 500px) 100vw, 500px\" \/><\/figure>\n<\/figure>\n\n\n\n<p>La Ciudad de M\u00e9xico tambi\u00e9n se consolida como un centro destacado de oferta tur\u00edstica. Seg\u00fan datos de la plataforma, actualmente 18,605 anfitriones activos en la plataforma ofrecen alojamiento a los viajeros, generando ingresos adicionales y contribuyendo a la econom\u00eda local. Adem\u00e1s, la tarifa diaria promedio para las fechas del Gran Premio de M\u00e9xico 2025 es de $2,800 pesos por reserva, apenas un 2.12% m\u00e1s que el a\u00f1o anterior, lo que mantiene precios competitivos a pesar del aumento en la demanda.<\/p>\n\n\n\n<p>M\u00e1s que una competencia de velocidad, el Gran Premio de M\u00e9xico se ha convertido en un fen\u00f3meno econ\u00f3mico, cultural y tur\u00edstico que transforma la Ciudad de M\u00e9xico cada octubre. Desde el rugido de los motores hasta la exploraci\u00f3n de barrios y experiencias locales, el Gran Premio de M\u00e9xico el Gran Premio de M\u00e9xico 2025 reafirma a la capital como un destino global para eventos de alto impacto y como una ciudad que late al ritmo del turismo y la hospitalidad.<\/p>\n","protected":false},"excerpt":{"rendered":"<p>La Ciudad de M\u00e9xico se prepara para recibir a miles de aficionados y turistas nacionales e internacionales con motivo del Gran Premio de M\u00e9xico 2025, consolid\u00e1ndose como uno de los eventos deportivos m\u00e1s relevantes y esperados del pa\u00eds. La pasi\u00f3n, la adrenalina y el rugido de los motores no solo llenan de energ\u00eda vibrante al [&hellip;]<\/p>\n","protected":false},"author":1,"featured_media":0,"comment_status":"open","ping_status":"closed","sticky":false,"template":"","format":"standard","meta":{"om_disable_all_campaigns":false,"jnews-multi-image_gallery":[],"jnews_single_post":[],"jnews_primary_category":[],"jnews_social_meta":[],"footnotes":""},"categories":[39],"tags":[],"class_list":["post-1065549","post","type-post","status-publish","format-standard","hentry","category-viajes"],"_links":{"self":[{"href":"https:\/\/dimensionturistica.com\/es\/wp-json\/wp\/v2\/posts\/1065549","targetHints":{"allow":["GET"]}}],"collection":[{"href":"https:\/\/dimensionturistica.com\/es\/wp-json\/wp\/v2\/posts"}],"about":[{"href":"https:\/\/dimensionturistica.com\/es\/wp-json\/wp\/v2\/types\/post"}],"author":[{"embeddable":true,"href":"https:\/\/dimensionturistica.com\/es\/wp-json\/wp\/v2\/users\/1"}],"replies":[{"embeddable":true,"href":"https:\/\/dimensionturistica.com\/es\/wp-json\/wp\/v2\/comments?post=1065549"}],"version-history":[{"count":1,"href":"https:\/\/dimensionturistica.com\/es\/wp-json\/wp\/v2\/posts\/1065549\/revisions"}],"predecessor-version":[{"id":1065556,"href":"https:\/\/dimensionturistica.com\/es\/wp-json\/wp\/v2\/posts\/1065549\/revisions\/1065556"}],"wp:attachment":[{"href":"https:\/\/dimensionturistica.com\/es\/wp-json\/wp\/v2\/media?parent=1065549"}],"wp:term":[{"taxonomy":"category","embeddable":true,"href":"https:\/\/dimensionturistica.com\/es\/wp-json\/wp\/v2\/categories?post=1065549"},{"taxonomy":"post_tag","embeddable":true,"href":"https:\/\/dimensionturistica.com\/es\/wp-json\/wp\/v2\/tags?post=1065549"}],"curies":[{"name":"wp","href":"https:\/\/api.w.org\/{rel}","templated":true}]}}