{"id":1065537,"date":"2025-10-23T21:28:39","date_gmt":"2025-10-23T21:28:39","guid":{"rendered":"https:\/\/dimensionturistica.com\/es\/?p=1065537"},"modified":"2025-10-23T21:28:39","modified_gmt":"2025-10-23T21:28:39","slug":"octubre-el-mes-de-la-salud-mental-una-oportunidad-para-reflexionar-sobre-como-las-palabras-influyen-en-la-manera-en-que-entendemos-y-hablamos-de-este-tema","status":"publish","type":"post","link":"https:\/\/dimensionturistica.com\/es\/octubre-el-mes-de-la-salud-mental-una-oportunidad-para-reflexionar-sobre-como-las-palabras-influyen-en-la-manera-en-que-entendemos-y-hablamos-de-este-tema\/","title":{"rendered":"Octubre el Mes de la Salud Mental, una oportunidad para reflexionar sobre c\u00f3mo las palabras influyen en la manera en que entendemos y hablamos de este tema"},"content":{"rendered":"\n<p><\/p>\n\n\n\n<figure class=\"wp-block-gallery has-nested-images columns-default is-cropped wp-block-gallery-1 is-layout-flex wp-block-gallery-is-layout-flex\">\n<figure class=\"wp-block-image size-large\"><img decoding=\"async\" width=\"500\" height=\"155\" data-id=\"1065538\" src=\"https:\/\/dimensionturistica.com\/es\/wp-content\/uploads\/2025\/10\/1MENTAL.jpg\" alt=\"\" class=\"wp-image-1065538\" srcset=\"https:\/\/dimensionturistica.com\/es\/wp-content\/uploads\/2025\/10\/1MENTAL.jpg 500w, https:\/\/dimensionturistica.com\/es\/wp-content\/uploads\/2025\/10\/1MENTAL-300x93.jpg 300w\" sizes=\"(max-width: 500px) 100vw, 500px\" \/><\/figure>\n<\/figure>\n\n\n\n<p>En el marco del Mes Mundial de la Salud Mental, que se celebra en octubre, la Asociaci\u00f3n Argentina de Psiquiatras (AAP), con el patrocinio de la farmac\u00e9utica Viatris, presentaron \u201c\u00a1Las Palabras Importan!\u201d, una iniciativa latinoamericana, dirigida a comunicadores y generadores de contenido de la regi\u00f3n, con el fin de promover un abordaje \u00e9tico y riguroso de la salud mental en medios de comunicaci\u00f3n, plataformas digitales, redes sociales, as\u00ed como en su ejercicio profesional habitual. &nbsp;Elaborado por psiquiatras y expertos en comunicaci\u00f3n de 11 pa\u00edses de Am\u00e9rica Latina, este recurso persigue ser un aliado para estos actores sociales que d\u00eda a d\u00eda enfrentan el reto de informar con precisi\u00f3n, sensibilidad y compromiso sobre entornos complejos y profundamente humanos que inciden en el aumento sostenido de trastornos mentales en la actualidad.<\/p>\n\n\n\n<figure class=\"wp-block-gallery has-nested-images columns-default is-cropped wp-block-gallery-2 is-layout-flex wp-block-gallery-is-layout-flex\">\n<figure class=\"wp-block-image size-large\"><img decoding=\"async\" width=\"500\" height=\"333\" data-id=\"1065539\" src=\"https:\/\/dimensionturistica.com\/es\/wp-content\/uploads\/2025\/10\/2MENTAL.jpg\" alt=\"\" class=\"wp-image-1065539\" srcset=\"https:\/\/dimensionturistica.com\/es\/wp-content\/uploads\/2025\/10\/2MENTAL.jpg 500w, https:\/\/dimensionturistica.com\/es\/wp-content\/uploads\/2025\/10\/2MENTAL-300x200.jpg 300w\" sizes=\"(max-width: 500px) 100vw, 500px\" \/><\/figure>\n<\/figure>\n\n\n\n<p>De acuerdo con la Organizaci\u00f3n Panamericana de la Salud, los problemas de salud mental comprometen la capacidad de las personas afectadas para estudiar, trabajar y participar plenamente en sus comunidades, adem\u00e1s de que guardan una relaci\u00f3n bidireccional con varias enfermedades f\u00edsicas, transmisibles y no transmisibles. &nbsp;En la regi\u00f3n de las Am\u00e9ricas, los trastornos mentales, neurol\u00f3gicos y por consumo de sustancias psicoactivas (TMNS) y el suicidio representan m\u00e1s de un tercio del total de a\u00f1os vividos con discapacidad. En la misma l\u00ednea, los trastornos depresivos y los &nbsp;problemas de ansiedad son las principales causas de discapacidad y es la \u00fanica regi\u00f3n de la OMS que ha registrado un aumento de 17% en la tasa de suicidios en el per\u00edodo del 2000 al 2019. &nbsp;A pesar de esta situaci\u00f3n, m\u00e1s del 75% de las personas con trastornos mentales graves, no recibe tratamiento de la regi\u00f3n. Esta brecha de atenci\u00f3n se agudiza m\u00e1s debido al estigma persistente, la falta de pol\u00edticas p\u00fablicas integrales y la falta de precisi\u00f3n que a\u00fan prevalece en muchas coberturas medi\u00e1ticas.<\/p>\n\n\n\n<p>Frente a este escenario, y ante el papel cr\u00edtico que medios de comunicaci\u00f3n, plataformas digitales y redes sociales cumplen en moldear la conversaci\u00f3n p\u00fablica, \u201c\u00a1Las Palabras Importan!\u201d Es un documento pr\u00e1ctico, basado en evidencia, que propone una transformaci\u00f3n profunda y accesible en la forma de informar, cubrir noticias y generar contenidos asociados a salud mental.<\/p>\n\n\n\n<p>\u201cLos periodistas y generadores de contenido tienen poder, alcance masivo y un rol fundamental en sensibilizar a su audiencia sobre la importancia de la salud mental. De igual forma, estos comunicadores contribuyen activamente a reducir estigmas, mejorar el acceso a tratamientos y promover una sociedad m\u00e1s compasiva. &nbsp;En esta importante tarea, el enfoque, el lenguaje, las im\u00e1genes y las fuentes de consulta que utilizan, forman parte del proceso de contar historias que dignifiquen y humanicen a millones de personas con TMNS\u201d, afirma el doctor Ricardo Marcelo Corral, m\u00e9dico psiquiatra, presidente de la Asociaci\u00f3n Argentina de Psiquiatras (AAP) y coordinador de este proyecto editorial.<\/p>\n\n\n\n<p>\u201c\u00a1Las Palabras Importan!\u201d Se destaca por integrar aspectos cl\u00ednicos, \u00e9ticos, legales y comunicacionales en una sola herramienta. &nbsp;No solo ofrece sugerencias de redacci\u00f3n y uso del lenguaje, tambi\u00e9n incluye criterios para seleccionar im\u00e1genes, prevenir el sensacionalismo y respetar la confidencialidad. &nbsp;Este manual tambi\u00e9n incluye datos epidemiol\u00f3gicos actualizados de 11 pa\u00edses de la regi\u00f3n: Argentina, Chile, Colombia, Costa Rica, Rep\u00fablica Dominicana, Ecuador, Guatemala, M\u00e9xico, Panam\u00e1, Per\u00fa y Uruguay, ofreciendo un panorama regional que exige acciones urgentes en la materia.<\/p>\n\n\n\n<figure class=\"wp-block-gallery has-nested-images columns-default is-cropped wp-block-gallery-3 is-layout-flex wp-block-gallery-is-layout-flex\">\n<figure class=\"wp-block-image size-large\"><img decoding=\"async\" width=\"500\" height=\"519\" data-id=\"1065540\" src=\"https:\/\/dimensionturistica.com\/es\/wp-content\/uploads\/2025\/10\/5MENTE.jpg\" alt=\"\" class=\"wp-image-1065540\" srcset=\"https:\/\/dimensionturistica.com\/es\/wp-content\/uploads\/2025\/10\/5MENTE.jpg 500w, https:\/\/dimensionturistica.com\/es\/wp-content\/uploads\/2025\/10\/5MENTE-289x300.jpg 289w\" sizes=\"(max-width: 500px) 100vw, 500px\" \/><\/figure>\n<\/figure>\n\n\n\n<p>Gracias a su enfoque claro, directo y con ejemplos pr\u00e1cticos, el material es especialmente \u00fatil para redacciones period\u00edsticas, talleres de formaci\u00f3n profesional en narrativa y en general profesionales del periodismo, medios digitales, producci\u00f3n audiovisual, dise\u00f1o gr\u00e1fico o relaciones p\u00fablicas, as\u00ed como docentes universitarios y estudiantes en cualquiera de estas disciplinas.<\/p>\n\n\n\n<p>Con respecto al apoyo de la farmac\u00e9utica Viatris en este proyecto editorial, la doctora Sheena Nandwani, directora m\u00e9dica de Viatris Centroam\u00e9rica y el Caribe coment\u00f3: \u201cnos complace mucho ser aliados en esta iniciativa regional que busca sensibilizar sobre los desaf\u00edos invisibles de los trastornos mentales. &nbsp;Es notable lo que ha logrado la AAP: integrar una herramienta \u00fatil con gran empat\u00eda y respeto, desde la mirada y el marco cultural de Am\u00e9rica Latina y con la colaboraci\u00f3n de importantes especialistas de la regi\u00f3n.\u201d<\/p>\n\n\n\n<p>La versi\u00f3n digital de \u201c\u00a1Las Palabras Importan!\u201d puede descargarse de forma gratuita a trav\u00e9s del sitio oficial de la AAP. &nbsp;&nbsp;Con la difusi\u00f3n de esta iniciativa editorial, se busca impulsar contenidos m\u00e1s precisos en torno a TMNS, inspirar coberturas m\u00e1s responsables e incluyentes y fortalecer la formaci\u00f3n de los profesionales que informan, educan y crean opini\u00f3n hacia la construcci\u00f3n de una sociedad m\u00e1s emp\u00e1tica, informada y libre de estigmas en Am\u00e9rica Latina.<\/p>\n","protected":false},"excerpt":{"rendered":"<p>En el marco del Mes Mundial de la Salud Mental, que se celebra en octubre, la Asociaci\u00f3n Argentina de Psiquiatras (AAP), con el patrocinio de la farmac\u00e9utica Viatris, presentaron \u201c\u00a1Las Palabras Importan!\u201d, una iniciativa latinoamericana, dirigida a comunicadores y generadores de contenido de la regi\u00f3n, con el fin de promover un abordaje \u00e9tico y riguroso [&hellip;]<\/p>\n","protected":false},"author":1,"featured_media":0,"comment_status":"open","ping_status":"closed","sticky":false,"template":"","format":"standard","meta":{"om_disable_all_campaigns":false,"jnews-multi-image_gallery":[],"jnews_single_post":[],"jnews_primary_category":[],"jnews_social_meta":[],"footnotes":""},"categories":[40],"tags":[],"class_list":["post-1065537","post","type-post","status-publish","format-standard","hentry","category-industria"],"_links":{"self":[{"href":"https:\/\/dimensionturistica.com\/es\/wp-json\/wp\/v2\/posts\/1065537","targetHints":{"allow":["GET"]}}],"collection":[{"href":"https:\/\/dimensionturistica.com\/es\/wp-json\/wp\/v2\/posts"}],"about":[{"href":"https:\/\/dimensionturistica.com\/es\/wp-json\/wp\/v2\/types\/post"}],"author":[{"embeddable":true,"href":"https:\/\/dimensionturistica.com\/es\/wp-json\/wp\/v2\/users\/1"}],"replies":[{"embeddable":true,"href":"https:\/\/dimensionturistica.com\/es\/wp-json\/wp\/v2\/comments?post=1065537"}],"version-history":[{"count":1,"href":"https:\/\/dimensionturistica.com\/es\/wp-json\/wp\/v2\/posts\/1065537\/revisions"}],"predecessor-version":[{"id":1065541,"href":"https:\/\/dimensionturistica.com\/es\/wp-json\/wp\/v2\/posts\/1065537\/revisions\/1065541"}],"wp:attachment":[{"href":"https:\/\/dimensionturistica.com\/es\/wp-json\/wp\/v2\/media?parent=1065537"}],"wp:term":[{"taxonomy":"category","embeddable":true,"href":"https:\/\/dimensionturistica.com\/es\/wp-json\/wp\/v2\/categories?post=1065537"},{"taxonomy":"post_tag","embeddable":true,"href":"https:\/\/dimensionturistica.com\/es\/wp-json\/wp\/v2\/tags?post=1065537"}],"curies":[{"name":"wp","href":"https:\/\/api.w.org\/{rel}","templated":true}]}}