{"id":1065518,"date":"2025-10-23T21:03:57","date_gmt":"2025-10-23T21:03:57","guid":{"rendered":"https:\/\/dimensionturistica.com\/es\/?p=1065518"},"modified":"2025-10-23T21:03:57","modified_gmt":"2025-10-23T21:03:57","slug":"vive-el-misterio-de-la-casa-de-la-tia-aura-una-experiencia-entre-leyenda-historia-y-escalofrios","status":"publish","type":"post","link":"https:\/\/dimensionturistica.com\/es\/vive-el-misterio-de-la-casa-de-la-tia-aura-una-experiencia-entre-leyenda-historia-y-escalofrios\/","title":{"rendered":"Vive el misterio de la Casa de la T\u00eda Aura: una experiencia entre leyenda, historia y escalofr\u00edos"},"content":{"rendered":"\n<figure class=\"wp-block-gallery has-nested-images columns-default is-cropped wp-block-gallery-1 is-layout-flex wp-block-gallery-is-layout-flex\">\n<figure class=\"wp-block-image size-large\"><img decoding=\"async\" width=\"500\" height=\"437\" data-id=\"1065519\" src=\"https:\/\/dimensionturistica.com\/es\/wp-content\/uploads\/2025\/10\/8CASA.jpg\" alt=\"\" class=\"wp-image-1065519\" srcset=\"https:\/\/dimensionturistica.com\/es\/wp-content\/uploads\/2025\/10\/8CASA.jpg 500w, https:\/\/dimensionturistica.com\/es\/wp-content\/uploads\/2025\/10\/8CASA-300x262.jpg 300w\" sizes=\"(max-width: 500px) 100vw, 500px\" \/><\/figure>\n<\/figure>\n\n\n\n<p>En una ciudad donde cada callej\u00f3n guarda un secreto y cada piedra parece susurrar historias del pasado, existe una casona que sigue estremeciendo a quienes se atreven a cruzar el umbral: La Casa de la T\u00eda Aura.<\/p>\n\n\n\n<p>Ubicada en Paseo de la Presa 62, esta casona del siglo XIX ha sido transformada en un museo vivencial que combina historia, leyenda y ambientaci\u00f3n esc\u00e9nica para ofrecer una de las experiencias m\u00e1s inquietantes &nbsp;y populares de Guanajuato Capital, especialmente en D\u00eda de Muertos.<\/p>\n\n\n\n<figure class=\"wp-block-gallery has-nested-images columns-default is-cropped wp-block-gallery-2 is-layout-flex wp-block-gallery-is-layout-flex\">\n<figure class=\"wp-block-image size-large\"><img decoding=\"async\" width=\"500\" height=\"630\" data-id=\"1065520\" src=\"https:\/\/dimensionturistica.com\/es\/wp-content\/uploads\/2025\/10\/6CASA.jpg\" alt=\"\" class=\"wp-image-1065520\" srcset=\"https:\/\/dimensionturistica.com\/es\/wp-content\/uploads\/2025\/10\/6CASA.jpg 500w, https:\/\/dimensionturistica.com\/es\/wp-content\/uploads\/2025\/10\/6CASA-238x300.jpg 238w\" sizes=\"(max-width: 500px) 100vw, 500px\" \/><\/figure>\n<\/figure>\n\n\n\n<p>La leyenda comienza en 1840, cuando Aura, una mujer adinerada proveniente de C\u00e1diz, Espa\u00f1a, lleg\u00f3 a Guanajuato para habitar la casona construida por sus antepasados. Conocida por su generosidad y alegr\u00eda, la T\u00eda Aura se gan\u00f3 r\u00e1pidamente el cari\u00f1o de los lugare\u00f1os. Sin embargo, la tragedia no tard\u00f3 en instalarse: su muerte repentina marc\u00f3 el inicio de una serie de eventos oscuros que a\u00fan hoy resuenan en los muros de su hogar.<\/p>\n\n\n\n<figure class=\"wp-block-gallery has-nested-images columns-default is-cropped wp-block-gallery-3 is-layout-flex wp-block-gallery-is-layout-flex\">\n<figure class=\"wp-block-image size-large\"><img decoding=\"async\" width=\"500\" height=\"281\" data-id=\"1065521\" src=\"https:\/\/dimensionturistica.com\/es\/wp-content\/uploads\/2025\/10\/2CASA.jpg\" alt=\"\" class=\"wp-image-1065521\" srcset=\"https:\/\/dimensionturistica.com\/es\/wp-content\/uploads\/2025\/10\/2CASA.jpg 500w, https:\/\/dimensionturistica.com\/es\/wp-content\/uploads\/2025\/10\/2CASA-300x169.jpg 300w\" sizes=\"(max-width: 500px) 100vw, 500px\" \/><\/figure>\n<\/figure>\n\n\n\n<p>Inaugurado en 1999, el museo cuenta con ocho salas que cobran vida gracias a efectos de sonido, figuras mec\u00e1nicas y una ambientaci\u00f3n que transporta al visitante al coraz\u00f3n mismo del siglo XIX. Entre sus pasajes m\u00e1s sobrecogedores est\u00e1n el encierro de Cristina, la hija mayor emparedada por un amor prohibido; el asesinato de Carlota, la hija menor, a manos de su esposo; y la presencia fantasmal de la propia T\u00eda Aura, que \u2014seg\u00fan cuentan algunos\u2014 a\u00fan deambula por los pasillos al caer la noche.<\/p>\n\n\n\n<figure class=\"wp-block-gallery has-nested-images columns-default is-cropped wp-block-gallery-4 is-layout-flex wp-block-gallery-is-layout-flex\">\n<figure class=\"wp-block-image size-large\"><img decoding=\"async\" width=\"500\" height=\"303\" data-id=\"1065522\" src=\"https:\/\/dimensionturistica.com\/es\/wp-content\/uploads\/2025\/10\/3CASA.jpg\" alt=\"\" class=\"wp-image-1065522\" srcset=\"https:\/\/dimensionturistica.com\/es\/wp-content\/uploads\/2025\/10\/3CASA.jpg 500w, https:\/\/dimensionturistica.com\/es\/wp-content\/uploads\/2025\/10\/3CASA-300x182.jpg 300w\" sizes=\"(max-width: 500px) 100vw, 500px\" \/><\/figure>\n<\/figure>\n\n\n\n<p>El recorrido guiado lleva al visitante por la sala, el comedor, las rec\u00e1maras, la cocina y el s\u00f3tano, todos decorados con mobiliario original y detalles coloniales que evocan un pasado detenido en el tiempo. Los efectos especiales, luces y narraciones provocan m\u00e1s de un sobresalto y suspiros contenidos.<\/p>\n\n\n\n<p>Uno de los espacios m\u00e1s impactantes es la Sala de la Inquisici\u00f3n, donde se exhiben r\u00e9plicas de instrumentos de tortura utilizados en tiempos coloniales: el potro, grilletes, jaulas colgantes. Aunque no forman parte directa de la leyenda de la T\u00eda Aura, estos objetos contextualizan la brutalidad de la \u00e9poca.<\/p>\n\n\n\n<figure class=\"wp-block-gallery has-nested-images columns-default is-cropped wp-block-gallery-5 is-layout-flex wp-block-gallery-is-layout-flex\">\n<figure class=\"wp-block-image size-large\"><img decoding=\"async\" width=\"500\" height=\"375\" data-id=\"1065523\" src=\"https:\/\/dimensionturistica.com\/es\/wp-content\/uploads\/2025\/10\/5CASA.jpg\" alt=\"\" class=\"wp-image-1065523\" srcset=\"https:\/\/dimensionturistica.com\/es\/wp-content\/uploads\/2025\/10\/5CASA.jpg 500w, https:\/\/dimensionturistica.com\/es\/wp-content\/uploads\/2025\/10\/5CASA-300x225.jpg 300w\" sizes=\"(max-width: 500px) 100vw, 500px\" \/><\/figure>\n<\/figure>\n\n\n\n<p>En el s\u00f3tano, se recrea el encierro de Cristina, con humedad, penumbra y una atm\u00f3sfera densa que ha provocado en m\u00e1s de un visitante sensaciones inexplicables. La cocina, con sus utensilios originales y su estufa de carb\u00f3n, parece congelada en el tiempo, como si a\u00fan esperara el regreso de sus antiguos habitantes.<\/p>\n\n\n\n<p>El ba\u00f1o principal guarda uno de los relatos m\u00e1s escalofriantes: el asesinato de Carlota. Una antigua tina de ba\u00f1o, un espejo cubierto de polvo y luces rojas que simulan gritos ahogados convierten este espacio en uno de los m\u00e1s inquietantes del recorrido.<\/p>\n\n\n\n<figure class=\"wp-block-gallery has-nested-images columns-default is-cropped wp-block-gallery-6 is-layout-flex wp-block-gallery-is-layout-flex\">\n<figure class=\"wp-block-image size-large\"><img decoding=\"async\" width=\"500\" height=\"500\" data-id=\"1065526\" src=\"https:\/\/dimensionturistica.com\/es\/wp-content\/uploads\/2025\/10\/1CASA.jpg\" alt=\"\" class=\"wp-image-1065526\" srcset=\"https:\/\/dimensionturistica.com\/es\/wp-content\/uploads\/2025\/10\/1CASA.jpg 500w, https:\/\/dimensionturistica.com\/es\/wp-content\/uploads\/2025\/10\/1CASA-300x300.jpg 300w, https:\/\/dimensionturistica.com\/es\/wp-content\/uploads\/2025\/10\/1CASA-150x150.jpg 150w, https:\/\/dimensionturistica.com\/es\/wp-content\/uploads\/2025\/10\/1CASA-75x75.jpg 75w, https:\/\/dimensionturistica.com\/es\/wp-content\/uploads\/2025\/10\/1CASA-350x350.jpg 350w\" sizes=\"(max-width: 500px) 100vw, 500px\" \/><\/figure>\n<\/figure>\n\n\n\n<p>La Casa de la T\u00eda Aura no es solo una atracci\u00f3n para los amantes del terror; es tambi\u00e9n un espacio de aprendizaje y de recordar las vivencias de otra \u00e9poca.<\/p>\n\n\n\n<p>Para m\u00e1s informaci\u00f3n visita: http:\/\/www.casadetiaaura.com\/<\/p>\n\n\n\n<p>Planea tu visita y aprovecha paquetes y promociones en: www.hotelesguanajuato.com<\/p>\n\n\n\n<p>#GTOcapitalTeInspira<\/p>\n","protected":false},"excerpt":{"rendered":"<p>En una ciudad donde cada callej\u00f3n guarda un secreto y cada piedra parece susurrar historias del pasado, existe una casona que sigue estremeciendo a quienes se atreven a cruzar el umbral: La Casa de la T\u00eda Aura. Ubicada en Paseo de la Presa 62, esta casona del siglo XIX ha sido transformada en un museo [&hellip;]<\/p>\n","protected":false},"author":1,"featured_media":0,"comment_status":"open","ping_status":"closed","sticky":false,"template":"","format":"standard","meta":{"om_disable_all_campaigns":false,"jnews-multi-image_gallery":[],"jnews_single_post":{"format":"standard"},"jnews_primary_category":[],"jnews_social_meta":[],"footnotes":""},"categories":[39],"tags":[],"class_list":["post-1065518","post","type-post","status-publish","format-standard","hentry","category-viajes"],"_links":{"self":[{"href":"https:\/\/dimensionturistica.com\/es\/wp-json\/wp\/v2\/posts\/1065518","targetHints":{"allow":["GET"]}}],"collection":[{"href":"https:\/\/dimensionturistica.com\/es\/wp-json\/wp\/v2\/posts"}],"about":[{"href":"https:\/\/dimensionturistica.com\/es\/wp-json\/wp\/v2\/types\/post"}],"author":[{"embeddable":true,"href":"https:\/\/dimensionturistica.com\/es\/wp-json\/wp\/v2\/users\/1"}],"replies":[{"embeddable":true,"href":"https:\/\/dimensionturistica.com\/es\/wp-json\/wp\/v2\/comments?post=1065518"}],"version-history":[{"count":1,"href":"https:\/\/dimensionturistica.com\/es\/wp-json\/wp\/v2\/posts\/1065518\/revisions"}],"predecessor-version":[{"id":1065528,"href":"https:\/\/dimensionturistica.com\/es\/wp-json\/wp\/v2\/posts\/1065518\/revisions\/1065528"}],"wp:attachment":[{"href":"https:\/\/dimensionturistica.com\/es\/wp-json\/wp\/v2\/media?parent=1065518"}],"wp:term":[{"taxonomy":"category","embeddable":true,"href":"https:\/\/dimensionturistica.com\/es\/wp-json\/wp\/v2\/categories?post=1065518"},{"taxonomy":"post_tag","embeddable":true,"href":"https:\/\/dimensionturistica.com\/es\/wp-json\/wp\/v2\/tags?post=1065518"}],"curies":[{"name":"wp","href":"https:\/\/api.w.org\/{rel}","templated":true}]}}