{"id":1065507,"date":"2025-10-23T20:43:34","date_gmt":"2025-10-23T20:43:34","guid":{"rendered":"https:\/\/dimensionturistica.com\/es\/?p=1065507"},"modified":"2025-10-23T20:43:34","modified_gmt":"2025-10-23T20:43:34","slug":"con-mas-de-2500-mazatlan-celebrara-15-anos-de-pasion-ciclista-con-el-ciclotour-2025","status":"publish","type":"post","link":"https:\/\/dimensionturistica.com\/es\/con-mas-de-2500-mazatlan-celebrara-15-anos-de-pasion-ciclista-con-el-ciclotour-2025\/","title":{"rendered":"Con mas de 2,500 Mazatl\u00e1n celebrar\u00e1 15 a\u00f1os de pasi\u00f3n ciclista con el Ciclotour 2025"},"content":{"rendered":"\n<p><\/p>\n\n\n\n<figure class=\"wp-block-gallery has-nested-images columns-default is-cropped wp-block-gallery-1 is-layout-flex wp-block-gallery-is-layout-flex\">\n<figure class=\"wp-block-image size-large\"><img decoding=\"async\" width=\"500\" height=\"265\" data-id=\"1065508\" src=\"https:\/\/dimensionturistica.com\/es\/wp-content\/uploads\/2025\/10\/LOGOSINA.jpg\" alt=\"\" class=\"wp-image-1065508\" srcset=\"https:\/\/dimensionturistica.com\/es\/wp-content\/uploads\/2025\/10\/LOGOSINA.jpg 500w, https:\/\/dimensionturistica.com\/es\/wp-content\/uploads\/2025\/10\/LOGOSINA-300x159.jpg 300w\" sizes=\"(max-width: 500px) 100vw, 500px\" \/><\/figure>\n<\/figure>\n\n\n\n<p>El esp\u00edritu deportivo y el encanto del mar se unen una vez m\u00e1s en el Ciclotour Mazatl\u00e1n 2025, el evento ciclista recreativo m\u00e1s importante del noroeste de M\u00e9xico y uno de los de mayor tradici\u00f3n en el pa\u00eds. El pr\u00f3ximo 5 y 6 de diciembre, el destino celebrar\u00e1 su XV edici\u00f3n, reafirmando su lugar como punto de encuentro para miles de amantes del ciclismo y la aventura.<\/p>\n\n\n\n<figure class=\"wp-block-gallery has-nested-images columns-default is-cropped wp-block-gallery-2 is-layout-flex wp-block-gallery-is-layout-flex\">\n<figure class=\"wp-block-image size-large\"><img decoding=\"async\" width=\"500\" height=\"333\" data-id=\"1065509\" src=\"https:\/\/dimensionturistica.com\/es\/wp-content\/uploads\/2025\/10\/1SINA.jpg\" alt=\"\" class=\"wp-image-1065509\" srcset=\"https:\/\/dimensionturistica.com\/es\/wp-content\/uploads\/2025\/10\/1SINA.jpg 500w, https:\/\/dimensionturistica.com\/es\/wp-content\/uploads\/2025\/10\/1SINA-300x200.jpg 300w\" sizes=\"(max-width: 500px) 100vw, 500px\" \/><\/figure>\n<\/figure>\n\n\n\n<p>Con sede en el Centro de Convenciones de Mazatl\u00e1n, el evento reunir\u00e1 a m\u00e1s de 2,500 participantes de distintos estados del pa\u00eds, as\u00ed como de Estados Unidos y Canad\u00e1, para disfrutar una experiencia que combina deporte, turismo y cultura.<\/p>\n\n\n\n<p>Los ciclistas podr\u00e1n elegir entre dos rutas: la de 70 kil\u00f3metros y la ruta estelar de 140 kil\u00f3metros, que recorrer\u00e1 algunos de los paisajes m\u00e1s emblem\u00e1ticos del destino: el Malec\u00f3n, El Recodo, la Presa Picachos, La Noria y El Habal. Rodar junto al oc\u00e9ano, sentir la brisa marina y atravesar caminos llenos de historia hacen de esta experiencia algo inolvidable.<\/p>\n\n\n\n<p>Para celebrar su aniversario n\u00famero 15, el Ciclotour incorporar\u00e1 un nuevo desaf\u00edo: tres segmentos cronometrados dentro de la ruta de 140 kil\u00f3metros, donde la fuerza, estrategia y constancia ser\u00e1n la clave. El ganador ser\u00e1 quien registre el menor tiempo total al sumar los tres tramos, fomentando as\u00ed una competencia llena de adrenalina y emoci\u00f3n.<\/p>\n\n\n\n<figure class=\"wp-block-gallery has-nested-images columns-default is-cropped wp-block-gallery-3 is-layout-flex wp-block-gallery-is-layout-flex\">\n<figure class=\"wp-block-image size-large\"><img decoding=\"async\" width=\"500\" height=\"281\" data-id=\"1065510\" src=\"https:\/\/dimensionturistica.com\/es\/wp-content\/uploads\/2025\/10\/2SINA-1.jpg\" alt=\"\" class=\"wp-image-1065510\" srcset=\"https:\/\/dimensionturistica.com\/es\/wp-content\/uploads\/2025\/10\/2SINA-1.jpg 500w, https:\/\/dimensionturistica.com\/es\/wp-content\/uploads\/2025\/10\/2SINA-1-300x169.jpg 300w\" sizes=\"(max-width: 500px) 100vw, 500px\" \/><\/figure>\n<\/figure>\n\n\n\n<p>La fiesta comenzar\u00e1 el viernes 5 de diciembre con el \u201cWelcome Ride\u201d, una rodada de bienvenida de 40 kil\u00f3metros para calentar motores. Al d\u00eda siguiente, el s\u00e1bado 6, la jornada arrancar\u00e1 con un coffee break a las 5:30 h y el esperado banderazo de salida a las 6:30 horas. Como cada a\u00f1o, el cierre ser\u00e1 espectacular con la Fiesta Ciclista, a las 14:00 h, donde se celebrar\u00e1n las metas cumplidas. Adem\u00e1s, habr\u00e1 actividades recreativas, m\u00fasica y la rifa de dos bicicletas Specialized.<\/p>\n\n\n\n<figure class=\"wp-block-gallery has-nested-images columns-default is-cropped wp-block-gallery-4 is-layout-flex wp-block-gallery-is-layout-flex\">\n<figure class=\"wp-block-image size-large\"><img decoding=\"async\" width=\"500\" height=\"334\" data-id=\"1065511\" src=\"https:\/\/dimensionturistica.com\/es\/wp-content\/uploads\/2025\/10\/4SINA-1.jpg\" alt=\"\" class=\"wp-image-1065511\" srcset=\"https:\/\/dimensionturistica.com\/es\/wp-content\/uploads\/2025\/10\/4SINA-1.jpg 500w, https:\/\/dimensionturistica.com\/es\/wp-content\/uploads\/2025\/10\/4SINA-1-300x200.jpg 300w\" sizes=\"(max-width: 500px) 100vw, 500px\" \/><figcaption class=\"wp-element-caption\">default<\/figcaption><\/figure>\n<\/figure>\n\n\n\n<p>El evento tambi\u00e9n contar\u00e1 con una carrera especial para ni\u00f1as y ni\u00f1os de 3 a 12 a\u00f1os, promoviendo la participaci\u00f3n familiar y el amor por el deporte desde temprana edad.<\/p>\n\n\n\n<p>Con una derrama econ\u00f3mica estimada entre 25 y 30 millones de pesos, el Ciclotour Mazatl\u00e1n impulsa al sector tur\u00edstico y comercial del puerto, consolidando a Mazatl\u00e1n como uno de los destinos l\u00edderes en turismo deportivo en M\u00e9xico.<\/p>\n\n\n\n<figure class=\"wp-block-gallery has-nested-images columns-default is-cropped wp-block-gallery-5 is-layout-flex wp-block-gallery-is-layout-flex\">\n<figure class=\"wp-block-image size-large\"><img decoding=\"async\" width=\"500\" height=\"333\" data-id=\"1065512\" src=\"https:\/\/dimensionturistica.com\/es\/wp-content\/uploads\/2025\/10\/11SINA.jpg\" alt=\"\" class=\"wp-image-1065512\" srcset=\"https:\/\/dimensionturistica.com\/es\/wp-content\/uploads\/2025\/10\/11SINA.jpg 500w, https:\/\/dimensionturistica.com\/es\/wp-content\/uploads\/2025\/10\/11SINA-300x200.jpg 300w\" sizes=\"(max-width: 500px) 100vw, 500px\" \/><\/figure>\n<\/figure>\n\n\n\n<p>Todo est\u00e1 listo para vivir la emoci\u00f3n del pedal, el mar y la convivencia en un evento que celebra quince a\u00f1os de pasi\u00f3n, esfuerzo y comunidad.<\/p>\n\n\n\n<p>#VisitSinaloa #Sinaloa #TurismoDeportivo #Mazatl\u00e1n #MarDeHistorias #CiclotourMazatl\u00e1n #Ciclismo<\/p>\n","protected":false},"excerpt":{"rendered":"<p>El esp\u00edritu deportivo y el encanto del mar se unen una vez m\u00e1s en el Ciclotour Mazatl\u00e1n 2025, el evento ciclista recreativo m\u00e1s importante del noroeste de M\u00e9xico y uno de los de mayor tradici\u00f3n en el pa\u00eds. El pr\u00f3ximo 5 y 6 de diciembre, el destino celebrar\u00e1 su XV edici\u00f3n, reafirmando su lugar como [&hellip;]<\/p>\n","protected":false},"author":1,"featured_media":0,"comment_status":"open","ping_status":"closed","sticky":false,"template":"","format":"standard","meta":{"om_disable_all_campaigns":false,"jnews-multi-image_gallery":[],"jnews_single_post":{"format":"standard"},"jnews_primary_category":[],"jnews_social_meta":[],"footnotes":""},"categories":[39],"tags":[],"class_list":["post-1065507","post","type-post","status-publish","format-standard","hentry","category-viajes"],"_links":{"self":[{"href":"https:\/\/dimensionturistica.com\/es\/wp-json\/wp\/v2\/posts\/1065507","targetHints":{"allow":["GET"]}}],"collection":[{"href":"https:\/\/dimensionturistica.com\/es\/wp-json\/wp\/v2\/posts"}],"about":[{"href":"https:\/\/dimensionturistica.com\/es\/wp-json\/wp\/v2\/types\/post"}],"author":[{"embeddable":true,"href":"https:\/\/dimensionturistica.com\/es\/wp-json\/wp\/v2\/users\/1"}],"replies":[{"embeddable":true,"href":"https:\/\/dimensionturistica.com\/es\/wp-json\/wp\/v2\/comments?post=1065507"}],"version-history":[{"count":1,"href":"https:\/\/dimensionturistica.com\/es\/wp-json\/wp\/v2\/posts\/1065507\/revisions"}],"predecessor-version":[{"id":1065513,"href":"https:\/\/dimensionturistica.com\/es\/wp-json\/wp\/v2\/posts\/1065507\/revisions\/1065513"}],"wp:attachment":[{"href":"https:\/\/dimensionturistica.com\/es\/wp-json\/wp\/v2\/media?parent=1065507"}],"wp:term":[{"taxonomy":"category","embeddable":true,"href":"https:\/\/dimensionturistica.com\/es\/wp-json\/wp\/v2\/categories?post=1065507"},{"taxonomy":"post_tag","embeddable":true,"href":"https:\/\/dimensionturistica.com\/es\/wp-json\/wp\/v2\/tags?post=1065507"}],"curies":[{"name":"wp","href":"https:\/\/api.w.org\/{rel}","templated":true}]}}