{"id":1065476,"date":"2025-10-23T20:13:21","date_gmt":"2025-10-23T20:13:21","guid":{"rendered":"https:\/\/dimensionturistica.com\/es\/?p=1065476"},"modified":"2025-10-23T20:13:21","modified_gmt":"2025-10-23T20:13:21","slug":"el-senado-de-la-republica-se-ilumina-de-color-verde-por-el-dia-mundial-de-las-personas-con-talla-baja","status":"publish","type":"post","link":"https:\/\/dimensionturistica.com\/es\/el-senado-de-la-republica-se-ilumina-de-color-verde-por-el-dia-mundial-de-las-personas-con-talla-baja\/","title":{"rendered":"El Senado de la Rep\u00fablica se ilumina de color verde por el D\u00eda Mundial de las Personas con Talla Baja"},"content":{"rendered":"\n<figure class=\"wp-block-gallery has-nested-images columns-default is-cropped wp-block-gallery-1 is-layout-flex wp-block-gallery-is-layout-flex\">\n<figure class=\"wp-block-image size-large\"><img decoding=\"async\" width=\"500\" height=\"375\" data-id=\"1065489\" src=\"https:\/\/dimensionturistica.com\/es\/wp-content\/uploads\/2025\/10\/7ALTA.jpg\" alt=\"\" class=\"wp-image-1065489\" srcset=\"https:\/\/dimensionturistica.com\/es\/wp-content\/uploads\/2025\/10\/7ALTA.jpg 500w, https:\/\/dimensionturistica.com\/es\/wp-content\/uploads\/2025\/10\/7ALTA-300x225.jpg 300w\" sizes=\"(max-width: 500px) 100vw, 500px\" \/><\/figure>\n<\/figure>\n\n\n\n<p>En el marco del D\u00eda Mundial de las Personas con Talla Baja, que se conmemora cada 25 de octubre, se abrieron las puertas del Senado de la Republica a trav\u00e9s del Foro Legislativo \u201cUnidos por la Talla Baja: Innovaci\u00f3n, salud y derechos\u201d, con el objetivo de promover una agenda integral para las personas con esta discapacidad, as\u00ed como dar visibilidad a los retos que enfrentan diariamente pacientes y familiares en situaciones de inclusi\u00f3n y salud.<\/p>\n\n\n\n<p>Con el respaldo de destacados legisladores, especialistas m\u00e9dicos y asociaciones de pacientes, el foro estableci\u00f3 la urgencia de crear pol\u00edticas p\u00fablicas que aseguren una vida digna para las personas con talla baja. El Senador Emmanuel Reyes Carmona, presidente de la Comisi\u00f3n de Econom\u00eda y miembro de la Comisi\u00f3n de Salud, y la Diputada M\u00f3nica Herrera Villavicencio, secretaria de la Comisi\u00f3n de Atenci\u00f3n a Grupos Vulnerables, coincidieron en que 30% de las personas con discapacidad se siente discriminada por su estatura de acuerdo con la Encuesta Nacional sobre Discriminaci\u00f3n (ENADIS, 2022), situaci\u00f3n que nos obliga a trabajar para derribar barreras.<\/p>\n\n\n\n<figure class=\"wp-block-gallery has-nested-images columns-default is-cropped wp-block-gallery-2 is-layout-flex wp-block-gallery-is-layout-flex\">\n<figure class=\"wp-block-image size-large\"><img decoding=\"async\" width=\"500\" height=\"333\" data-id=\"1065490\" src=\"https:\/\/dimensionturistica.com\/es\/wp-content\/uploads\/2025\/10\/1ALTA.jpg\" alt=\"\" class=\"wp-image-1065490\" srcset=\"https:\/\/dimensionturistica.com\/es\/wp-content\/uploads\/2025\/10\/1ALTA.jpg 500w, https:\/\/dimensionturistica.com\/es\/wp-content\/uploads\/2025\/10\/1ALTA-300x200.jpg 300w\" sizes=\"(max-width: 500px) 100vw, 500px\" \/><\/figure>\n<\/figure>\n\n\n\n<p>El doctor Alberto Hidalgo Bravo, director del Departamento de Investigaci\u00f3n en el Instituto Nacional de Rehabilitaci\u00f3n (INR), explic\u00f3 que una persona tiene talla baja es aquella que registra una estatura igual o menor a 1.30 metros en su etapa adulta. Se establece que en M\u00e9xico y el mundo, la principal causa de talla baja es la acondroplasia, condici\u00f3n gen\u00e9tica en el grupo de las displasias \u00f3seas que se caracterizan por un desarrollo anormal o no proporcionado de huesos, cart\u00edlago y articulaciones.<\/p>\n\n\n\n<figure class=\"wp-block-gallery has-nested-images columns-default is-cropped wp-block-gallery-3 is-layout-flex wp-block-gallery-is-layout-flex\">\n<figure class=\"wp-block-image size-large\"><img decoding=\"async\" width=\"500\" height=\"333\" data-id=\"1065491\" src=\"https:\/\/dimensionturistica.com\/es\/wp-content\/uploads\/2025\/10\/2ALTA.jpg\" alt=\"\" class=\"wp-image-1065491\" srcset=\"https:\/\/dimensionturistica.com\/es\/wp-content\/uploads\/2025\/10\/2ALTA.jpg 500w, https:\/\/dimensionturistica.com\/es\/wp-content\/uploads\/2025\/10\/2ALTA-300x200.jpg 300w\" sizes=\"(max-width: 500px) 100vw, 500px\" \/><\/figure>\n<\/figure>\n\n\n\n<p>Seg\u00fan datos de la Comisi\u00f3n de Derechos Humanos de la Ciudad de M\u00e9xico (CDHCM), en nuestro pa\u00eds viven m\u00e1s de 11 mil personas con talla baja; sin embargo, asociaciones de pacientes aseguran que s\u00f3lo se contemplan las personas con acondroplasia, se\u00f1alando que hay m\u00e1s condiciones gen\u00e9ticas y del metabolismo que pueden estar relacionadas con esta condici\u00f3n, tal como el s\u00edndrome de Morquio, S\u00edndrome de Turner, entre otros.<\/p>\n\n\n\n<figure class=\"wp-block-gallery has-nested-images columns-default is-cropped wp-block-gallery-4 is-layout-flex wp-block-gallery-is-layout-flex\">\n<figure class=\"wp-block-image size-large\"><img decoding=\"async\" width=\"500\" height=\"333\" data-id=\"1065492\" src=\"https:\/\/dimensionturistica.com\/es\/wp-content\/uploads\/2025\/10\/3ALTA.jpg\" alt=\"\" class=\"wp-image-1065492\" srcset=\"https:\/\/dimensionturistica.com\/es\/wp-content\/uploads\/2025\/10\/3ALTA.jpg 500w, https:\/\/dimensionturistica.com\/es\/wp-content\/uploads\/2025\/10\/3ALTA-300x200.jpg 300w\" sizes=\"(max-width: 500px) 100vw, 500px\" \/><\/figure>\n<\/figure>\n\n\n\n<p>Las mucopolisacaridosis (MPS) se caracterizan por la deficiencia o ausencia de algunas enzimas que impiden el metabolismo o la degradaci\u00f3n de ciertas mol\u00e9culas de az\u00facares complejos llamados glucosaminoglicanos o mucopolisac\u00e1ridos que, al acumularse, causan complicaciones en los sistemas cardiovascular, pulmonar y el musculoesquel\u00e9tico, lo que tambi\u00e9n deriva en talla baja y rigidez articular, asegura el Dr. David Cervantes Barrag\u00e1n, Jefe del departamento de Gen\u00e9tica del Hospital Central Sur de Alta Especialidad, PEMEX.<\/p>\n\n\n\n<figure class=\"wp-block-gallery has-nested-images columns-default is-cropped wp-block-gallery-5 is-layout-flex wp-block-gallery-is-layout-flex\">\n<figure class=\"wp-block-image size-large\"><img decoding=\"async\" width=\"500\" height=\"281\" data-id=\"1065493\" src=\"https:\/\/dimensionturistica.com\/es\/wp-content\/uploads\/2025\/10\/4ALTA.jpg\" alt=\"\" class=\"wp-image-1065493\" srcset=\"https:\/\/dimensionturistica.com\/es\/wp-content\/uploads\/2025\/10\/4ALTA.jpg 500w, https:\/\/dimensionturistica.com\/es\/wp-content\/uploads\/2025\/10\/4ALTA-300x169.jpg 300w\" sizes=\"(max-width: 500px) 100vw, 500px\" \/><\/figure>\n<\/figure>\n\n\n\n<p>Los especialistas en gen\u00e9tica enfatizaron que el diagn\u00f3stico oportuno desde el nacimiento, a trav\u00e9s de la implementaci\u00f3n universal del tamiz neonatal ampliado, es fundamental para cambiar el curso de condiciones como la acondroplasia y las MPS. Subrayaron que, por primera vez, existen tratamientos biotecnol\u00f3gicos innovadores capaces de modificar la historia natural de estas condiciones, no solo mejorando la calidad de vida sino potencialmente revirtiendo el crecimiento deficiente cuando se administran de manera temprana, logrando as\u00ed un cambio significativo en la vida de las personas con talla baja.<\/p>\n\n\n\n<p>Marisela Herrera Aguirre, presidenta de Fundaci\u00f3n de la Cabeza al Cielo, y madre de una persona con acondroplasia, explic\u00f3 que \u201clas personas con talla baja enfrentan retos constantes de independencia y autonom\u00eda en un mundo hecho para personas de estatura promedio, pues el simple hecho de desplazarse en transporte p\u00fablico se vuelve una barrera dif\u00edcil de superar si no existen ajustes razonables\u201d.<\/p>\n\n\n\n<figure class=\"wp-block-gallery has-nested-images columns-default is-cropped wp-block-gallery-6 is-layout-flex wp-block-gallery-is-layout-flex\">\n<figure class=\"wp-block-image size-large\"><img decoding=\"async\" width=\"500\" height=\"333\" data-id=\"1065494\" src=\"https:\/\/dimensionturistica.com\/es\/wp-content\/uploads\/2025\/10\/5ALTA.jpg\" alt=\"\" class=\"wp-image-1065494\" srcset=\"https:\/\/dimensionturistica.com\/es\/wp-content\/uploads\/2025\/10\/5ALTA.jpg 500w, https:\/\/dimensionturistica.com\/es\/wp-content\/uploads\/2025\/10\/5ALTA-300x200.jpg 300w\" sizes=\"(max-width: 500px) 100vw, 500px\" \/><\/figure>\n<\/figure>\n\n\n\n<p>En su intervenci\u00f3n, la Lic. Alejandra Zamora, coordinadora de pacientes de Grupo Fabry de M\u00e9xico, expuso que estas personas sufren discriminaci\u00f3n para el acceso a tratamientos, pues de acuerdo con los testimonios de pacientes y cuidadores, el sistema de salud publica no garantiza que los pacientes con estas condiciones gen\u00e9ticas puedan recibirlos para mejorar su salud, independencia y calidad de vida.<\/p>\n\n\n\n<p>Durante el panel de testimonios, Yasm\u00edn Hern\u00e1ndez y Karina Morales, madres de dos ni\u00f1os con talla baja, se destac\u00f3 el impacto emocional, social y econ\u00f3mico de vivir sin un diagn\u00f3stico oportuno o sin acceso a medicamentos y terapias innovadoras en todos los sistemas de salud p\u00fablica, de las cuales hay evidencia cient\u00edfica de los resultados favorables que tienen para los pacientes y su calidad de vida.<\/p>\n\n\n\n<figure class=\"wp-block-gallery has-nested-images columns-default is-cropped wp-block-gallery-7 is-layout-flex wp-block-gallery-is-layout-flex\">\n<figure class=\"wp-block-image size-large\"><img decoding=\"async\" width=\"500\" height=\"300\" data-id=\"1065495\" src=\"https:\/\/dimensionturistica.com\/es\/wp-content\/uploads\/2025\/10\/6ALTA.jpg\" alt=\"\" class=\"wp-image-1065495\" srcset=\"https:\/\/dimensionturistica.com\/es\/wp-content\/uploads\/2025\/10\/6ALTA.jpg 500w, https:\/\/dimensionturistica.com\/es\/wp-content\/uploads\/2025\/10\/6ALTA-300x180.jpg 300w\" sizes=\"(max-width: 500px) 100vw, 500px\" \/><\/figure>\n<\/figure>\n\n\n\n<p>En este evento estuvieron presentes la senadora Reyna Celeste Ascencio Ortega, presidenta de la Comisi\u00f3n de Derechos Humanos, la diputada Lucero Higareda Segura, miembro de la Comisi\u00f3n de Igualdad de G\u00e9nero, as\u00ed como el C.P. Alejandro Llaus\u00e1s Maga\u00f1a, presidente de Grupo Fabry de M\u00e9xico IAP.<\/p>\n\n\n\n<p>Senado de la Rep\u00fablica se ilumina de verde por el D\u00eda Mundial de las Personas con Talla Baja<\/p>\n\n\n\n<p>Al concluir el Foro Legislativo \u201cUnidos por la Talla Baja: Innovaci\u00f3n, salud y derechos\u201d, el Senado de la Rep\u00fablica se ilumin\u00f3 de verde como un acto simb\u00f3lico de solidaridad y reconocimiento hacia las m\u00e1s de 11 mil personas en M\u00e9xico que viven con esta condici\u00f3n, acto que cont\u00f3 con la presencia de Mariana Ram\u00edrez Duarte, de Fundaci\u00f3n de la Cabeza al Cielo Sede Michoac\u00e1n.<\/p>\n\n\n\n<p>La ceremonia de encendido fue encabezada por el Senador Emmanuel Reyes Carmona, quien destac\u00f3 la importancia de visibilizar los retos que enfrenta este sector de la poblaci\u00f3n y promover pol\u00edticas p\u00fablicas que garanticen sus derechos en salud, inclusi\u00f3n y movilidad.<\/p>\n\n\n\n<p>El verde, color que representa la lucha de las personas con talla baja, ilumin\u00f3 la noche del recinto legislativo como un mensaje de esperanza y compromiso por la construcci\u00f3n de una sociedad m\u00e1s justa e incluyente.<\/p>\n\n\n\n<p>#NosUneLaTallaBaja #TallaBaja #D\u00edaMundialTallaBaja #SenadoM\u00e9xico #VerdePorLaTallaBaja<\/p>\n","protected":false},"excerpt":{"rendered":"<p>En el marco del D\u00eda Mundial de las Personas con Talla Baja, que se conmemora cada 25 de octubre, se abrieron las puertas del Senado de la Republica a trav\u00e9s del Foro Legislativo \u201cUnidos por la Talla Baja: Innovaci\u00f3n, salud y derechos\u201d, con el objetivo de promover una agenda integral para las personas con esta [&hellip;]<\/p>\n","protected":false},"author":1,"featured_media":0,"comment_status":"open","ping_status":"closed","sticky":false,"template":"","format":"standard","meta":{"om_disable_all_campaigns":false,"jnews-multi-image_gallery":[],"jnews_single_post":{"format":"standard"},"jnews_primary_category":[],"jnews_social_meta":[],"footnotes":""},"categories":[40],"tags":[],"class_list":["post-1065476","post","type-post","status-publish","format-standard","hentry","category-industria"],"_links":{"self":[{"href":"https:\/\/dimensionturistica.com\/es\/wp-json\/wp\/v2\/posts\/1065476","targetHints":{"allow":["GET"]}}],"collection":[{"href":"https:\/\/dimensionturistica.com\/es\/wp-json\/wp\/v2\/posts"}],"about":[{"href":"https:\/\/dimensionturistica.com\/es\/wp-json\/wp\/v2\/types\/post"}],"author":[{"embeddable":true,"href":"https:\/\/dimensionturistica.com\/es\/wp-json\/wp\/v2\/users\/1"}],"replies":[{"embeddable":true,"href":"https:\/\/dimensionturistica.com\/es\/wp-json\/wp\/v2\/comments?post=1065476"}],"version-history":[{"count":1,"href":"https:\/\/dimensionturistica.com\/es\/wp-json\/wp\/v2\/posts\/1065476\/revisions"}],"predecessor-version":[{"id":1065496,"href":"https:\/\/dimensionturistica.com\/es\/wp-json\/wp\/v2\/posts\/1065476\/revisions\/1065496"}],"wp:attachment":[{"href":"https:\/\/dimensionturistica.com\/es\/wp-json\/wp\/v2\/media?parent=1065476"}],"wp:term":[{"taxonomy":"category","embeddable":true,"href":"https:\/\/dimensionturistica.com\/es\/wp-json\/wp\/v2\/categories?post=1065476"},{"taxonomy":"post_tag","embeddable":true,"href":"https:\/\/dimensionturistica.com\/es\/wp-json\/wp\/v2\/tags?post=1065476"}],"curies":[{"name":"wp","href":"https:\/\/api.w.org\/{rel}","templated":true}]}}