{"id":1065330,"date":"2025-10-23T12:37:33","date_gmt":"2025-10-23T12:37:33","guid":{"rendered":"https:\/\/dimensionturistica.com\/es\/?p=1065330"},"modified":"2025-10-23T12:37:33","modified_gmt":"2025-10-23T12:37:33","slug":"descubriendo-las-emociones-de-los-colombianos-al-regresar-de-sus-vacaciones-desde-la-alegria-hasta-la-desilusion","status":"publish","type":"post","link":"https:\/\/dimensionturistica.com\/es\/descubriendo-las-emociones-de-los-colombianos-al-regresar-de-sus-vacaciones-desde-la-alegria-hasta-la-desilusion\/","title":{"rendered":"Descubriendo las emociones de los colombianos al regresar de sus vacaciones: desde la alegr\u00eda hasta la desilusi\u00f3n"},"content":{"rendered":"<h3>La monta\u00f1a rusa emocional del viajero colombiano a su retorno<\/h3>\n<p>Viajar es, para muchos, una de las experiencias m\u00e1s enriquecedoras y transformadoras. Sin embargo, el regreso a casa tras unas vacaciones no siempre est\u00e1 libre de sentimientos contradictorios. Recientes estudios han revelado el complejo espectro emocional que experimentan los colombianos al concluir sus escapadas, oscilando entre la satisfacci\u00f3n y la decepci\u00f3n.<\/p>\n<h4>La alegr\u00eda del reencuentro<\/h4>\n<p>Los primeros momentos al regresar son, sin duda, de alegr\u00eda. La conexi\u00f3n con la familia y los amigos, la calidez del hogar y la posibilidad de compartir an\u00e9cdotas de viaje generan un subid\u00f3n emocional. Tras d\u00edas de sol, playa o monta\u00f1a, volver a lo cotidiano puede verse como un alivio, especialmente para quienes radican en ciudades agobiadas por el estr\u00e9s. La experiencia de vida adquirida durante el viaje muchas veces se transforma en un tesoro que los viajeros se apuran en compartir. <\/p>\n<h4>La desilusi\u00f3n de la realidad<\/h4>\n<p>Sin embargo, pronto puede llegar una sensaci\u00f3n de decepci\u00f3n. Al regresar a la rutina, los viajeros a menudo se enfrentan a la normalidad que parece opacar la magia de lo vivido. La comparaci\u00f3n entre el destino y su entorno habitual puede sumergir a muchos en un mar de melancol\u00eda. Es com\u00fan escuchar comentarios sobre lo ins\u00edpido de la vida diaria despu\u00e9s de haber experimentado el esplendor de un nuevo lugar. Este sentimiento se intensifica especialmente cuando las expectativas no se cumplen al regresar a la rutina.<\/p>\n<h4>El impacto de las experiencias<\/h4>\n<p>Las expectativas juegan un papel crucial en la experiencia del viajero. Los colombianos, conocidos por su pasi\u00f3n y amor por la aventura, tienden a plantearse altos ideales antes de un viaje. El choque entre lo anticipado y la realidad puede impactar notablemente el regreso. Una mala experiencia en el transporte, la comida o el alojamiento puede dejar una huella negativa que eclipsa momentos de felicidad vividos durante el viaje. <\/p>\n<h4>Crear nuevos recuerdos<\/h4>\n<p>Para mitigar estos sentimientos, muchos optan por crear nuevos recuerdos en casa. Los viajeros empiezan a buscar alternativas que les permitan disfrutar de su entorno local, como explorar nuevos lugares en su ciudad o planificar escapadas a rincones cercanos. Este planning se convierte en un mecanismo de adaptaci\u00f3n que ayuda a reavivar la emoci\u00f3n por descubrir lo nuevo, a\u00fan en lo familiar.<\/p>\n<h4>Reflexiones finales<\/h4>\n<p>No es inusual que los viajeros colombianos sientan un vaiv\u00e9n emocional al regresar de vacaciones. La mezcla de alegr\u00eda, nostalgia y desilusi\u00f3n es parte integral del proceso de viajar. Aprender a manejar estos sentimientos y encontrar formas de disfrutarlos puede transformar la percepci\u00f3n de un regreso. Al final, cada viaje se convierte en una ense\u00f1anza sobre la importancia de vivir plenamente, tanto en la aventura como en la vida diaria. <\/p>\n<p>As\u00ed, cada retorno se transforma no solo en una llegada a casa, sino en una oportunidad para iniciar nuevas aventuras, incluso en el mismo lugar. \u00bfAcaso no es as\u00ed como se teje la rica trama de la vida misma?<\/p>\n<p><em> &#8221; Fuentes www.infobae.com &#8221; <\/em><\/p>\n","protected":false},"excerpt":{"rendered":"<p>La monta\u00f1a rusa emocional del viajero colombiano a su retorno Viajar es, para muchos, una de las experiencias m\u00e1s enriquecedoras y transformadoras. Sin embargo, el regreso a casa tras unas vacaciones no siempre est\u00e1 libre de sentimientos contradictorios. Recientes estudios han revelado el complejo espectro emocional que experimentan los colombianos al concluir sus escapadas, oscilando [&hellip;]<\/p>\n","protected":false},"author":4,"featured_media":1065331,"comment_status":"open","ping_status":"closed","sticky":false,"template":"","format":"standard","meta":{"om_disable_all_campaigns":false,"jnews-multi-image_gallery":[],"jnews_single_post":[],"jnews_primary_category":[],"jnews_social_meta":[],"footnotes":""},"categories":[39],"tags":[2420,2841,36404,39654,176687,1861,1598],"class_list":["post-1065330","post","type-post","status-publish","format-standard","has-post-thumbnail","hentry","category-viajes","tag-booking","tag-colombianos","tag-decepcion","tag-satisfaccion","tag-sentimientos","tag-vacaciones","tag-volver"],"_links":{"self":[{"href":"https:\/\/dimensionturistica.com\/es\/wp-json\/wp\/v2\/posts\/1065330","targetHints":{"allow":["GET"]}}],"collection":[{"href":"https:\/\/dimensionturistica.com\/es\/wp-json\/wp\/v2\/posts"}],"about":[{"href":"https:\/\/dimensionturistica.com\/es\/wp-json\/wp\/v2\/types\/post"}],"author":[{"embeddable":true,"href":"https:\/\/dimensionturistica.com\/es\/wp-json\/wp\/v2\/users\/4"}],"replies":[{"embeddable":true,"href":"https:\/\/dimensionturistica.com\/es\/wp-json\/wp\/v2\/comments?post=1065330"}],"version-history":[{"count":1,"href":"https:\/\/dimensionturistica.com\/es\/wp-json\/wp\/v2\/posts\/1065330\/revisions"}],"predecessor-version":[{"id":1065332,"href":"https:\/\/dimensionturistica.com\/es\/wp-json\/wp\/v2\/posts\/1065330\/revisions\/1065332"}],"wp:featuredmedia":[{"embeddable":true,"href":"https:\/\/dimensionturistica.com\/es\/wp-json\/wp\/v2\/media\/1065331"}],"wp:attachment":[{"href":"https:\/\/dimensionturistica.com\/es\/wp-json\/wp\/v2\/media?parent=1065330"}],"wp:term":[{"taxonomy":"category","embeddable":true,"href":"https:\/\/dimensionturistica.com\/es\/wp-json\/wp\/v2\/categories?post=1065330"},{"taxonomy":"post_tag","embeddable":true,"href":"https:\/\/dimensionturistica.com\/es\/wp-json\/wp\/v2\/tags?post=1065330"}],"curies":[{"name":"wp","href":"https:\/\/api.w.org\/{rel}","templated":true}]}}