{"id":1065301,"date":"2025-10-23T10:50:17","date_gmt":"2025-10-23T10:50:17","guid":{"rendered":"https:\/\/dimensionturistica.com\/es\/?p=1065301"},"modified":"2025-10-23T10:50:17","modified_gmt":"2025-10-23T10:50:17","slug":"doce-localidades-se-unen-para-rechazar-la-estrategia-turistica-del-gobierno","status":"publish","type":"post","link":"https:\/\/dimensionturistica.com\/es\/doce-localidades-se-unen-para-rechazar-la-estrategia-turistica-del-gobierno\/","title":{"rendered":"Doce localidades se unen para rechazar la estrategia tur\u00edstica del Gobierno"},"content":{"rendered":"<h3>El Renacer del Turismo Regional: Un Llamado a la Cooperaci\u00f3n<\/h3>\n<p>En un mundo donde las fronteras del turismo se desdibujan, el papel de las comunidades aut\u00f3nomas en Espa\u00f1a se vuelve cada vez m\u00e1s crucial. Hace poco, doce comunidades aut\u00f3nomas se unieron en un esfuerzo sin precedentes, firmando una declaraci\u00f3n que busca reivindicar un enfoque m\u00e1s equitativo y sostenible en la pol\u00edtica tur\u00edstica del Gobierno. Este movimiento resuena profundamente en el contexto actual, donde la presi\u00f3n sobre los destinos tur\u00edsticos tradicionales y emergentes se vuelve insostenible.<\/p>\n<p>Sanar el tejido del turismo no es solo una cuesti\u00f3n de cifras o estad\u00edsticas; se trata de proteger la riqueza cultural y natural que cada regi\u00f3n ofrece. Con un documento que articula sus preocupaciones, estos territorios buscan reforzar su autonom\u00eda y capacidad de decisi\u00f3n en el \u00e1mbito tur\u00edstico, devolviendo el protagonismo a la diversidad y singularidad de cada regi\u00f3n. La idea es clara: las comunidades conocen mejor sus din\u00e1micas, sus retos y sobre todo, su potencial.<\/p>\n<h3>La Diversidad en el Epicentro<\/h3>\n<p>Cada rinc\u00f3n de Espa\u00f1a, desde las monta\u00f1as de Asturias hasta las playas de Andaluc\u00eda, posee un atractivo \u00fanico que merece ser destacado. En vez de aplicar soluciones homog\u00e9neas desde un enfoque central, estas comunidades abogan por pol\u00edticas que respeten y resalten sus particularidades. El turismo que se adapta y se integra en la cultura local no solo beneficie a los viajeros, sino tambi\u00e9n a los residentes, fomentando un ambiente sostenible y pr\u00f3spero.<\/p>\n<p>En este contexto, la sostenibilidad se convierte en una piedra angular. Las firmantes reconocen la necesidad de un modelo que priorice la conservaci\u00f3n del patrimonio natural, social y cultural, enfrent\u00e1ndose as\u00ed a los grandes retos que plantea el turismo de masas. La llamada a una gesti\u00f3n responsable no solo apunta a la econom\u00eda, sino tambi\u00e9n a la calidad de vida de los ciudadanos.<\/p>\n<h3>La Colaboraci\u00f3n como Clave del \u00c9xito<\/h3>\n<p>El compromiso de estas comunidades no solo trata de una demanda de atenci\u00f3n por parte de las autoridades, sino tambi\u00e9n de un impulso hacia la colaboraci\u00f3n y la cooperaci\u00f3n. En un panorama tur\u00edstico global donde las interacciones y sinergias pueden marcar la diferencia, la solidaridad entre territorios es m\u00e1s importante que nunca. Esta uni\u00f3n demuestra que el intercambio de ideas y buenas pr\u00e1cticas puede ser una fuente de riqueza invaluable.<\/p>\n<p>Las experiencias compartidas entre estas comunidades aut\u00f3nomas pueden abrir caminos hacia un turismo m\u00e1s inclusivo y responsable, que no s\u00f3lo atraiga al visitante, sino que tambi\u00e9n lo invite a sumergirse y experimentar la autenticidad de cada lugar. \u00bfQu\u00e9 mejor manera de recorrer Espa\u00f1a que a trav\u00e9s de sus tradiciones, su gastronom\u00eda y su hospitalidad?<\/p>\n<h3>Mirando Hacia el Futuro<\/h3>\n<p>El movimiento impulsado por estas doce comunidades aut\u00f3nomas no es solo un grito de alerta; es un manifiesto esperanzador por un turismo que respete el equilibrio entre el desarrollo econ\u00f3mico y la conservaci\u00f3n. A medida que avanzamos hacia el futuro, se presenta la enorme oportunidad de redise\u00f1ar la forma en que entendemos y practicamos el turismo en Espa\u00f1a.<\/p>\n<p>A medida que los viajeros buscan experiencias aut\u00e9nticas y significativas, el desaf\u00edo ser\u00e1 transformar esta declaraci\u00f3n en acciones concretas que fortalezcan la identidad regional y fomenten un turismo que beneficie a todos. Despu\u00e9s de todo, el turismo deber\u00eda ser un puente que conecte a las personas con las historias y leyendas de cada lugar, un viaje que celebre la diversidad y el patrimonio que hace de Espa\u00f1a un destino tan singular.<\/p>\n<p>Esta nueva era del turismo regional no solo promete revitalizar comunidades, sino tambi\u00e9n construir un futuro m\u00e1s brillante y sostenible para las generaciones venideras. \u00a1El camino ya est\u00e1 trazado y la aventura apenas comienza!<\/p>\n<p><em> &#8221; Sources www.rtpa.es &#8221; <\/em><\/p>\n","protected":false},"excerpt":{"rendered":"<p>El Renacer del Turismo Regional: Un Llamado a la Cooperaci\u00f3n En un mundo donde las fronteras del turismo se desdibujan, el papel de las comunidades aut\u00f3nomas en Espa\u00f1a se vuelve cada vez m\u00e1s crucial. Hace poco, doce comunidades aut\u00f3nomas se unieron en un esfuerzo sin precedentes, firmando una declaraci\u00f3n que busca reivindicar un enfoque m\u00e1s [&hellip;]<\/p>\n","protected":false},"author":4,"featured_media":1065302,"comment_status":"open","ping_status":"closed","sticky":false,"template":"","format":"standard","meta":{"om_disable_all_campaigns":false,"jnews-multi-image_gallery":[],"jnews_single_post":[],"jnews_primary_category":[],"jnews_social_meta":[],"footnotes":""},"categories":[40],"tags":[48669,2756,1918,173426,698,14669,546,600,544,1916],"class_list":["post-1065301","post","type-post","status-publish","format-standard","has-post-thumbnail","hentry","category-industria","tag-activismo","tag-comunidades","tag-declaracion","tag-desarrollo-local","tag-gobierno","tag-oposicion","tag-politica","tag-sostenibilidad","tag-turismo","tag-turismo-responsable"],"_links":{"self":[{"href":"https:\/\/dimensionturistica.com\/es\/wp-json\/wp\/v2\/posts\/1065301","targetHints":{"allow":["GET"]}}],"collection":[{"href":"https:\/\/dimensionturistica.com\/es\/wp-json\/wp\/v2\/posts"}],"about":[{"href":"https:\/\/dimensionturistica.com\/es\/wp-json\/wp\/v2\/types\/post"}],"author":[{"embeddable":true,"href":"https:\/\/dimensionturistica.com\/es\/wp-json\/wp\/v2\/users\/4"}],"replies":[{"embeddable":true,"href":"https:\/\/dimensionturistica.com\/es\/wp-json\/wp\/v2\/comments?post=1065301"}],"version-history":[{"count":1,"href":"https:\/\/dimensionturistica.com\/es\/wp-json\/wp\/v2\/posts\/1065301\/revisions"}],"predecessor-version":[{"id":1065303,"href":"https:\/\/dimensionturistica.com\/es\/wp-json\/wp\/v2\/posts\/1065301\/revisions\/1065303"}],"wp:featuredmedia":[{"embeddable":true,"href":"https:\/\/dimensionturistica.com\/es\/wp-json\/wp\/v2\/media\/1065302"}],"wp:attachment":[{"href":"https:\/\/dimensionturistica.com\/es\/wp-json\/wp\/v2\/media?parent=1065301"}],"wp:term":[{"taxonomy":"category","embeddable":true,"href":"https:\/\/dimensionturistica.com\/es\/wp-json\/wp\/v2\/categories?post=1065301"},{"taxonomy":"post_tag","embeddable":true,"href":"https:\/\/dimensionturistica.com\/es\/wp-json\/wp\/v2\/tags?post=1065301"}],"curies":[{"name":"wp","href":"https:\/\/api.w.org\/{rel}","templated":true}]}}