{"id":106509,"date":"2021-04-02T10:01:57","date_gmt":"2021-04-02T10:01:57","guid":{"rendered":"https:\/\/dimensionturistica.com\/es\/?p=106509"},"modified":"2021-04-02T10:01:57","modified_gmt":"2021-04-02T10:01:57","slug":"sicarios-desatan-ataque-armado-en-el-crucero","status":"publish","type":"post","link":"https:\/\/dimensionturistica.com\/es\/sicarios-desatan-ataque-armado-en-el-crucero\/","title":{"rendered":"Sicarios desatan ataque armado en \u2018El Crucero\u2019"},"content":{"rendered":"<p> <br \/>\n<\/p>\n<div>\n<div class=\"col-xs-12 col-sm-12 col-md-12 col-lg-12 cuerpo-nota\">\n<p>CANC\u00daN.- Tres personas heridas por impactos de bala es el reporte preliminar de un ataque armado registrado en la zona conocida como El Crucero, minutos despu\u00e9s de las 23 horas de hoy, 21 de marzo de 2020.\u00a0\u00a0<\/p>\n<p>Los hechos ocurrieron en la Regi\u00f3n 64, calle 10 con 30, en la esquina del bar Capri y contra esquina del resort Maritere.<\/p>\n<p>Vecinos alertaron a las autoridades y medios de comunicaci\u00f3n sobre las r\u00e1fagas que ensordecieron sus hogares y que activaron las sirenas en Canc\u00fan.\u00a0<\/p>\n<p>Al lugar, llegaron ambulancias para trasladar a los lesionados de emergencia a un hospital de este polo tur\u00edstico.\u00a0<\/p>\n<p>En estos momentos, private de seguridad y de justicia busca indicios que conduzcan a la aprehensi\u00f3n de los responsables de estos hechos.\u00a0<\/p>\n<p><em>(M\u00e1s informaci\u00f3n en desarrollo)<\/em><\/p>\n<\/div>\n<\/div>\n\n<p><em> &#8221; Fuentes sipse.com &#8221; <\/em><\/p>\n","protected":false},"excerpt":{"rendered":"<p>CANC\u00daN.- Tres personas heridas por impactos de bala es el reporte preliminar de un ataque armado registrado en la zona conocida como El Crucero, minutos despu\u00e9s de las 23 horas de hoy, 21 de marzo de 2020.\u00a0\u00a0 Los hechos ocurrieron en la Regi\u00f3n 64, calle 10 con 30, en la esquina del bar Capri y [&hellip;]<\/p>\n","protected":false},"author":4,"featured_media":106510,"comment_status":"open","ping_status":"closed","sticky":false,"template":"","format":"standard","meta":{"om_disable_all_campaigns":false,"jnews-multi-image_gallery":[],"jnews_single_post":[],"jnews_primary_category":[],"jnews_social_meta":[],"footnotes":""},"categories":[41],"tags":[21329,14382],"class_list":["post-106509","post","type-post","status-publish","format-standard","has-post-thumbnail","hentry","category-cruceros","tag-balacera-en-cancun","tag-el-crucero"],"_links":{"self":[{"href":"https:\/\/dimensionturistica.com\/es\/wp-json\/wp\/v2\/posts\/106509","targetHints":{"allow":["GET"]}}],"collection":[{"href":"https:\/\/dimensionturistica.com\/es\/wp-json\/wp\/v2\/posts"}],"about":[{"href":"https:\/\/dimensionturistica.com\/es\/wp-json\/wp\/v2\/types\/post"}],"author":[{"embeddable":true,"href":"https:\/\/dimensionturistica.com\/es\/wp-json\/wp\/v2\/users\/4"}],"replies":[{"embeddable":true,"href":"https:\/\/dimensionturistica.com\/es\/wp-json\/wp\/v2\/comments?post=106509"}],"version-history":[{"count":0,"href":"https:\/\/dimensionturistica.com\/es\/wp-json\/wp\/v2\/posts\/106509\/revisions"}],"wp:featuredmedia":[{"embeddable":true,"href":"https:\/\/dimensionturistica.com\/es\/wp-json\/wp\/v2\/media\/106510"}],"wp:attachment":[{"href":"https:\/\/dimensionturistica.com\/es\/wp-json\/wp\/v2\/media?parent=106509"}],"wp:term":[{"taxonomy":"category","embeddable":true,"href":"https:\/\/dimensionturistica.com\/es\/wp-json\/wp\/v2\/categories?post=106509"},{"taxonomy":"post_tag","embeddable":true,"href":"https:\/\/dimensionturistica.com\/es\/wp-json\/wp\/v2\/tags?post=106509"}],"curies":[{"name":"wp","href":"https:\/\/api.w.org\/{rel}","templated":true}]}}